{"id":9664,"date":"2022-08-06T12:39:05","date_gmt":"2022-08-06T10:39:05","guid":{"rendered":"http:\/\/blog.pfadfinder-kuppenheim.de\/?p=9664"},"modified":"2026-03-20T23:32:48","modified_gmt":"2026-03-20T22:32:48","slug":"pfadisalat-tag-4-ausfluege","status":"publish","type":"post","link":"https:\/\/pfadfinder-kuppenheim.de\/?p=9664","title":{"rendered":"Pfadisalat Tag 4 &#8211; Ausfl\u00fcge"},"content":{"rendered":"\n<p>Am 4. Tage des Pfadisalats gingen die Pfadis auf Ausfl\u00fcge, die sie sich selbst vorher ausgesucht hatten. Darunter beispielsweise auf einen nahegelegenen Bauernhof, auf dem holl\u00e4ndischer K\u00e4se nach alter Tradition hergestellt wird, Fahrrad fahren, Geocachen, Fl\u00f6\u00dfe bauen, Bogen schie\u00dfen und auch ein Ausflug nach Amsterdam war dabei.<\/p>\n\n\n\n<p>Jonas schreibt \u00fcber den Ausflug nach Amsterdam:<\/p>\n\n\n\n<p>Dienstag 02.08.2022, Amstiii<br>Heute war Ausflugstag. Bei der heutigen Morgenrunde haben wir erfahren, dass wir einige der Gl\u00fccklichen sind, die mit nach Amsterdam (Amstiii) fahren d\u00fcrfen. Und das ist bei einer Teilnehmeranzahl von glaube 850 Personen und 50 freien Pl\u00e4tzen eine beachtliche Leistung.<br>Um in Amsti genug Zeit zu haben, wurden wir von unseren Leitern eindeutig zu fr\u00fch aus den Zelten geworfen.<br>Wir m\u00fcssen uns im Lager jeden Tag testen und da unsere Leiterin diesbez\u00fcglich etwas paranoid und pingelig ist, musste ich den ganzen Zeltplatz zur\u00fcck sprinten um ihr das negative Ergebnis zu zeigen. Zum Gl\u00fcck musste Marisa mit gehen da einige Kuppenheimer vergessen hatten Ihren Perso von ihren Leitern mitzunehmen.<br>In Ommen am Bahnhof angekommen haben wir im Schatten auf den Zug gewartet. Allerdings wollte der Schaffner (oder was auch immer sein Job war) nicht so viele Menschen auf einmal in den Zug lassen. Das erkl\u00e4rt er uns auf Niederl\u00e4ndisch (auch nachdem wir ihn um Englisch baten) was wir definitiv verstanden. Nicht. Dann m\u00fcssten wir in der Hitze eine halbe Stunde auf den n\u00e4chsten warten. In den Zug sind wir dann einfach alle schnell eingestiegen.<br>Von Zwolle ging es dann direkt nach Amsterdam. Die Umgebung, die wir w\u00e4hrend der Zugfahrt zu Gesicht bekamen, war ziemlich grau und eint\u00f6nig, aber das \u00e4nderte sich schlagartig als wir in Amsterdam aus dem Hauptbahnhof trauen. Zuerst starteten wir mit einem Action-Bound durch die Stadt um einem \u00dcberblick zu bekommen.<br>Zum Entsetzen unserer Leiterin begann die Tour im Rotlichtviertel, welche sich direkt angrenzend an eine Kirche befand, in welcher Rembrandt seine Frau geheiratet hatte. (Dem Action-Bound sei Dank, dass wir dass jetzt wissen)<br>In Amsterdam sind au\u00dferdem zahlreiche Sexshops, sowie Sex und Prostitution Museen. Nachdem wir als 9-er Gruppe aus unserm SUB-Camp (Jonas, Paul, Luan, Jonathan, Noah, Marisa, Leonie, Amelie, Hannah), ausschlie\u00dflich bestehend aus Ha\u00dfmersheimer und Kuppenheimer, einige Sehensw\u00fcrdigkeiten besichtigt haben machten wir eine kleine Essenspause am Kanalufer. Wir a\u00dfen unser Essen vom Schnell-Asiaten, von MC-Donalds und von einem D\u00f6ner. Nach einem kurzem Powernap gingen wir weiter. Kurz danach teilten wir uns in zwei Gruppen um noch auf eigene Faust Amsterdam zu erkunden. Die Kuppenheimer Jungs Gruppe ging wieder die legalen Cannabis Pflanzen und den seltsamen T\u00e4nzer auf einem Balkon besichtigen. Von dem sie absolut begeistert waren.<br>Die M\u00e4delsgruppe und Noah ging f\u00fcr NEUN EURO Waffeln essen. Nachdem wir noch etwas durch die Einkaufsmeile und weitere kleine Gassen mit allerlei Gesch\u00e4ften geschlendert sind haben wir eine kleine Flasche Sprudel f\u00fcr SIEBEN EURO gekauft.<br>Auf der Zugfahrt zur\u00fcck nach Zwolle, die \u00fcber eine Stunde dauerte, m\u00fcssten wir leider stehen, da wir nicht in das 1. Klasse-Abteil d\u00fcrften. Am Ende war es eine sch\u00f6ne Erfahrung auch wenn wir alle etwas zu viel Amsterdam Luft abbekommen hatten.<\/p>\n\n\n\n<p>Tom Schreibt \u00fcber das Schwimmbad in Ommen:<\/p>\n\n\n\n<p>Am Dienstag sind wir mit rund 35 Pfadfinder*innen ins Freibad in Ommen gegangen. Es war ein sonniger Tag und es waren wenige Badeg\u00e4ste au\u00dfer uns im Schwimmbad. Der Ausflug bot eine angenehme Abk\u00fchlung und war insgesamt sehr gut.<\/p>\n\n\n\n<p>Jan schreibt \u00fcbers Kanu-Fahren:<\/p>\n\n\n\n<p>Ich bin mit meinem Subcamp und einem Weiteren gemeinsam Kanu gefahren. Wir sind ein Fluss entlang gepaddelt bis wir eine sch\u00f6ne Stelle zum Essen gefunden haben. Danach sind wir gegen den Strom zur\u00fcck gepaddelt und haben ein gemeinsames Rennen bis zu einer Br\u00fccke gestartet. Am Ende sind wir noch an der Beachbar vorbeigekommen.<\/p>\n\n\n\n<figure class=\"wp-block-gallery has-nested-images columns-2 is-cropped wp-block-gallery-1 is-layout-flex wp-block-gallery-is-layout-flex\">\n<figure class=\"wp-block-image size-large\"><img data-recalc-dims=\"1\" loading=\"lazy\" decoding=\"async\" width=\"1024\" height=\"768\" data-id=\"9675\" src=\"https:\/\/i0.wp.com\/blog.pfadfinder-kuppenheim.de\/wp-content\/uploads\/2022\/08\/DSCN7292-1024x768.jpg?resize=1024%2C768\" alt=\"\" class=\"wp-image-9675\" srcset=\"https:\/\/i0.wp.com\/pfadfinder-kuppenheim.de\/wp-content\/uploads\/2022\/08\/DSCN7292-scaled.jpg?resize=1024%2C768&amp;ssl=1 1024w, https:\/\/i0.wp.com\/pfadfinder-kuppenheim.de\/wp-content\/uploads\/2022\/08\/DSCN7292-scaled.jpg?resize=300%2C225&amp;ssl=1 300w, https:\/\/i0.wp.com\/pfadfinder-kuppenheim.de\/wp-content\/uploads\/2022\/08\/DSCN7292-scaled.jpg?resize=768%2C576&amp;ssl=1 768w, https:\/\/i0.wp.com\/pfadfinder-kuppenheim.de\/wp-content\/uploads\/2022\/08\/DSCN7292-scaled.jpg?resize=1536%2C1152&amp;ssl=1 1536w, https:\/\/i0.wp.com\/pfadfinder-kuppenheim.de\/wp-content\/uploads\/2022\/08\/DSCN7292-scaled.jpg?resize=2048%2C1536&amp;ssl=1 2048w, https:\/\/i0.wp.com\/pfadfinder-kuppenheim.de\/wp-content\/uploads\/2022\/08\/DSCN7292-scaled.jpg?resize=750%2C563&amp;ssl=1 750w, https:\/\/i0.wp.com\/pfadfinder-kuppenheim.de\/wp-content\/uploads\/2022\/08\/DSCN7292-scaled.jpg?w=2400&amp;ssl=1 2400w\" sizes=\"auto, (max-width: 1024px) 100vw, 1024px\" \/><\/figure>\n\n\n\n<figure class=\"wp-block-image size-large\"><img data-recalc-dims=\"1\" loading=\"lazy\" decoding=\"async\" width=\"1024\" height=\"768\" data-id=\"9676\" src=\"https:\/\/i0.wp.com\/blog.pfadfinder-kuppenheim.de\/wp-content\/uploads\/2022\/08\/DSCN7293-1024x768.jpg?resize=1024%2C768\" alt=\"\" class=\"wp-image-9676\" srcset=\"https:\/\/i0.wp.com\/pfadfinder-kuppenheim.de\/wp-content\/uploads\/2022\/08\/DSCN7293-scaled.jpg?resize=1024%2C768&amp;ssl=1 1024w, https:\/\/i0.wp.com\/pfadfinder-kuppenheim.de\/wp-content\/uploads\/2022\/08\/DSCN7293-scaled.jpg?resize=300%2C225&amp;ssl=1 300w, https:\/\/i0.wp.com\/pfadfinder-kuppenheim.de\/wp-content\/uploads\/2022\/08\/DSCN7293-scaled.jpg?resize=768%2C576&amp;ssl=1 768w, https:\/\/i0.wp.com\/pfadfinder-kuppenheim.de\/wp-content\/uploads\/2022\/08\/DSCN7293-scaled.jpg?resize=1536%2C1152&amp;ssl=1 1536w, https:\/\/i0.wp.com\/pfadfinder-kuppenheim.de\/wp-content\/uploads\/2022\/08\/DSCN7293-scaled.jpg?resize=2048%2C1536&amp;ssl=1 2048w, https:\/\/i0.wp.com\/pfadfinder-kuppenheim.de\/wp-content\/uploads\/2022\/08\/DSCN7293-scaled.jpg?resize=750%2C563&amp;ssl=1 750w, https:\/\/i0.wp.com\/pfadfinder-kuppenheim.de\/wp-content\/uploads\/2022\/08\/DSCN7293-scaled.jpg?w=2400&amp;ssl=1 2400w\" sizes=\"auto, (max-width: 1024px) 100vw, 1024px\" \/><\/figure>\n\n\n\n<figure class=\"wp-block-image size-large\"><img data-recalc-dims=\"1\" loading=\"lazy\" decoding=\"async\" width=\"1024\" height=\"768\" data-id=\"9673\" src=\"https:\/\/i0.wp.com\/blog.pfadfinder-kuppenheim.de\/wp-content\/uploads\/2022\/08\/DSCN7294-1024x768.jpg?resize=1024%2C768\" alt=\"\" class=\"wp-image-9673\" srcset=\"https:\/\/i0.wp.com\/pfadfinder-kuppenheim.de\/wp-content\/uploads\/2022\/08\/DSCN7294-scaled.jpg?resize=1024%2C768&amp;ssl=1 1024w, https:\/\/i0.wp.com\/pfadfinder-kuppenheim.de\/wp-content\/uploads\/2022\/08\/DSCN7294-scaled.jpg?resize=300%2C225&amp;ssl=1 300w, https:\/\/i0.wp.com\/pfadfinder-kuppenheim.de\/wp-content\/uploads\/2022\/08\/DSCN7294-scaled.jpg?resize=768%2C576&amp;ssl=1 768w, https:\/\/i0.wp.com\/pfadfinder-kuppenheim.de\/wp-content\/uploads\/2022\/08\/DSCN7294-scaled.jpg?resize=1536%2C1152&amp;ssl=1 1536w, https:\/\/i0.wp.com\/pfadfinder-kuppenheim.de\/wp-content\/uploads\/2022\/08\/DSCN7294-scaled.jpg?resize=2048%2C1536&amp;ssl=1 2048w, https:\/\/i0.wp.com\/pfadfinder-kuppenheim.de\/wp-content\/uploads\/2022\/08\/DSCN7294-scaled.jpg?resize=750%2C563&amp;ssl=1 750w, https:\/\/i0.wp.com\/pfadfinder-kuppenheim.de\/wp-content\/uploads\/2022\/08\/DSCN7294-scaled.jpg?w=2400&amp;ssl=1 2400w\" sizes=\"auto, (max-width: 1024px) 100vw, 1024px\" \/><\/figure>\n\n\n\n<figure class=\"wp-block-image size-large\"><img data-recalc-dims=\"1\" loading=\"lazy\" decoding=\"async\" width=\"1024\" height=\"768\" data-id=\"9674\" src=\"https:\/\/i0.wp.com\/blog.pfadfinder-kuppenheim.de\/wp-content\/uploads\/2022\/08\/DSCN7295-1024x768.jpg?resize=1024%2C768\" alt=\"\" class=\"wp-image-9674\" srcset=\"https:\/\/i0.wp.com\/pfadfinder-kuppenheim.de\/wp-content\/uploads\/2022\/08\/DSCN7295-scaled.jpg?resize=1024%2C768&amp;ssl=1 1024w, https:\/\/i0.wp.com\/pfadfinder-kuppenheim.de\/wp-content\/uploads\/2022\/08\/DSCN7295-scaled.jpg?resize=300%2C225&amp;ssl=1 300w, https:\/\/i0.wp.com\/pfadfinder-kuppenheim.de\/wp-content\/uploads\/2022\/08\/DSCN7295-scaled.jpg?resize=768%2C576&amp;ssl=1 768w, https:\/\/i0.wp.com\/pfadfinder-kuppenheim.de\/wp-content\/uploads\/2022\/08\/DSCN7295-scaled.jpg?resize=1536%2C1152&amp;ssl=1 1536w, https:\/\/i0.wp.com\/pfadfinder-kuppenheim.de\/wp-content\/uploads\/2022\/08\/DSCN7295-scaled.jpg?resize=2048%2C1536&amp;ssl=1 2048w, https:\/\/i0.wp.com\/pfadfinder-kuppenheim.de\/wp-content\/uploads\/2022\/08\/DSCN7295-scaled.jpg?resize=750%2C563&amp;ssl=1 750w, https:\/\/i0.wp.com\/pfadfinder-kuppenheim.de\/wp-content\/uploads\/2022\/08\/DSCN7295-scaled.jpg?w=2400&amp;ssl=1 2400w\" sizes=\"auto, (max-width: 1024px) 100vw, 1024px\" \/><\/figure>\n\n\n\n<figure class=\"wp-block-image size-large\"><img data-recalc-dims=\"1\" loading=\"lazy\" decoding=\"async\" width=\"1024\" height=\"768\" data-id=\"9672\" src=\"https:\/\/i0.wp.com\/blog.pfadfinder-kuppenheim.de\/wp-content\/uploads\/2022\/08\/DSCN7296-1024x768.jpg?resize=1024%2C768\" alt=\"\" class=\"wp-image-9672\" srcset=\"https:\/\/i0.wp.com\/pfadfinder-kuppenheim.de\/wp-content\/uploads\/2022\/08\/DSCN7296-scaled.jpg?resize=1024%2C768&amp;ssl=1 1024w, https:\/\/i0.wp.com\/pfadfinder-kuppenheim.de\/wp-content\/uploads\/2022\/08\/DSCN7296-scaled.jpg?resize=300%2C225&amp;ssl=1 300w, https:\/\/i0.wp.com\/pfadfinder-kuppenheim.de\/wp-content\/uploads\/2022\/08\/DSCN7296-scaled.jpg?resize=768%2C576&amp;ssl=1 768w, https:\/\/i0.wp.com\/pfadfinder-kuppenheim.de\/wp-content\/uploads\/2022\/08\/DSCN7296-scaled.jpg?resize=1536%2C1152&amp;ssl=1 1536w, https:\/\/i0.wp.com\/pfadfinder-kuppenheim.de\/wp-content\/uploads\/2022\/08\/DSCN7296-scaled.jpg?resize=2048%2C1536&amp;ssl=1 2048w, https:\/\/i0.wp.com\/pfadfinder-kuppenheim.de\/wp-content\/uploads\/2022\/08\/DSCN7296-scaled.jpg?resize=750%2C563&amp;ssl=1 750w, https:\/\/i0.wp.com\/pfadfinder-kuppenheim.de\/wp-content\/uploads\/2022\/08\/DSCN7296-scaled.jpg?w=2400&amp;ssl=1 2400w\" sizes=\"auto, (max-width: 1024px) 100vw, 1024px\" \/><\/figure>\n\n\n\n<figure class=\"wp-block-image size-large\"><img data-recalc-dims=\"1\" loading=\"lazy\" decoding=\"async\" width=\"1024\" height=\"768\" data-id=\"9671\" src=\"https:\/\/i0.wp.com\/blog.pfadfinder-kuppenheim.de\/wp-content\/uploads\/2022\/08\/DSCN7297-1024x768.jpg?resize=1024%2C768\" alt=\"\" class=\"wp-image-9671\" srcset=\"https:\/\/i0.wp.com\/pfadfinder-kuppenheim.de\/wp-content\/uploads\/2022\/08\/DSCN7297-scaled.jpg?resize=1024%2C768&amp;ssl=1 1024w, https:\/\/i0.wp.com\/pfadfinder-kuppenheim.de\/wp-content\/uploads\/2022\/08\/DSCN7297-scaled.jpg?resize=300%2C225&amp;ssl=1 300w, https:\/\/i0.wp.com\/pfadfinder-kuppenheim.de\/wp-content\/uploads\/2022\/08\/DSCN7297-scaled.jpg?resize=768%2C576&amp;ssl=1 768w, https:\/\/i0.wp.com\/pfadfinder-kuppenheim.de\/wp-content\/uploads\/2022\/08\/DSCN7297-scaled.jpg?resize=1536%2C1152&amp;ssl=1 1536w, https:\/\/i0.wp.com\/pfadfinder-kuppenheim.de\/wp-content\/uploads\/2022\/08\/DSCN7297-scaled.jpg?resize=2048%2C1536&amp;ssl=1 2048w, https:\/\/i0.wp.com\/pfadfinder-kuppenheim.de\/wp-content\/uploads\/2022\/08\/DSCN7297-scaled.jpg?resize=750%2C563&amp;ssl=1 750w, https:\/\/i0.wp.com\/pfadfinder-kuppenheim.de\/wp-content\/uploads\/2022\/08\/DSCN7297-scaled.jpg?w=2400&amp;ssl=1 2400w\" sizes=\"auto, (max-width: 1024px) 100vw, 1024px\" \/><\/figure>\n\n\n\n<figure class=\"wp-block-image size-large\"><img data-recalc-dims=\"1\" loading=\"lazy\" decoding=\"async\" width=\"1024\" height=\"768\" data-id=\"9677\" src=\"https:\/\/i0.wp.com\/blog.pfadfinder-kuppenheim.de\/wp-content\/uploads\/2022\/08\/DSCN7298-1024x768.jpg?resize=1024%2C768\" alt=\"\" class=\"wp-image-9677\" srcset=\"https:\/\/i0.wp.com\/pfadfinder-kuppenheim.de\/wp-content\/uploads\/2022\/08\/DSCN7298-scaled.jpg?resize=1024%2C768&amp;ssl=1 1024w, https:\/\/i0.wp.com\/pfadfinder-kuppenheim.de\/wp-content\/uploads\/2022\/08\/DSCN7298-scaled.jpg?resize=300%2C225&amp;ssl=1 300w, https:\/\/i0.wp.com\/pfadfinder-kuppenheim.de\/wp-content\/uploads\/2022\/08\/DSCN7298-scaled.jpg?resize=768%2C576&amp;ssl=1 768w, https:\/\/i0.wp.com\/pfadfinder-kuppenheim.de\/wp-content\/uploads\/2022\/08\/DSCN7298-scaled.jpg?resize=1536%2C1152&amp;ssl=1 1536w, https:\/\/i0.wp.com\/pfadfinder-kuppenheim.de\/wp-content\/uploads\/2022\/08\/DSCN7298-scaled.jpg?resize=2048%2C1536&amp;ssl=1 2048w, https:\/\/i0.wp.com\/pfadfinder-kuppenheim.de\/wp-content\/uploads\/2022\/08\/DSCN7298-scaled.jpg?resize=750%2C563&amp;ssl=1 750w, https:\/\/i0.wp.com\/pfadfinder-kuppenheim.de\/wp-content\/uploads\/2022\/08\/DSCN7298-scaled.jpg?w=2400&amp;ssl=1 2400w\" sizes=\"auto, (max-width: 1024px) 100vw, 1024px\" \/><\/figure>\n<figcaption class=\"blocks-gallery-caption\">Bilder vom Geocachen <\/figcaption><\/figure>\n\n\n\n<figure class=\"wp-block-gallery has-nested-images columns-default is-cropped wp-block-gallery-2 is-layout-flex wp-block-gallery-is-layout-flex\">\n<figure class=\"wp-block-image size-large\"><img data-recalc-dims=\"1\" loading=\"lazy\" decoding=\"async\" width=\"1024\" height=\"768\" data-id=\"9679\" src=\"https:\/\/i0.wp.com\/blog.pfadfinder-kuppenheim.de\/wp-content\/uploads\/2022\/08\/DSCN7299-1024x768.jpg?resize=1024%2C768\" alt=\"\" class=\"wp-image-9679\" srcset=\"https:\/\/i0.wp.com\/pfadfinder-kuppenheim.de\/wp-content\/uploads\/2022\/08\/DSCN7299-scaled.jpg?resize=1024%2C768&amp;ssl=1 1024w, https:\/\/i0.wp.com\/pfadfinder-kuppenheim.de\/wp-content\/uploads\/2022\/08\/DSCN7299-scaled.jpg?resize=300%2C225&amp;ssl=1 300w, https:\/\/i0.wp.com\/pfadfinder-kuppenheim.de\/wp-content\/uploads\/2022\/08\/DSCN7299-scaled.jpg?resize=768%2C576&amp;ssl=1 768w, https:\/\/i0.wp.com\/pfadfinder-kuppenheim.de\/wp-content\/uploads\/2022\/08\/DSCN7299-scaled.jpg?resize=1536%2C1152&amp;ssl=1 1536w, https:\/\/i0.wp.com\/pfadfinder-kuppenheim.de\/wp-content\/uploads\/2022\/08\/DSCN7299-scaled.jpg?resize=2048%2C1536&amp;ssl=1 2048w, https:\/\/i0.wp.com\/pfadfinder-kuppenheim.de\/wp-content\/uploads\/2022\/08\/DSCN7299-scaled.jpg?resize=750%2C563&amp;ssl=1 750w, https:\/\/i0.wp.com\/pfadfinder-kuppenheim.de\/wp-content\/uploads\/2022\/08\/DSCN7299-scaled.jpg?w=2400&amp;ssl=1 2400w\" sizes=\"auto, (max-width: 1024px) 100vw, 1024px\" \/><\/figure>\n\n\n\n<figure class=\"wp-block-image size-large\"><img data-recalc-dims=\"1\" loading=\"lazy\" decoding=\"async\" width=\"1024\" height=\"768\" data-id=\"9680\" src=\"https:\/\/i0.wp.com\/blog.pfadfinder-kuppenheim.de\/wp-content\/uploads\/2022\/08\/DSCN7300-1-1024x768.jpg?resize=1024%2C768\" alt=\"\" class=\"wp-image-9680\" srcset=\"https:\/\/i0.wp.com\/pfadfinder-kuppenheim.de\/wp-content\/uploads\/2022\/08\/DSCN7300-1-scaled.jpg?resize=1024%2C768&amp;ssl=1 1024w, https:\/\/i0.wp.com\/pfadfinder-kuppenheim.de\/wp-content\/uploads\/2022\/08\/DSCN7300-1-scaled.jpg?resize=300%2C225&amp;ssl=1 300w, https:\/\/i0.wp.com\/pfadfinder-kuppenheim.de\/wp-content\/uploads\/2022\/08\/DSCN7300-1-scaled.jpg?resize=768%2C576&amp;ssl=1 768w, https:\/\/i0.wp.com\/pfadfinder-kuppenheim.de\/wp-content\/uploads\/2022\/08\/DSCN7300-1-scaled.jpg?resize=1536%2C1152&amp;ssl=1 1536w, https:\/\/i0.wp.com\/pfadfinder-kuppenheim.de\/wp-content\/uploads\/2022\/08\/DSCN7300-1-scaled.jpg?resize=2048%2C1536&amp;ssl=1 2048w, https:\/\/i0.wp.com\/pfadfinder-kuppenheim.de\/wp-content\/uploads\/2022\/08\/DSCN7300-1-scaled.jpg?resize=750%2C563&amp;ssl=1 750w, https:\/\/i0.wp.com\/pfadfinder-kuppenheim.de\/wp-content\/uploads\/2022\/08\/DSCN7300-1-scaled.jpg?w=2400&amp;ssl=1 2400w\" sizes=\"auto, (max-width: 1024px) 100vw, 1024px\" \/><\/figure>\n<figcaption class=\"blocks-gallery-caption\">Spontane Party am Abend<\/figcaption><\/figure>\n","protected":false},"excerpt":{"rendered":"<p>Am 4. Tage des Pfadisalats gingen die Pfadis auf Ausfl\u00fcge, die sie sich selbst vorher ausgesucht hatten. Darunter beispielsweise auf einen nahegelegenen Bauernhof, auf dem holl\u00e4ndischer K\u00e4se nach alter Tradition hergestellt wird, Fahrrad fahren, Geocachen, Fl\u00f6\u00dfe bauen, Bogen schie\u00dfen und auch ein Ausflug nach Amsterdam war dabei. Jonas schreibt \u00fcber den Ausflug nach Amsterdam: Dienstag&hellip;&nbsp;<a href=\"https:\/\/pfadfinder-kuppenheim.de\/?p=9664\" class=\"\" rel=\"bookmark\">Weiterlesen &raquo;<span class=\"screen-reader-text\">Pfadisalat Tag 4 &#8211; Ausfl\u00fcge<\/span><\/a><\/p>\n","protected":false},"author":18,"featured_media":0,"comment_status":"open","ping_status":"closed","sticky":false,"template":"","format":"standard","meta":{"neve_meta_sidebar":"","neve_meta_container":"","neve_meta_enable_content_width":"","neve_meta_content_width":0,"neve_meta_title_alignment":"","neve_meta_author_avatar":"","neve_post_elements_order":"","neve_meta_disable_header":"","neve_meta_disable_footer":"","neve_meta_disable_title":"","jetpack_post_was_ever_published":false,"_jetpack_newsletter_access":"","_jetpack_dont_email_post_to_subs":false,"_jetpack_newsletter_tier_id":0,"_jetpack_memberships_contains_paywalled_content":false,"_jetpack_memberships_contains_paid_content":false,"footnotes":"","jetpack_publicize_message":"","jetpack_publicize_feature_enabled":true,"jetpack_social_post_already_shared":true,"jetpack_social_options":{"image_generator_settings":{"template":"highway","default_image_id":0,"font":"","enabled":false},"version":2}},"categories":[266,6,23],"tags":[110,94,84,100,93,78],"class_list":["post-9664","post","type-post","status-publish","format-standard","hentry","category-2022-pfadisalat-holland","category-pfadis","category-pfadis_sola_tagebuch","tag-amsterdam","tag-holland","tag-lagerdisco","tag-ommen","tag-pfadisalat","tag-sommerlager"],"jetpack_publicize_connections":[],"jetpack_featured_media_url":"","jetpack_sharing_enabled":true,"jetpack_shortlink":"https:\/\/wp.me\/p3G0PZ-2vS","_links":{"self":[{"href":"https:\/\/pfadfinder-kuppenheim.de\/index.php?rest_route=\/wp\/v2\/posts\/9664","targetHints":{"allow":["GET"]}}],"collection":[{"href":"https:\/\/pfadfinder-kuppenheim.de\/index.php?rest_route=\/wp\/v2\/posts"}],"about":[{"href":"https:\/\/pfadfinder-kuppenheim.de\/index.php?rest_route=\/wp\/v2\/types\/post"}],"author":[{"embeddable":true,"href":"https:\/\/pfadfinder-kuppenheim.de\/index.php?rest_route=\/wp\/v2\/users\/18"}],"replies":[{"embeddable":true,"href":"https:\/\/pfadfinder-kuppenheim.de\/index.php?rest_route=%2Fwp%2Fv2%2Fcomments&post=9664"}],"version-history":[{"count":4,"href":"https:\/\/pfadfinder-kuppenheim.de\/index.php?rest_route=\/wp\/v2\/posts\/9664\/revisions"}],"predecessor-version":[{"id":9727,"href":"https:\/\/pfadfinder-kuppenheim.de\/index.php?rest_route=\/wp\/v2\/posts\/9664\/revisions\/9727"}],"wp:attachment":[{"href":"https:\/\/pfadfinder-kuppenheim.de\/index.php?rest_route=%2Fwp%2Fv2%2Fmedia&parent=9664"}],"wp:term":[{"taxonomy":"category","embeddable":true,"href":"https:\/\/pfadfinder-kuppenheim.de\/index.php?rest_route=%2Fwp%2Fv2%2Fcategories&post=9664"},{"taxonomy":"post_tag","embeddable":true,"href":"https:\/\/pfadfinder-kuppenheim.de\/index.php?rest_route=%2Fwp%2Fv2%2Ftags&post=9664"}],"curies":[{"name":"wp","href":"https:\/\/api.w.org\/{rel}","templated":true}]}}