{"id":9601,"date":"2022-08-06T12:39:59","date_gmt":"2022-08-06T10:39:59","guid":{"rendered":"http:\/\/blog.pfadfinder-kuppenheim.de\/?p=9601"},"modified":"2022-08-06T12:40:02","modified_gmt":"2022-08-06T10:40:02","slug":"wer-hat-an-der-uhr-gedreht","status":"publish","type":"post","link":"https:\/\/pfadfinder-kuppenheim.de\/?p=9601","title":{"rendered":"Wer hat an der Uhr gedreht&#8230;?"},"content":{"rendered":"\n<p>So viele Lacher, Tr\u00e4nchen, Witze, Abenteuer und verr\u00fcckte Momente &#8211; und schon sehen wir das Ende viel zu schnell auf uns zu rasen.<\/p>\n\n\n\n<figure class=\"wp-block-image size-large\"><img data-recalc-dims=\"1\" loading=\"lazy\" decoding=\"async\" width=\"1024\" height=\"768\" src=\"https:\/\/i0.wp.com\/blog.pfadfinder-kuppenheim.de\/wp-content\/uploads\/2022\/08\/IMG_20220806_121326-1024x768.jpg?resize=1024%2C768\" alt=\"\" class=\"wp-image-9665\" srcset=\"https:\/\/i0.wp.com\/pfadfinder-kuppenheim.de\/wp-content\/uploads\/2022\/08\/IMG_20220806_121326-scaled.jpg?resize=1024%2C768&amp;ssl=1 1024w, https:\/\/i0.wp.com\/pfadfinder-kuppenheim.de\/wp-content\/uploads\/2022\/08\/IMG_20220806_121326-scaled.jpg?resize=300%2C225&amp;ssl=1 300w, https:\/\/i0.wp.com\/pfadfinder-kuppenheim.de\/wp-content\/uploads\/2022\/08\/IMG_20220806_121326-scaled.jpg?resize=768%2C576&amp;ssl=1 768w, https:\/\/i0.wp.com\/pfadfinder-kuppenheim.de\/wp-content\/uploads\/2022\/08\/IMG_20220806_121326-scaled.jpg?resize=1536%2C1152&amp;ssl=1 1536w, https:\/\/i0.wp.com\/pfadfinder-kuppenheim.de\/wp-content\/uploads\/2022\/08\/IMG_20220806_121326-scaled.jpg?resize=2048%2C1536&amp;ssl=1 2048w, https:\/\/i0.wp.com\/pfadfinder-kuppenheim.de\/wp-content\/uploads\/2022\/08\/IMG_20220806_121326-scaled.jpg?resize=750%2C563&amp;ssl=1 750w, https:\/\/i0.wp.com\/pfadfinder-kuppenheim.de\/wp-content\/uploads\/2022\/08\/IMG_20220806_121326-scaled.jpg?w=2400&amp;ssl=1 2400w\" sizes=\"auto, (max-width: 1024px) 100vw, 1024px\" \/><\/figure>\n\n\n\n<p>Der Lagerplatz ist wie leer gefegt und die Kinder unterwegs zum Bahnhof. Jetzt nur noch heimfahren und schon ist das Highlight des Jahres der W\u00f6lflinge Kuppenheim vor\u00fcber.<\/p>\n\n\n\n<p>Wir w\u00fcnschen allen Kindern und ihren Familien sch\u00f6ne Sommerferien. Gut Jagd und bis zur n\u00e4chsten Gruppenstunde nach den Ferien! <\/p>\n","protected":false},"excerpt":{"rendered":"<p>So viele Lacher, Tr\u00e4nchen, Witze, Abenteuer und verr\u00fcckte Momente &#8211; und schon sehen wir das Ende viel zu schnell auf uns zu rasen. Der Lagerplatz ist wie leer gefegt und die Kinder unterwegs zum Bahnhof. Jetzt nur noch heimfahren und schon ist das Highlight des Jahres der W\u00f6lflinge Kuppenheim vor\u00fcber. Wir w\u00fcnschen allen Kindern und&hellip;&nbsp;<a href=\"https:\/\/pfadfinder-kuppenheim.de\/?p=9601\" class=\"\" rel=\"bookmark\">Weiterlesen &raquo;<span class=\"screen-reader-text\">Wer hat an der Uhr gedreht&#8230;?<\/span><\/a><\/p>\n","protected":false},"author":21,"featured_media":0,"comment_status":"open","ping_status":"closed","sticky":false,"template":"","format":"standard","meta":{"neve_meta_sidebar":"","neve_meta_container":"","neve_meta_enable_content_width":"","neve_meta_content_width":0,"neve_meta_title_alignment":"","neve_meta_author_avatar":"","neve_post_elements_order":"","neve_meta_disable_header":"","neve_meta_disable_footer":"","neve_meta_disable_title":"","jetpack_post_was_ever_published":false,"_jetpack_newsletter_access":"","_jetpack_dont_email_post_to_subs":false,"_jetpack_newsletter_tier_id":0,"_jetpack_memberships_contains_paywalled_content":false,"_jetpack_memberships_contains_paid_content":false,"footnotes":"","jetpack_publicize_message":"","jetpack_publicize_feature_enabled":true,"jetpack_social_post_already_shared":true,"jetpack_social_options":{"image_generator_settings":{"template":"highway","default_image_id":0,"font":"","enabled":false},"version":2}},"categories":[98],"tags":[109,52],"class_list":["post-9601","post","type-post","status-publish","format-standard","hentry","category-sommerlager-2022","tag-abbau","tag-woelflinge"],"jetpack_publicize_connections":[],"jetpack_featured_media_url":"","jetpack_sharing_enabled":true,"jetpack_shortlink":"https:\/\/wp.me\/p3G0PZ-2uR","_links":{"self":[{"href":"https:\/\/pfadfinder-kuppenheim.de\/index.php?rest_route=\/wp\/v2\/posts\/9601","targetHints":{"allow":["GET"]}}],"collection":[{"href":"https:\/\/pfadfinder-kuppenheim.de\/index.php?rest_route=\/wp\/v2\/posts"}],"about":[{"href":"https:\/\/pfadfinder-kuppenheim.de\/index.php?rest_route=\/wp\/v2\/types\/post"}],"author":[{"embeddable":true,"href":"https:\/\/pfadfinder-kuppenheim.de\/index.php?rest_route=\/wp\/v2\/users\/21"}],"replies":[{"embeddable":true,"href":"https:\/\/pfadfinder-kuppenheim.de\/index.php?rest_route=%2Fwp%2Fv2%2Fcomments&post=9601"}],"version-history":[{"count":1,"href":"https:\/\/pfadfinder-kuppenheim.de\/index.php?rest_route=\/wp\/v2\/posts\/9601\/revisions"}],"predecessor-version":[{"id":9666,"href":"https:\/\/pfadfinder-kuppenheim.de\/index.php?rest_route=\/wp\/v2\/posts\/9601\/revisions\/9666"}],"wp:attachment":[{"href":"https:\/\/pfadfinder-kuppenheim.de\/index.php?rest_route=%2Fwp%2Fv2%2Fmedia&parent=9601"}],"wp:term":[{"taxonomy":"category","embeddable":true,"href":"https:\/\/pfadfinder-kuppenheim.de\/index.php?rest_route=%2Fwp%2Fv2%2Fcategories&post=9601"},{"taxonomy":"post_tag","embeddable":true,"href":"https:\/\/pfadfinder-kuppenheim.de\/index.php?rest_route=%2Fwp%2Fv2%2Ftags&post=9601"}],"curies":[{"name":"wp","href":"https:\/\/api.w.org\/{rel}","templated":true}]}}