{"id":9574,"date":"2022-08-05T02:06:47","date_gmt":"2022-08-05T00:06:47","guid":{"rendered":"http:\/\/blog.pfadfinder-kuppenheim.de\/?p=9574"},"modified":"2022-08-05T21:06:12","modified_gmt":"2022-08-05T19:06:12","slug":"ein-sehr-pfadfinderischer-abend","status":"publish","type":"post","link":"https:\/\/pfadfinder-kuppenheim.de\/?p=9574","title":{"rendered":"Ein sehr pfadfinderischer Abend"},"content":{"rendered":"\n<p>Im Schwimmbad haben wir noch andere DPSG-Pfadfinder vom Lagerplatz getroffen und sind mit ihnen zusammen zum Zeltplatz zur\u00fcck gelaufen. Als wir wieder am Kindertisch sa\u00dfen, hat Bianca den M\u00e4dchen und Ilja die Haare gemacht, w\u00e4hrend Max und Ben das Abendessen vorbereitet haben. Es gab &#8222;typisch mexikanisch&#8220; Chilli con Carne zum Abendessen.. <\/p>\n\n\n\n<figure class=\"wp-block-image size-large\"><img data-recalc-dims=\"1\" loading=\"lazy\" decoding=\"async\" width=\"768\" height=\"1024\" src=\"https:\/\/i0.wp.com\/blog.pfadfinder-kuppenheim.de\/wp-content\/uploads\/2022\/08\/IMG_20220804_194037-768x1024.jpg?resize=768%2C1024\" alt=\"\" class=\"wp-image-9575\" srcset=\"https:\/\/i0.wp.com\/pfadfinder-kuppenheim.de\/wp-content\/uploads\/2022\/08\/IMG_20220804_194037-scaled.jpg?resize=768%2C1024&amp;ssl=1 768w, https:\/\/i0.wp.com\/pfadfinder-kuppenheim.de\/wp-content\/uploads\/2022\/08\/IMG_20220804_194037-scaled.jpg?resize=225%2C300&amp;ssl=1 225w, https:\/\/i0.wp.com\/pfadfinder-kuppenheim.de\/wp-content\/uploads\/2022\/08\/IMG_20220804_194037-scaled.jpg?resize=1152%2C1536&amp;ssl=1 1152w, https:\/\/i0.wp.com\/pfadfinder-kuppenheim.de\/wp-content\/uploads\/2022\/08\/IMG_20220804_194037-scaled.jpg?resize=1536%2C2048&amp;ssl=1 1536w, https:\/\/i0.wp.com\/pfadfinder-kuppenheim.de\/wp-content\/uploads\/2022\/08\/IMG_20220804_194037-scaled.jpg?resize=750%2C1000&amp;ssl=1 750w, https:\/\/i0.wp.com\/pfadfinder-kuppenheim.de\/wp-content\/uploads\/2022\/08\/IMG_20220804_194037-scaled.jpg?w=1920&amp;ssl=1 1920w\" sizes=\"auto, (max-width: 768px) 100vw, 768px\" \/><\/figure>\n\n\n\n<figure class=\"wp-block-image size-large\"><img data-recalc-dims=\"1\" loading=\"lazy\" decoding=\"async\" width=\"768\" height=\"1024\" src=\"https:\/\/i0.wp.com\/blog.pfadfinder-kuppenheim.de\/wp-content\/uploads\/2022\/08\/IMG-20220805-WA0009-768x1024.jpg?resize=768%2C1024\" alt=\"\" class=\"wp-image-9576\" srcset=\"https:\/\/i0.wp.com\/pfadfinder-kuppenheim.de\/wp-content\/uploads\/2022\/08\/IMG-20220805-WA0009.jpg?resize=768%2C1024&amp;ssl=1 768w, https:\/\/i0.wp.com\/pfadfinder-kuppenheim.de\/wp-content\/uploads\/2022\/08\/IMG-20220805-WA0009.jpg?resize=225%2C300&amp;ssl=1 225w, https:\/\/i0.wp.com\/pfadfinder-kuppenheim.de\/wp-content\/uploads\/2022\/08\/IMG-20220805-WA0009.jpg?resize=1152%2C1536&amp;ssl=1 1152w, https:\/\/i0.wp.com\/pfadfinder-kuppenheim.de\/wp-content\/uploads\/2022\/08\/IMG-20220805-WA0009.jpg?resize=750%2C1000&amp;ssl=1 750w, https:\/\/i0.wp.com\/pfadfinder-kuppenheim.de\/wp-content\/uploads\/2022\/08\/IMG-20220805-WA0009.jpg?w=1200&amp;ssl=1 1200w\" sizes=\"auto, (max-width: 768px) 100vw, 768px\" \/><\/figure>\n\n\n\n<p>Anschlie\u00dfend haben wir unsere Klufthemden und Halst\u00fccher angezogen, da Karolina und Laura heute ihr Versprechen ablegen durften. Was Max nicht wusste: auch er durfte sein W\u00f6lflingsversprechen ablegen, denn als vorzeitiges Geburtstagsgeschenk hat er heute sein orange-graues Halstuch feierlich \u00fcberreicht bekommen.<\/p>\n\n\n\n<figure class=\"wp-block-image size-large\"><img data-recalc-dims=\"1\" loading=\"lazy\" decoding=\"async\" width=\"1024\" height=\"576\" src=\"https:\/\/i0.wp.com\/blog.pfadfinder-kuppenheim.de\/wp-content\/uploads\/2022\/08\/IMG-20220805-WA0003-1024x576.jpg?resize=1024%2C576\" alt=\"\" class=\"wp-image-9578\" srcset=\"https:\/\/i0.wp.com\/pfadfinder-kuppenheim.de\/wp-content\/uploads\/2022\/08\/IMG-20220805-WA0003.jpg?resize=1024%2C576&amp;ssl=1 1024w, https:\/\/i0.wp.com\/pfadfinder-kuppenheim.de\/wp-content\/uploads\/2022\/08\/IMG-20220805-WA0003.jpg?resize=300%2C169&amp;ssl=1 300w, https:\/\/i0.wp.com\/pfadfinder-kuppenheim.de\/wp-content\/uploads\/2022\/08\/IMG-20220805-WA0003.jpg?resize=768%2C432&amp;ssl=1 768w, https:\/\/i0.wp.com\/pfadfinder-kuppenheim.de\/wp-content\/uploads\/2022\/08\/IMG-20220805-WA0003.jpg?resize=1536%2C864&amp;ssl=1 1536w, https:\/\/i0.wp.com\/pfadfinder-kuppenheim.de\/wp-content\/uploads\/2022\/08\/IMG-20220805-WA0003.jpg?resize=750%2C422&amp;ssl=1 750w, https:\/\/i0.wp.com\/pfadfinder-kuppenheim.de\/wp-content\/uploads\/2022\/08\/IMG-20220805-WA0003.jpg?w=1600&amp;ssl=1 1600w\" sizes=\"auto, (max-width: 1024px) 100vw, 1024px\" \/><\/figure>\n\n\n\n<figure class=\"wp-block-gallery has-nested-images columns-default is-cropped wp-block-gallery-1 is-layout-flex wp-block-gallery-is-layout-flex\">\n<figure class=\"wp-block-image size-large\"><img data-recalc-dims=\"1\" loading=\"lazy\" decoding=\"async\" width=\"1024\" height=\"576\" data-id=\"9580\" src=\"https:\/\/i0.wp.com\/blog.pfadfinder-kuppenheim.de\/wp-content\/uploads\/2022\/08\/IMG-20220805-WA0006-1024x576.jpg?resize=1024%2C576\" alt=\"\" class=\"wp-image-9580\" srcset=\"https:\/\/i0.wp.com\/pfadfinder-kuppenheim.de\/wp-content\/uploads\/2022\/08\/IMG-20220805-WA0006.jpg?resize=1024%2C576&amp;ssl=1 1024w, https:\/\/i0.wp.com\/pfadfinder-kuppenheim.de\/wp-content\/uploads\/2022\/08\/IMG-20220805-WA0006.jpg?resize=300%2C169&amp;ssl=1 300w, https:\/\/i0.wp.com\/pfadfinder-kuppenheim.de\/wp-content\/uploads\/2022\/08\/IMG-20220805-WA0006.jpg?resize=768%2C432&amp;ssl=1 768w, https:\/\/i0.wp.com\/pfadfinder-kuppenheim.de\/wp-content\/uploads\/2022\/08\/IMG-20220805-WA0006.jpg?resize=1536%2C864&amp;ssl=1 1536w, https:\/\/i0.wp.com\/pfadfinder-kuppenheim.de\/wp-content\/uploads\/2022\/08\/IMG-20220805-WA0006.jpg?resize=750%2C422&amp;ssl=1 750w, https:\/\/i0.wp.com\/pfadfinder-kuppenheim.de\/wp-content\/uploads\/2022\/08\/IMG-20220805-WA0006.jpg?w=1600&amp;ssl=1 1600w\" sizes=\"auto, (max-width: 1024px) 100vw, 1024px\" \/><\/figure>\n\n\n\n<figure class=\"wp-block-image size-large\"><img data-recalc-dims=\"1\" loading=\"lazy\" decoding=\"async\" width=\"1024\" height=\"1015\" data-id=\"9581\" src=\"https:\/\/i0.wp.com\/blog.pfadfinder-kuppenheim.de\/wp-content\/uploads\/2022\/08\/IMG_20220805_012854-1024x1015.jpg?resize=1024%2C1015\" alt=\"\" class=\"wp-image-9581\" srcset=\"https:\/\/i0.wp.com\/pfadfinder-kuppenheim.de\/wp-content\/uploads\/2022\/08\/IMG_20220805_012854-scaled.jpg?resize=1024%2C1015&amp;ssl=1 1024w, https:\/\/i0.wp.com\/pfadfinder-kuppenheim.de\/wp-content\/uploads\/2022\/08\/IMG_20220805_012854-scaled.jpg?resize=300%2C297&amp;ssl=1 300w, https:\/\/i0.wp.com\/pfadfinder-kuppenheim.de\/wp-content\/uploads\/2022\/08\/IMG_20220805_012854-scaled.jpg?resize=150%2C150&amp;ssl=1 150w, https:\/\/i0.wp.com\/pfadfinder-kuppenheim.de\/wp-content\/uploads\/2022\/08\/IMG_20220805_012854-scaled.jpg?resize=768%2C762&amp;ssl=1 768w, https:\/\/i0.wp.com\/pfadfinder-kuppenheim.de\/wp-content\/uploads\/2022\/08\/IMG_20220805_012854-scaled.jpg?resize=1536%2C1523&amp;ssl=1 1536w, https:\/\/i0.wp.com\/pfadfinder-kuppenheim.de\/wp-content\/uploads\/2022\/08\/IMG_20220805_012854-scaled.jpg?resize=2048%2C2031&amp;ssl=1 2048w, https:\/\/i0.wp.com\/pfadfinder-kuppenheim.de\/wp-content\/uploads\/2022\/08\/IMG_20220805_012854-scaled.jpg?resize=750%2C744&amp;ssl=1 750w, https:\/\/i0.wp.com\/pfadfinder-kuppenheim.de\/wp-content\/uploads\/2022\/08\/IMG_20220805_012854-scaled.jpg?w=2400&amp;ssl=1 2400w\" sizes=\"auto, (max-width: 1024px) 100vw, 1024px\" \/><\/figure>\n<\/figure>\n\n\n\n<p>Zum Abschluss haben wir ein kleines kontrolliertes Lagerfeuerchen gemacht und ein paar Pfadfinderlieder gesungen &#8211; und p\u00fcnktlich um 12:00 unserem lieben Max zum Geburtstag gratuliert. M\u00fcde legen sich nun auch die Leiter schlafen, damit sie fit f\u00fcr die ersten Abbauten sind&#8230;<\/p>\n\n\n\n<figure class=\"wp-block-image size-large\"><img data-recalc-dims=\"1\" loading=\"lazy\" decoding=\"async\" width=\"768\" height=\"1024\" src=\"https:\/\/i0.wp.com\/blog.pfadfinder-kuppenheim.de\/wp-content\/uploads\/2022\/08\/IMG_20220804_234256_1-768x1024.jpg?resize=768%2C1024\" alt=\"\" class=\"wp-image-9582\" srcset=\"https:\/\/i0.wp.com\/pfadfinder-kuppenheim.de\/wp-content\/uploads\/2022\/08\/IMG_20220804_234256_1-scaled.jpg?resize=768%2C1024&amp;ssl=1 768w, https:\/\/i0.wp.com\/pfadfinder-kuppenheim.de\/wp-content\/uploads\/2022\/08\/IMG_20220804_234256_1-scaled.jpg?resize=225%2C300&amp;ssl=1 225w, https:\/\/i0.wp.com\/pfadfinder-kuppenheim.de\/wp-content\/uploads\/2022\/08\/IMG_20220804_234256_1-scaled.jpg?resize=1152%2C1536&amp;ssl=1 1152w, https:\/\/i0.wp.com\/pfadfinder-kuppenheim.de\/wp-content\/uploads\/2022\/08\/IMG_20220804_234256_1-scaled.jpg?resize=1536%2C2048&amp;ssl=1 1536w, https:\/\/i0.wp.com\/pfadfinder-kuppenheim.de\/wp-content\/uploads\/2022\/08\/IMG_20220804_234256_1-scaled.jpg?resize=750%2C1000&amp;ssl=1 750w, https:\/\/i0.wp.com\/pfadfinder-kuppenheim.de\/wp-content\/uploads\/2022\/08\/IMG_20220804_234256_1-scaled.jpg?w=1920&amp;ssl=1 1920w\" sizes=\"auto, (max-width: 768px) 100vw, 768px\" \/><\/figure>\n","protected":false},"excerpt":{"rendered":"<p>Im Schwimmbad haben wir noch andere DPSG-Pfadfinder vom Lagerplatz getroffen und sind mit ihnen zusammen zum Zeltplatz zur\u00fcck gelaufen. Als wir wieder am Kindertisch sa\u00dfen, hat Bianca den M\u00e4dchen und Ilja die Haare gemacht, w\u00e4hrend Max und Ben das Abendessen vorbereitet haben. Es gab &#8222;typisch mexikanisch&#8220; Chilli con Carne zum Abendessen.. Anschlie\u00dfend haben wir unsere&hellip;&nbsp;<a href=\"https:\/\/pfadfinder-kuppenheim.de\/?p=9574\" class=\"\" rel=\"bookmark\">Weiterlesen &raquo;<span class=\"screen-reader-text\">Ein sehr pfadfinderischer Abend<\/span><\/a><\/p>\n","protected":false},"author":21,"featured_media":0,"comment_status":"open","ping_status":"closed","sticky":false,"template":"","format":"standard","meta":{"neve_meta_sidebar":"","neve_meta_container":"","neve_meta_enable_content_width":"","neve_meta_content_width":0,"neve_meta_title_alignment":"","neve_meta_author_avatar":"","neve_post_elements_order":"","neve_meta_disable_header":"","neve_meta_disable_footer":"","neve_meta_disable_title":"","jetpack_post_was_ever_published":false,"_jetpack_newsletter_access":"","_jetpack_dont_email_post_to_subs":false,"_jetpack_newsletter_tier_id":0,"_jetpack_memberships_contains_paywalled_content":false,"_jetpack_memberships_contains_paid_content":false,"footnotes":"","jetpack_publicize_message":"","jetpack_publicize_feature_enabled":true,"jetpack_social_post_already_shared":true,"jetpack_social_options":{"image_generator_settings":{"template":"highway","default_image_id":0,"font":"","enabled":false},"version":2}},"categories":[98,4],"tags":[65,37,52],"class_list":["post-9574","post","type-post","status-publish","format-standard","hentry","category-sommerlager-2022","category-wolflinge","tag-lagerfeuer","tag-versprechen","tag-woelflinge"],"jetpack_publicize_connections":[],"jetpack_featured_media_url":"","jetpack_sharing_enabled":true,"jetpack_shortlink":"https:\/\/wp.me\/p3G0PZ-2uq","_links":{"self":[{"href":"https:\/\/pfadfinder-kuppenheim.de\/index.php?rest_route=\/wp\/v2\/posts\/9574","targetHints":{"allow":["GET"]}}],"collection":[{"href":"https:\/\/pfadfinder-kuppenheim.de\/index.php?rest_route=\/wp\/v2\/posts"}],"about":[{"href":"https:\/\/pfadfinder-kuppenheim.de\/index.php?rest_route=\/wp\/v2\/types\/post"}],"author":[{"embeddable":true,"href":"https:\/\/pfadfinder-kuppenheim.de\/index.php?rest_route=\/wp\/v2\/users\/21"}],"replies":[{"embeddable":true,"href":"https:\/\/pfadfinder-kuppenheim.de\/index.php?rest_route=%2Fwp%2Fv2%2Fcomments&post=9574"}],"version-history":[{"count":1,"href":"https:\/\/pfadfinder-kuppenheim.de\/index.php?rest_route=\/wp\/v2\/posts\/9574\/revisions"}],"predecessor-version":[{"id":9583,"href":"https:\/\/pfadfinder-kuppenheim.de\/index.php?rest_route=\/wp\/v2\/posts\/9574\/revisions\/9583"}],"wp:attachment":[{"href":"https:\/\/pfadfinder-kuppenheim.de\/index.php?rest_route=%2Fwp%2Fv2%2Fmedia&parent=9574"}],"wp:term":[{"taxonomy":"category","embeddable":true,"href":"https:\/\/pfadfinder-kuppenheim.de\/index.php?rest_route=%2Fwp%2Fv2%2Fcategories&post=9574"},{"taxonomy":"post_tag","embeddable":true,"href":"https:\/\/pfadfinder-kuppenheim.de\/index.php?rest_route=%2Fwp%2Fv2%2Ftags&post=9574"}],"curies":[{"name":"wp","href":"https:\/\/api.w.org\/{rel}","templated":true}]}}