{"id":9281,"date":"2022-08-01T02:45:24","date_gmt":"2022-08-01T00:45:24","guid":{"rendered":"http:\/\/blog.pfadfinder-kuppenheim.de\/?p=9281"},"modified":"2026-03-20T23:32:48","modified_gmt":"2026-03-20T22:32:48","slug":"pfadisalat-tag-1-anreise-und-aufbau","status":"publish","type":"post","link":"https:\/\/pfadfinder-kuppenheim.de\/?p=9281","title":{"rendered":"Pfadisalat Tag 1 &#8211; Anreise und Aufbau"},"content":{"rendered":"\n<p>Am ersten Tag trafen wir uns um 5:45Uhr am Baden-Badener Bahnhof und fuhren dann in Richtung Holland. Leider war bereits der erste Zug versp\u00e4tet, sodass wir unseren Anschluss in Mannheim nicht mehr erreichen konnten. Kein Problem&#8230;dann fahren wir halt nach Frankfurt. Dort konnten wir dann \u00fcber eine Stunde die Stadt erkunden, um anschlie\u00dfend weiter Richtung Ommen in den Niederlanden zu fahren. <\/p>\n\n\n\n<p>Die weitere Zugfahrt verlief problemlos, sodass wir bereits um 14 Uhr in Ommen ankamen und 20 Minuten Fu\u00dfmarsch sp\u00e4ter auch an unserem Zeltplatz. Da Burgi und Kummi gestern netterweise schon K\u00fcchenzelt und Leiter-Zelt aufgebaut haben, konnten wir den Aufbau auch schnell abschlie\u00dfen und den Rest des Tages zum Erkunden des Platzes und Kennenlernen unseres Subcamps &#8211; also den Pfadis, die mit uns aus der Di\u00f6zese Freiburg angereist sind &#8211; nutzen. <\/p>\n\n\n\n<p>Abends gab es dann ein leckeres Chili sin Carne (wir machen hier ein Veggie-Camp). Dann haben wir abgesp\u00fclt und mit unserer Spielekiste und den anderen aus dem Subcamp gespielt. <\/p>\n\n\n\n<p>Nach einem lockeren Abendprogramm gingen wir dann ins Bett. Einschlafen fiel uns nicht gerade schwer..wie gesagt Treffpunkt war ja 5:45 Uhr. <\/p>\n\n\n\n<figure class=\"wp-block-image size-large\"><img data-recalc-dims=\"1\" loading=\"lazy\" decoding=\"async\" width=\"768\" height=\"1024\" src=\"https:\/\/i0.wp.com\/blog.pfadfinder-kuppenheim.de\/wp-content\/uploads\/2022\/08\/img_1997-768x1024.jpg?resize=768%2C1024\" alt=\"\" class=\"wp-image-9277\" srcset=\"https:\/\/i0.wp.com\/pfadfinder-kuppenheim.de\/wp-content\/uploads\/2022\/08\/img_1997-scaled.jpg?resize=768%2C1024&amp;ssl=1 768w, https:\/\/i0.wp.com\/pfadfinder-kuppenheim.de\/wp-content\/uploads\/2022\/08\/img_1997-scaled.jpg?resize=225%2C300&amp;ssl=1 225w, https:\/\/i0.wp.com\/pfadfinder-kuppenheim.de\/wp-content\/uploads\/2022\/08\/img_1997-scaled.jpg?resize=1152%2C1536&amp;ssl=1 1152w, https:\/\/i0.wp.com\/pfadfinder-kuppenheim.de\/wp-content\/uploads\/2022\/08\/img_1997-scaled.jpg?resize=1536%2C2048&amp;ssl=1 1536w, https:\/\/i0.wp.com\/pfadfinder-kuppenheim.de\/wp-content\/uploads\/2022\/08\/img_1997-scaled.jpg?resize=750%2C1000&amp;ssl=1 750w, https:\/\/i0.wp.com\/pfadfinder-kuppenheim.de\/wp-content\/uploads\/2022\/08\/img_1997-scaled.jpg?w=1920&amp;ssl=1 1920w\" sizes=\"auto, (max-width: 768px) 100vw, 768px\" \/><figcaption>Das h\u00e4tte unser Lagerfeuer sein k\u00f6nnen&#8230;ist es aber nicht&#8230;hier ist Feuerverbot&#8230; das Feuer geh\u00f6rt den Jupfis <\/figcaption><\/figure>\n\n\n\n<figure class=\"wp-block-image size-large\"><img data-recalc-dims=\"1\" loading=\"lazy\" decoding=\"async\" width=\"1024\" height=\"768\" src=\"https:\/\/i0.wp.com\/blog.pfadfinder-kuppenheim.de\/wp-content\/uploads\/2022\/07\/img_4803-1-1024x768.jpg?resize=1024%2C768\" alt=\"\" class=\"wp-image-9145\" srcset=\"https:\/\/i0.wp.com\/pfadfinder-kuppenheim.de\/wp-content\/uploads\/2022\/07\/img_4803-1-scaled.jpg?resize=1024%2C768&amp;ssl=1 1024w, https:\/\/i0.wp.com\/pfadfinder-kuppenheim.de\/wp-content\/uploads\/2022\/07\/img_4803-1-scaled.jpg?resize=300%2C225&amp;ssl=1 300w, https:\/\/i0.wp.com\/pfadfinder-kuppenheim.de\/wp-content\/uploads\/2022\/07\/img_4803-1-scaled.jpg?resize=768%2C576&amp;ssl=1 768w, https:\/\/i0.wp.com\/pfadfinder-kuppenheim.de\/wp-content\/uploads\/2022\/07\/img_4803-1-scaled.jpg?resize=1536%2C1152&amp;ssl=1 1536w, https:\/\/i0.wp.com\/pfadfinder-kuppenheim.de\/wp-content\/uploads\/2022\/07\/img_4803-1-scaled.jpg?resize=2048%2C1536&amp;ssl=1 2048w, https:\/\/i0.wp.com\/pfadfinder-kuppenheim.de\/wp-content\/uploads\/2022\/07\/img_4803-1-scaled.jpg?resize=750%2C563&amp;ssl=1 750w, https:\/\/i0.wp.com\/pfadfinder-kuppenheim.de\/wp-content\/uploads\/2022\/07\/img_4803-1-scaled.jpg?w=2400&amp;ssl=1 2400w\" sizes=\"auto, (max-width: 1024px) 100vw, 1024px\" \/><figcaption>Stadt-Erkundung in Frankfurt macht wohl Spa\u00df. <\/figcaption><\/figure>\n\n\n\n<figure class=\"wp-block-image size-large\"><img data-recalc-dims=\"1\" loading=\"lazy\" decoding=\"async\" width=\"1024\" height=\"768\" src=\"https:\/\/i0.wp.com\/blog.pfadfinder-kuppenheim.de\/wp-content\/uploads\/2022\/07\/img_4786-1024x768.jpg?resize=1024%2C768\" alt=\"\" class=\"wp-image-9110\" srcset=\"https:\/\/i0.wp.com\/pfadfinder-kuppenheim.de\/wp-content\/uploads\/2022\/07\/img_4786-scaled.jpg?resize=1024%2C768&amp;ssl=1 1024w, https:\/\/i0.wp.com\/pfadfinder-kuppenheim.de\/wp-content\/uploads\/2022\/07\/img_4786-scaled.jpg?resize=300%2C225&amp;ssl=1 300w, https:\/\/i0.wp.com\/pfadfinder-kuppenheim.de\/wp-content\/uploads\/2022\/07\/img_4786-scaled.jpg?resize=768%2C576&amp;ssl=1 768w, https:\/\/i0.wp.com\/pfadfinder-kuppenheim.de\/wp-content\/uploads\/2022\/07\/img_4786-scaled.jpg?resize=1536%2C1152&amp;ssl=1 1536w, https:\/\/i0.wp.com\/pfadfinder-kuppenheim.de\/wp-content\/uploads\/2022\/07\/img_4786-scaled.jpg?resize=2048%2C1536&amp;ssl=1 2048w, https:\/\/i0.wp.com\/pfadfinder-kuppenheim.de\/wp-content\/uploads\/2022\/07\/img_4786-scaled.jpg?resize=750%2C563&amp;ssl=1 750w, https:\/\/i0.wp.com\/pfadfinder-kuppenheim.de\/wp-content\/uploads\/2022\/07\/img_4786-scaled.jpg?w=2400&amp;ssl=1 2400w\" sizes=\"auto, (max-width: 1024px) 100vw, 1024px\" \/><figcaption>Zugfahren ist des Pfadis Lust.<\/figcaption><\/figure>\n\n\n\n<p><\/p>\n","protected":false},"excerpt":{"rendered":"<p>Am ersten Tag trafen wir uns um 5:45Uhr am Baden-Badener Bahnhof und fuhren dann in Richtung Holland. Leider war bereits der erste Zug versp\u00e4tet, sodass wir unseren Anschluss in Mannheim nicht mehr erreichen konnten. Kein Problem&#8230;dann fahren wir halt nach Frankfurt. Dort konnten wir dann \u00fcber eine Stunde die Stadt erkunden, um anschlie\u00dfend weiter Richtung&hellip;&nbsp;<a href=\"https:\/\/pfadfinder-kuppenheim.de\/?p=9281\" class=\"\" rel=\"bookmark\">Weiterlesen &raquo;<span class=\"screen-reader-text\">Pfadisalat Tag 1 &#8211; Anreise und Aufbau<\/span><\/a><\/p>\n","protected":false},"author":18,"featured_media":0,"comment_status":"open","ping_status":"closed","sticky":false,"template":"","format":"standard","meta":{"neve_meta_sidebar":"","neve_meta_container":"","neve_meta_enable_content_width":"","neve_meta_content_width":0,"neve_meta_title_alignment":"","neve_meta_author_avatar":"","neve_post_elements_order":"","neve_meta_disable_header":"","neve_meta_disable_footer":"","neve_meta_disable_title":"","jetpack_post_was_ever_published":false,"_jetpack_newsletter_access":"","_jetpack_dont_email_post_to_subs":false,"_jetpack_newsletter_tier_id":0,"_jetpack_memberships_contains_paywalled_content":false,"_jetpack_memberships_contains_paid_content":false,"footnotes":"","jetpack_publicize_message":"","jetpack_publicize_feature_enabled":true,"jetpack_social_post_already_shared":true,"jetpack_social_options":{"image_generator_settings":{"template":"highway","default_image_id":0,"font":"","enabled":false},"version":2}},"categories":[266,6,23],"tags":[58,93,78],"class_list":["post-9281","post","type-post","status-publish","format-standard","hentry","category-2022-pfadisalat-holland","category-pfadis","category-pfadis_sola_tagebuch","tag-pfadis","tag-pfadisalat","tag-sommerlager"],"jetpack_publicize_connections":[],"jetpack_featured_media_url":"","jetpack_sharing_enabled":true,"jetpack_shortlink":"https:\/\/wp.me\/p3G0PZ-2pH","_links":{"self":[{"href":"https:\/\/pfadfinder-kuppenheim.de\/index.php?rest_route=\/wp\/v2\/posts\/9281","targetHints":{"allow":["GET"]}}],"collection":[{"href":"https:\/\/pfadfinder-kuppenheim.de\/index.php?rest_route=\/wp\/v2\/posts"}],"about":[{"href":"https:\/\/pfadfinder-kuppenheim.de\/index.php?rest_route=\/wp\/v2\/types\/post"}],"author":[{"embeddable":true,"href":"https:\/\/pfadfinder-kuppenheim.de\/index.php?rest_route=\/wp\/v2\/users\/18"}],"replies":[{"embeddable":true,"href":"https:\/\/pfadfinder-kuppenheim.de\/index.php?rest_route=%2Fwp%2Fv2%2Fcomments&post=9281"}],"version-history":[{"count":1,"href":"https:\/\/pfadfinder-kuppenheim.de\/index.php?rest_route=\/wp\/v2\/posts\/9281\/revisions"}],"predecessor-version":[{"id":9282,"href":"https:\/\/pfadfinder-kuppenheim.de\/index.php?rest_route=\/wp\/v2\/posts\/9281\/revisions\/9282"}],"wp:attachment":[{"href":"https:\/\/pfadfinder-kuppenheim.de\/index.php?rest_route=%2Fwp%2Fv2%2Fmedia&parent=9281"}],"wp:term":[{"taxonomy":"category","embeddable":true,"href":"https:\/\/pfadfinder-kuppenheim.de\/index.php?rest_route=%2Fwp%2Fv2%2Fcategories&post=9281"},{"taxonomy":"post_tag","embeddable":true,"href":"https:\/\/pfadfinder-kuppenheim.de\/index.php?rest_route=%2Fwp%2Fv2%2Ftags&post=9281"}],"curies":[{"name":"wp","href":"https:\/\/api.w.org\/{rel}","templated":true}]}}