{"id":9195,"date":"2022-07-30T23:12:07","date_gmt":"2022-07-30T21:12:07","guid":{"rendered":"http:\/\/blog.pfadfinder-kuppenheim.de\/?p=9195"},"modified":"2026-03-20T23:32:48","modified_gmt":"2026-03-20T22:32:48","slug":"pfadisalat-tag-0-anreise-kummi-und-burgi","status":"publish","type":"post","link":"https:\/\/pfadfinder-kuppenheim.de\/?p=9195","title":{"rendered":"Pfadisalat Tag 0 &#8211; Anreise Kummi und Burgi"},"content":{"rendered":"\n<p>Nachdem sie schon am Abend vorher unser Material eingeladen haben, sind Kummer und Burgi schon ein Tag fr\u00fcher, als wir nach Holland gefahren. Dort angekommen haben sie das K\u00fcchenzelt f\u00fcr unser Unterlager sowie das Leiter-Zelt aufgebaut und den Platz erkundet. <\/p>\n\n\n\n<figure class=\"wp-block-image size-large\"><img data-recalc-dims=\"1\" loading=\"lazy\" decoding=\"async\" width=\"576\" height=\"1024\" src=\"https:\/\/i0.wp.com\/blog.pfadfinder-kuppenheim.de\/wp-content\/uploads\/2022\/07\/882aeb7c-09e2-44a0-8196-5fdb855f84d6-576x1024.jpg?resize=576%2C1024\" alt=\"\" class=\"wp-image-9192\" srcset=\"https:\/\/i0.wp.com\/pfadfinder-kuppenheim.de\/wp-content\/uploads\/2022\/07\/882aeb7c-09e2-44a0-8196-5fdb855f84d6.jpg?resize=576%2C1024&amp;ssl=1 576w, https:\/\/i0.wp.com\/pfadfinder-kuppenheim.de\/wp-content\/uploads\/2022\/07\/882aeb7c-09e2-44a0-8196-5fdb855f84d6.jpg?resize=169%2C300&amp;ssl=1 169w, https:\/\/i0.wp.com\/pfadfinder-kuppenheim.de\/wp-content\/uploads\/2022\/07\/882aeb7c-09e2-44a0-8196-5fdb855f84d6.jpg?resize=768%2C1365&amp;ssl=1 768w, https:\/\/i0.wp.com\/pfadfinder-kuppenheim.de\/wp-content\/uploads\/2022\/07\/882aeb7c-09e2-44a0-8196-5fdb855f84d6.jpg?resize=864%2C1536&amp;ssl=1 864w, https:\/\/i0.wp.com\/pfadfinder-kuppenheim.de\/wp-content\/uploads\/2022\/07\/882aeb7c-09e2-44a0-8196-5fdb855f84d6.jpg?resize=750%2C1333&amp;ssl=1 750w, https:\/\/i0.wp.com\/pfadfinder-kuppenheim.de\/wp-content\/uploads\/2022\/07\/882aeb7c-09e2-44a0-8196-5fdb855f84d6.jpg?w=900&amp;ssl=1 900w\" sizes=\"auto, (max-width: 576px) 100vw, 576px\" \/><figcaption>Cool Rider<\/figcaption><\/figure>\n\n\n\n<figure class=\"wp-block-image size-large\"><img data-recalc-dims=\"1\" loading=\"lazy\" decoding=\"async\" width=\"576\" height=\"1024\" src=\"https:\/\/i0.wp.com\/blog.pfadfinder-kuppenheim.de\/wp-content\/uploads\/2022\/07\/3a25ceaf-c747-4e90-9d35-8349950949b7-1-576x1024.jpg?resize=576%2C1024\" alt=\"\" class=\"wp-image-9193\" srcset=\"https:\/\/i0.wp.com\/pfadfinder-kuppenheim.de\/wp-content\/uploads\/2022\/07\/3a25ceaf-c747-4e90-9d35-8349950949b7-1.jpg?resize=576%2C1024&amp;ssl=1 576w, https:\/\/i0.wp.com\/pfadfinder-kuppenheim.de\/wp-content\/uploads\/2022\/07\/3a25ceaf-c747-4e90-9d35-8349950949b7-1.jpg?resize=169%2C300&amp;ssl=1 169w, https:\/\/i0.wp.com\/pfadfinder-kuppenheim.de\/wp-content\/uploads\/2022\/07\/3a25ceaf-c747-4e90-9d35-8349950949b7-1.jpg?resize=768%2C1365&amp;ssl=1 768w, https:\/\/i0.wp.com\/pfadfinder-kuppenheim.de\/wp-content\/uploads\/2022\/07\/3a25ceaf-c747-4e90-9d35-8349950949b7-1.jpg?resize=864%2C1536&amp;ssl=1 864w, https:\/\/i0.wp.com\/pfadfinder-kuppenheim.de\/wp-content\/uploads\/2022\/07\/3a25ceaf-c747-4e90-9d35-8349950949b7-1.jpg?resize=750%2C1333&amp;ssl=1 750w, https:\/\/i0.wp.com\/pfadfinder-kuppenheim.de\/wp-content\/uploads\/2022\/07\/3a25ceaf-c747-4e90-9d35-8349950949b7-1.jpg?w=900&amp;ssl=1 900w\" sizes=\"auto, (max-width: 576px) 100vw, 576px\" \/><figcaption>Kummi ist aktiv am chillen. <\/figcaption><\/figure>\n\n\n\n<figure class=\"wp-block-image size-large\"><img data-recalc-dims=\"1\" loading=\"lazy\" decoding=\"async\" width=\"1024\" height=\"576\" src=\"https:\/\/i0.wp.com\/blog.pfadfinder-kuppenheim.de\/wp-content\/uploads\/2022\/07\/dc2250ec-b300-4130-8b0b-7042a9a3596c-1024x576.jpg?resize=1024%2C576\" alt=\"\" class=\"wp-image-9194\" srcset=\"https:\/\/i0.wp.com\/pfadfinder-kuppenheim.de\/wp-content\/uploads\/2022\/07\/dc2250ec-b300-4130-8b0b-7042a9a3596c.jpg?resize=1024%2C576&amp;ssl=1 1024w, https:\/\/i0.wp.com\/pfadfinder-kuppenheim.de\/wp-content\/uploads\/2022\/07\/dc2250ec-b300-4130-8b0b-7042a9a3596c.jpg?resize=300%2C169&amp;ssl=1 300w, https:\/\/i0.wp.com\/pfadfinder-kuppenheim.de\/wp-content\/uploads\/2022\/07\/dc2250ec-b300-4130-8b0b-7042a9a3596c.jpg?resize=768%2C432&amp;ssl=1 768w, https:\/\/i0.wp.com\/pfadfinder-kuppenheim.de\/wp-content\/uploads\/2022\/07\/dc2250ec-b300-4130-8b0b-7042a9a3596c.jpg?resize=1536%2C864&amp;ssl=1 1536w, https:\/\/i0.wp.com\/pfadfinder-kuppenheim.de\/wp-content\/uploads\/2022\/07\/dc2250ec-b300-4130-8b0b-7042a9a3596c.jpg?resize=750%2C422&amp;ssl=1 750w, https:\/\/i0.wp.com\/pfadfinder-kuppenheim.de\/wp-content\/uploads\/2022\/07\/dc2250ec-b300-4130-8b0b-7042a9a3596c.jpg?w=1600&amp;ssl=1 1600w\" sizes=\"auto, (max-width: 1024px) 100vw, 1024px\" \/><figcaption>K\u00fcchenzelt aufgebaut. <\/figcaption><\/figure>\n","protected":false},"excerpt":{"rendered":"<p>Nachdem sie schon am Abend vorher unser Material eingeladen haben, sind Kummer und Burgi schon ein Tag fr\u00fcher, als wir nach Holland gefahren. Dort angekommen haben sie das K\u00fcchenzelt f\u00fcr unser Unterlager sowie das Leiter-Zelt aufgebaut und den Platz erkundet.<\/p>\n","protected":false},"author":18,"featured_media":0,"comment_status":"open","ping_status":"closed","sticky":false,"template":"","format":"standard","meta":{"neve_meta_sidebar":"","neve_meta_container":"","neve_meta_enable_content_width":"","neve_meta_content_width":0,"neve_meta_title_alignment":"","neve_meta_author_avatar":"","neve_post_elements_order":"","neve_meta_disable_header":"","neve_meta_disable_footer":"","neve_meta_disable_title":"","jetpack_post_was_ever_published":false,"_jetpack_newsletter_access":"","_jetpack_dont_email_post_to_subs":false,"_jetpack_newsletter_tier_id":0,"_jetpack_memberships_contains_paywalled_content":false,"_jetpack_memberships_contains_paid_content":false,"footnotes":"","jetpack_publicize_message":"","jetpack_publicize_feature_enabled":true,"jetpack_social_post_already_shared":true,"jetpack_social_options":{"image_generator_settings":{"template":"highway","default_image_id":0,"font":"","enabled":false},"version":2}},"categories":[266,6,23],"tags":[58,93,78,79],"class_list":["post-9195","post","type-post","status-publish","format-standard","hentry","category-2022-pfadisalat-holland","category-pfadis","category-pfadis_sola_tagebuch","tag-pfadis","tag-pfadisalat","tag-sommerlager","tag-vorbereitung"],"jetpack_publicize_connections":[],"jetpack_featured_media_url":"","jetpack_sharing_enabled":true,"jetpack_shortlink":"https:\/\/wp.me\/p3G0PZ-2oj","_links":{"self":[{"href":"https:\/\/pfadfinder-kuppenheim.de\/index.php?rest_route=\/wp\/v2\/posts\/9195","targetHints":{"allow":["GET"]}}],"collection":[{"href":"https:\/\/pfadfinder-kuppenheim.de\/index.php?rest_route=\/wp\/v2\/posts"}],"about":[{"href":"https:\/\/pfadfinder-kuppenheim.de\/index.php?rest_route=\/wp\/v2\/types\/post"}],"author":[{"embeddable":true,"href":"https:\/\/pfadfinder-kuppenheim.de\/index.php?rest_route=\/wp\/v2\/users\/18"}],"replies":[{"embeddable":true,"href":"https:\/\/pfadfinder-kuppenheim.de\/index.php?rest_route=%2Fwp%2Fv2%2Fcomments&post=9195"}],"version-history":[{"count":1,"href":"https:\/\/pfadfinder-kuppenheim.de\/index.php?rest_route=\/wp\/v2\/posts\/9195\/revisions"}],"predecessor-version":[{"id":18280,"href":"https:\/\/pfadfinder-kuppenheim.de\/index.php?rest_route=\/wp\/v2\/posts\/9195\/revisions\/18280"}],"wp:attachment":[{"href":"https:\/\/pfadfinder-kuppenheim.de\/index.php?rest_route=%2Fwp%2Fv2%2Fmedia&parent=9195"}],"wp:term":[{"taxonomy":"category","embeddable":true,"href":"https:\/\/pfadfinder-kuppenheim.de\/index.php?rest_route=%2Fwp%2Fv2%2Fcategories&post=9195"},{"taxonomy":"post_tag","embeddable":true,"href":"https:\/\/pfadfinder-kuppenheim.de\/index.php?rest_route=%2Fwp%2Fv2%2Ftags&post=9195"}],"curies":[{"name":"wp","href":"https:\/\/api.w.org\/{rel}","templated":true}]}}