{"id":9102,"date":"2022-06-11T07:34:00","date_gmt":"2022-06-11T05:34:00","guid":{"rendered":"http:\/\/blog.pfadfinder-kuppenheim.de\/?p=9102"},"modified":"2022-07-30T07:36:22","modified_gmt":"2022-07-30T05:36:22","slug":"endlich-wieder-lagerleben","status":"publish","type":"post","link":"https:\/\/pfadfinder-kuppenheim.de\/?p=9102","title":{"rendered":"Endlich wieder Lagerleben"},"content":{"rendered":"\n<p>Unter dem Motto &#8222;Super&nbsp;Mario&nbsp;Party&#8220; ging es endlich mal wieder auf unser lang ersehntes Pfingstlager. Samt&nbsp;Schwedenstuhl&nbsp;und Isomatte fuhren wir mit dem Reisebus Richtung Hauenstein. Dort angekommen, errichteten wir gemeinsam unsere Lagerbauten. Durch die lange Zwangspause waren alle Pfadfinder etwas eingerostet, doch wir unterst\u00fctzten uns gegenseitig, und so ging es dann recht z\u00fcgig.<\/p>\n\n\n\n<p>Am Samstagmorgen starteten wir mit der Lagerer\u00f6ffnung und dem Gel\u00e4ndespiel in einen sch\u00f6nen, sonnigen Tag. Hierbei sollten die aus dem ganzen Stamm zusammengew\u00fcrfelten Gruppen mit ihren kreativen Namen kleine &#8222;Challenges&#8220; l\u00f6sen, um wie bei &#8222;Mensch-\u00c4rgere-Dich-nicht&#8220; auf einem Spielfeld vorzur\u00fccken.&nbsp;<\/p>\n\n\n\n<p>Da an diesem Abend die Stufen intern ihren T\u00e4tigkeiten nachgingen, hatten auch wir&nbsp;Pfadis&nbsp;etwas Zeit, nach dem Versprechen, wie \u00fcblich gemeinsam am Lagerfeuer zu<br>sitzen und unseren Klamotten das&nbsp;lager\u00fcbliche&nbsp;Raucharoma zu verleihen. &#8222;Smoken&#8220; ist ja in!<br>Sonntags gab es anl\u00e4sslich des Feiertages einen Gottesdienst, der mit dem ganzen Stamm, und dem extra hierf\u00fcr angereisten Pfarrer Sauer, in einer kleinen aber gem\u00fctlichen H\u00fctte abgehalten wurde.&nbsp; Zum kr\u00f6nenden Abschluss veranstalteten wir den &#8222;Bunten Abend&#8220;, den wir mit einem spektakul\u00e4ren Feuersprung ausklingen haben lassen.<\/p>\n\n\n\n<p>Am Montagmorgen mussten wir alle wieder unseren Zusammenhalt beweisen und Hand in Hand die Zelte vor dem bevorstehenden Regen sch\u00fctzen. Zum Schluss fuhren alle mit Wehmut,&nbsp; sch\u00f6nen Erinnerungen, dreckigen Klamotten und m\u00fcden Augen nach Kuppenheim, wo unsere Eltern sehns\u00fcchtigst auf uns warteten.<\/p>\n\n\n\n<p>Wir dr\u00fccken die Daumen, dass es auch n\u00e4chstes Jahr in Pr\u00e4senz mit unserem &#8222;Lagerleben&#8220; weiter&nbsp; geht.<br>Bis dahin &#8222;Gut Pfad&#8220;,&nbsp;Josi.<\/p>\n","protected":false},"excerpt":{"rendered":"<p>Unter dem Motto &#8222;Super&nbsp;Mario&nbsp;Party&#8220; ging es endlich mal wieder auf unser lang ersehntes Pfingstlager. Samt&nbsp;Schwedenstuhl&nbsp;und Isomatte fuhren wir mit dem Reisebus Richtung Hauenstein. Dort angekommen, errichteten wir gemeinsam unsere Lagerbauten. Durch die lange Zwangspause waren alle Pfadfinder etwas eingerostet, doch wir unterst\u00fctzten uns gegenseitig, und so ging es dann recht z\u00fcgig. Am Samstagmorgen starteten wir&hellip;&nbsp;<a href=\"https:\/\/pfadfinder-kuppenheim.de\/?p=9102\" class=\"\" rel=\"bookmark\">Weiterlesen &raquo;<span class=\"screen-reader-text\">Endlich wieder Lagerleben<\/span><\/a><\/p>\n","protected":false},"author":2,"featured_media":0,"comment_status":"closed","ping_status":"closed","sticky":false,"template":"","format":"standard","meta":{"neve_meta_sidebar":"","neve_meta_container":"","neve_meta_enable_content_width":"","neve_meta_content_width":0,"neve_meta_title_alignment":"","neve_meta_author_avatar":"","neve_post_elements_order":"","neve_meta_disable_header":"","neve_meta_disable_footer":"","neve_meta_disable_title":"","jetpack_post_was_ever_published":false,"_jetpack_newsletter_access":"","_jetpack_dont_email_post_to_subs":false,"_jetpack_newsletter_tier_id":0,"_jetpack_memberships_contains_paywalled_content":false,"_jetpack_memberships_contains_paid_content":false,"footnotes":"","jetpack_publicize_message":"","jetpack_publicize_feature_enabled":true,"jetpack_social_post_already_shared":true,"jetpack_social_options":{"image_generator_settings":{"template":"highway","default_image_id":0,"font":"","enabled":false},"version":2}},"categories":[42,75],"tags":[],"class_list":["post-9102","post","type-post","status-publish","format-standard","hentry","category-berichte","category-pfila-2022"],"jetpack_publicize_connections":[],"jetpack_featured_media_url":"","jetpack_sharing_enabled":true,"jetpack_shortlink":"https:\/\/wp.me\/p3G0PZ-2mO","_links":{"self":[{"href":"https:\/\/pfadfinder-kuppenheim.de\/index.php?rest_route=\/wp\/v2\/posts\/9102","targetHints":{"allow":["GET"]}}],"collection":[{"href":"https:\/\/pfadfinder-kuppenheim.de\/index.php?rest_route=\/wp\/v2\/posts"}],"about":[{"href":"https:\/\/pfadfinder-kuppenheim.de\/index.php?rest_route=\/wp\/v2\/types\/post"}],"author":[{"embeddable":true,"href":"https:\/\/pfadfinder-kuppenheim.de\/index.php?rest_route=\/wp\/v2\/users\/2"}],"replies":[{"embeddable":true,"href":"https:\/\/pfadfinder-kuppenheim.de\/index.php?rest_route=%2Fwp%2Fv2%2Fcomments&post=9102"}],"version-history":[{"count":1,"href":"https:\/\/pfadfinder-kuppenheim.de\/index.php?rest_route=\/wp\/v2\/posts\/9102\/revisions"}],"predecessor-version":[{"id":9103,"href":"https:\/\/pfadfinder-kuppenheim.de\/index.php?rest_route=\/wp\/v2\/posts\/9102\/revisions\/9103"}],"wp:attachment":[{"href":"https:\/\/pfadfinder-kuppenheim.de\/index.php?rest_route=%2Fwp%2Fv2%2Fmedia&parent=9102"}],"wp:term":[{"taxonomy":"category","embeddable":true,"href":"https:\/\/pfadfinder-kuppenheim.de\/index.php?rest_route=%2Fwp%2Fv2%2Fcategories&post=9102"},{"taxonomy":"post_tag","embeddable":true,"href":"https:\/\/pfadfinder-kuppenheim.de\/index.php?rest_route=%2Fwp%2Fv2%2Ftags&post=9102"}],"curies":[{"name":"wp","href":"https:\/\/api.w.org\/{rel}","templated":true}]}}