{"id":8815,"date":"2022-06-03T06:50:02","date_gmt":"2022-06-03T04:50:02","guid":{"rendered":"http:\/\/blog.pfadfinder-kuppenheim.de\/?p=8815"},"modified":"2022-06-07T08:51:13","modified_gmt":"2022-06-07T06:51:13","slug":"pfingstlager-2022","status":"publish","type":"post","link":"https:\/\/pfadfinder-kuppenheim.de\/?p=8815","title":{"rendered":"Pfingstlager 2022&#8230;"},"content":{"rendered":"\n<p>&#8230;das lang ersehnte Pfingstlager in traditioneller Form wird 2022 wahr.<br \/>Dieses f\u00fchrt nach Hauenstein in die Pfalz. Dort wollen wir gemeinsam<br \/>mit dem gesamten Pfadfinderstamm vier sch\u00f6ne Tage in Zelten verbringen.<\/p>\n\n\n\n<p>Tipp des Tages f\u00fcr die Abreise:<\/p>\n\n\n\n<ul class=\"wp-block-list\"><li>Schlafsack und Isomatte vergessen ist uncool!<\/li><\/ul>\n","protected":false},"excerpt":{"rendered":"<p>&#8230;das lang ersehnte Pfingstlager in traditioneller Form wird 2022 wahr.Dieses f\u00fchrt nach Hauenstein in die Pfalz. Dort wollen wir gemeinsammit dem gesamten Pfadfinderstamm vier sch\u00f6ne Tage in Zelten verbringen. Tipp des Tages f\u00fcr die Abreise: Schlafsack und Isomatte vergessen ist uncool!<\/p>\n","protected":false},"author":2,"featured_media":0,"comment_status":"open","ping_status":"closed","sticky":false,"template":"","format":"standard","meta":{"neve_meta_sidebar":"","neve_meta_container":"","neve_meta_enable_content_width":"","neve_meta_content_width":0,"neve_meta_title_alignment":"","neve_meta_author_avatar":"","neve_post_elements_order":"","neve_meta_disable_header":"","neve_meta_disable_footer":"","neve_meta_disable_title":"","jetpack_post_was_ever_published":false,"_jetpack_newsletter_access":"","_jetpack_dont_email_post_to_subs":false,"_jetpack_newsletter_tier_id":0,"_jetpack_memberships_contains_paywalled_content":false,"_jetpack_memberships_contains_paid_content":false,"footnotes":"","jetpack_publicize_message":"","jetpack_publicize_feature_enabled":true,"jetpack_social_post_already_shared":true,"jetpack_social_options":{"image_generator_settings":{"template":"highway","default_image_id":0,"font":"","enabled":false},"version":2}},"categories":[75],"tags":[76],"class_list":["post-8815","post","type-post","status-publish","format-standard","hentry","category-pfila-2022","tag-pfila"],"jetpack_publicize_connections":[],"jetpack_featured_media_url":"","jetpack_sharing_enabled":true,"jetpack_shortlink":"https:\/\/wp.me\/p3G0PZ-2ib","_links":{"self":[{"href":"https:\/\/pfadfinder-kuppenheim.de\/index.php?rest_route=\/wp\/v2\/posts\/8815","targetHints":{"allow":["GET"]}}],"collection":[{"href":"https:\/\/pfadfinder-kuppenheim.de\/index.php?rest_route=\/wp\/v2\/posts"}],"about":[{"href":"https:\/\/pfadfinder-kuppenheim.de\/index.php?rest_route=\/wp\/v2\/types\/post"}],"author":[{"embeddable":true,"href":"https:\/\/pfadfinder-kuppenheim.de\/index.php?rest_route=\/wp\/v2\/users\/2"}],"replies":[{"embeddable":true,"href":"https:\/\/pfadfinder-kuppenheim.de\/index.php?rest_route=%2Fwp%2Fv2%2Fcomments&post=8815"}],"version-history":[{"count":4,"href":"https:\/\/pfadfinder-kuppenheim.de\/index.php?rest_route=\/wp\/v2\/posts\/8815\/revisions"}],"predecessor-version":[{"id":8920,"href":"https:\/\/pfadfinder-kuppenheim.de\/index.php?rest_route=\/wp\/v2\/posts\/8815\/revisions\/8920"}],"wp:attachment":[{"href":"https:\/\/pfadfinder-kuppenheim.de\/index.php?rest_route=%2Fwp%2Fv2%2Fmedia&parent=8815"}],"wp:term":[{"taxonomy":"category","embeddable":true,"href":"https:\/\/pfadfinder-kuppenheim.de\/index.php?rest_route=%2Fwp%2Fv2%2Fcategories&post=8815"},{"taxonomy":"post_tag","embeddable":true,"href":"https:\/\/pfadfinder-kuppenheim.de\/index.php?rest_route=%2Fwp%2Fv2%2Ftags&post=8815"}],"curies":[{"name":"wp","href":"https:\/\/api.w.org\/{rel}","templated":true}]}}