{"id":8529,"date":"2022-03-16T17:59:16","date_gmt":"2022-03-16T16:59:16","guid":{"rendered":"http:\/\/blog.pfadfinder-kuppenheim.de\/?p=8529"},"modified":"2022-04-05T15:12:57","modified_gmt":"2022-04-05T13:12:57","slug":"fackeln-selbst-gemacht","status":"publish","type":"post","link":"https:\/\/pfadfinder-kuppenheim.de\/?p=8529","title":{"rendered":"Fackeln selbst gemacht"},"content":{"rendered":"\n<p>Die warme Jahreszeit r\u00fcckt n\u00e4her. Wir zeigen euch wie ihr ganz einfach Fackeln f\u00fcr die Terrasse, Balkon, Garten oder Zeltlager selbst herstellen k\u00f6nnt. <\/p>\n\n\n\n<p><a href=\"https:\/\/youtu.be\/1v6EwS18OWE\">https:\/\/youtu.be\/1v6EwS18OWE<\/a><\/p>\n","protected":false},"excerpt":{"rendered":"<p>Die warme Jahreszeit r\u00fcckt n\u00e4her. Wir zeigen euch wie ihr ganz einfach Fackeln f\u00fcr die Terrasse, Balkon, Garten oder Zeltlager selbst herstellen k\u00f6nnt. https:\/\/youtu.be\/1v6EwS18OWE<\/p>\n","protected":false},"author":4,"featured_media":0,"comment_status":"open","ping_status":"closed","sticky":false,"template":"","format":"standard","meta":{"neve_meta_sidebar":"","neve_meta_container":"","neve_meta_enable_content_width":"","neve_meta_content_width":0,"neve_meta_title_alignment":"","neve_meta_author_avatar":"","neve_post_elements_order":"","neve_meta_disable_header":"","neve_meta_disable_footer":"","neve_meta_disable_title":"","jetpack_post_was_ever_published":false,"_jetpack_newsletter_access":"","_jetpack_dont_email_post_to_subs":false,"_jetpack_newsletter_tier_id":0,"_jetpack_memberships_contains_paywalled_content":false,"_jetpack_memberships_contains_paid_content":false,"footnotes":"","jetpack_publicize_message":"","jetpack_publicize_feature_enabled":true,"jetpack_social_post_already_shared":true,"jetpack_social_options":{"image_generator_settings":{"template":"highway","default_image_id":0,"font":"","enabled":false},"version":2}},"categories":[42,8],"tags":[51,49,47,67],"class_list":["post-8529","post","type-post","status-publish","format-standard","hentry","category-berichte","category-leiterrunde","tag-fackeln","tag-leiter","tag-leiterrunde","tag-selbermachen"],"jetpack_publicize_connections":[],"jetpack_featured_media_url":"","jetpack_sharing_enabled":true,"jetpack_shortlink":"https:\/\/wp.me\/p3G0PZ-2dz","_links":{"self":[{"href":"https:\/\/pfadfinder-kuppenheim.de\/index.php?rest_route=\/wp\/v2\/posts\/8529","targetHints":{"allow":["GET"]}}],"collection":[{"href":"https:\/\/pfadfinder-kuppenheim.de\/index.php?rest_route=\/wp\/v2\/posts"}],"about":[{"href":"https:\/\/pfadfinder-kuppenheim.de\/index.php?rest_route=\/wp\/v2\/types\/post"}],"author":[{"embeddable":true,"href":"https:\/\/pfadfinder-kuppenheim.de\/index.php?rest_route=\/wp\/v2\/users\/4"}],"replies":[{"embeddable":true,"href":"https:\/\/pfadfinder-kuppenheim.de\/index.php?rest_route=%2Fwp%2Fv2%2Fcomments&post=8529"}],"version-history":[{"count":2,"href":"https:\/\/pfadfinder-kuppenheim.de\/index.php?rest_route=\/wp\/v2\/posts\/8529\/revisions"}],"predecessor-version":[{"id":8531,"href":"https:\/\/pfadfinder-kuppenheim.de\/index.php?rest_route=\/wp\/v2\/posts\/8529\/revisions\/8531"}],"wp:attachment":[{"href":"https:\/\/pfadfinder-kuppenheim.de\/index.php?rest_route=%2Fwp%2Fv2%2Fmedia&parent=8529"}],"wp:term":[{"taxonomy":"category","embeddable":true,"href":"https:\/\/pfadfinder-kuppenheim.de\/index.php?rest_route=%2Fwp%2Fv2%2Fcategories&post=8529"},{"taxonomy":"post_tag","embeddable":true,"href":"https:\/\/pfadfinder-kuppenheim.de\/index.php?rest_route=%2Fwp%2Fv2%2Ftags&post=8529"}],"curies":[{"name":"wp","href":"https:\/\/api.w.org\/{rel}","templated":true}]}}