{"id":8440,"date":"2021-12-18T09:37:34","date_gmt":"2021-12-18T08:37:34","guid":{"rendered":"http:\/\/blog.pfadfinder-kuppenheim.de\/?p=8440"},"modified":"2022-04-02T11:21:30","modified_gmt":"2022-04-02T09:21:30","slug":"nikolaus-begruesst-die-kommunionkinder","status":"publish","type":"post","link":"https:\/\/pfadfinder-kuppenheim.de\/?p=8440","title":{"rendered":"Nikolaus begr\u00fc\u00dft die Kommunionkinder"},"content":{"rendered":"\n<p class=\"has-text-align-justify\">Unter dem Motto &#8222;Bereitet dem Herrn den Weg &#8211; Tragt Licht in die Welt&#8220; haben die Pfadfinder gemeinsam mit dem Gemeindeteam am Nikolausabend einen Gottesdienst gestaltet. Die musikalische Umrahmung \u00fcbernahm eine Kleinbesetzung des Chores &#8222;Exodus&#8220;. Die neuen Kommunionkinder waren eingeladen und wurden in diesem Gottesdienst der Gemeinde vorgestellt. Sie durften ihr Foto mit Namen auf einem K\u00e4rtchen an eine Pinnwand h\u00e4ngen und einen Fingerabdruck auf ihrer Gruppenkerze hinterlassen.<br>Diese Kerze wurde schlie\u00dflich vom Heiligen Nikolaus in die Kirche getragen und vor den Altar gestellt. Um das Licht zu vermehren, durften alle Gottesdienstbesucher ein Teelicht anz\u00fcnden und zu dieser Kerze stellen.<\/p>\n\n\n\n<p class=\"has-text-align-justify\">Schlie\u00dflich wurde der Nikolaus wieder verabschiedet, da er vor der Kirche noch auf die Kinder warten wollte. Dort konnte man\u00a0selbstgebackene\u00a0Pl\u00e4tzchen der Pfadfinder kaufen. Der Erl\u00f6s wurde an die\u00a0Unicef-Kinderhilfe\u00a0gespendet.<\/p>\n\n\n\n<figure class=\"wp-block-image size-large\"><img data-recalc-dims=\"1\" loading=\"lazy\" decoding=\"async\" width=\"1024\" height=\"769\" src=\"https:\/\/i0.wp.com\/blog.pfadfinder-kuppenheim.de\/wp-content\/uploads\/2021\/12\/2021-12-05-11.26.59-1024x769.jpg?resize=1024%2C769\" alt=\"\" class=\"wp-image-8441\" srcset=\"https:\/\/i0.wp.com\/pfadfinder-kuppenheim.de\/wp-content\/uploads\/2021\/12\/2021-12-05-11.26.59-scaled.jpg?resize=1024%2C769&amp;ssl=1 1024w, https:\/\/i0.wp.com\/pfadfinder-kuppenheim.de\/wp-content\/uploads\/2021\/12\/2021-12-05-11.26.59-scaled.jpg?resize=300%2C225&amp;ssl=1 300w, https:\/\/i0.wp.com\/pfadfinder-kuppenheim.de\/wp-content\/uploads\/2021\/12\/2021-12-05-11.26.59-scaled.jpg?resize=768%2C577&amp;ssl=1 768w, https:\/\/i0.wp.com\/pfadfinder-kuppenheim.de\/wp-content\/uploads\/2021\/12\/2021-12-05-11.26.59-scaled.jpg?resize=1536%2C1153&amp;ssl=1 1536w, https:\/\/i0.wp.com\/pfadfinder-kuppenheim.de\/wp-content\/uploads\/2021\/12\/2021-12-05-11.26.59-scaled.jpg?resize=2048%2C1538&amp;ssl=1 2048w, https:\/\/i0.wp.com\/pfadfinder-kuppenheim.de\/wp-content\/uploads\/2021\/12\/2021-12-05-11.26.59-scaled.jpg?resize=750%2C563&amp;ssl=1 750w, https:\/\/i0.wp.com\/pfadfinder-kuppenheim.de\/wp-content\/uploads\/2021\/12\/2021-12-05-11.26.59-scaled.jpg?w=2400&amp;ssl=1 2400w\" sizes=\"auto, (max-width: 1024px) 100vw, 1024px\" \/><\/figure>\n\n\n\n<figure class=\"wp-block-image size-large\"><img data-recalc-dims=\"1\" loading=\"lazy\" decoding=\"async\" width=\"1024\" height=\"769\" src=\"https:\/\/i0.wp.com\/blog.pfadfinder-kuppenheim.de\/wp-content\/uploads\/2021\/12\/WhatsApp-Image-2021-12-17-at-14.18.34-1024x769.jpeg?resize=1024%2C769\" alt=\"\" class=\"wp-image-8442\" srcset=\"https:\/\/i0.wp.com\/pfadfinder-kuppenheim.de\/wp-content\/uploads\/2021\/12\/WhatsApp-Image-2021-12-17-at-14.18.34.jpeg?resize=1024%2C769&amp;ssl=1 1024w, https:\/\/i0.wp.com\/pfadfinder-kuppenheim.de\/wp-content\/uploads\/2021\/12\/WhatsApp-Image-2021-12-17-at-14.18.34.jpeg?resize=300%2C225&amp;ssl=1 300w, https:\/\/i0.wp.com\/pfadfinder-kuppenheim.de\/wp-content\/uploads\/2021\/12\/WhatsApp-Image-2021-12-17-at-14.18.34.jpeg?resize=768%2C576&amp;ssl=1 768w, https:\/\/i0.wp.com\/pfadfinder-kuppenheim.de\/wp-content\/uploads\/2021\/12\/WhatsApp-Image-2021-12-17-at-14.18.34.jpeg?resize=1536%2C1153&amp;ssl=1 1536w, https:\/\/i0.wp.com\/pfadfinder-kuppenheim.de\/wp-content\/uploads\/2021\/12\/WhatsApp-Image-2021-12-17-at-14.18.34.jpeg?resize=750%2C563&amp;ssl=1 750w, https:\/\/i0.wp.com\/pfadfinder-kuppenheim.de\/wp-content\/uploads\/2021\/12\/WhatsApp-Image-2021-12-17-at-14.18.34.jpeg?w=2048&amp;ssl=1 2048w\" sizes=\"auto, (max-width: 1024px) 100vw, 1024px\" \/><\/figure>\n","protected":false},"excerpt":{"rendered":"<p>Unter dem Motto &#8222;Bereitet dem Herrn den Weg &#8211; Tragt Licht in die Welt&#8220; haben die Pfadfinder gemeinsam mit dem Gemeindeteam am Nikolausabend einen Gottesdienst gestaltet. Die musikalische Umrahmung \u00fcbernahm eine Kleinbesetzung des Chores &#8222;Exodus&#8220;. Die neuen Kommunionkinder waren eingeladen und wurden in diesem Gottesdienst der Gemeinde vorgestellt. Sie durften ihr Foto mit Namen auf&hellip;&nbsp;<a href=\"https:\/\/pfadfinder-kuppenheim.de\/?p=8440\" class=\"\" rel=\"bookmark\">Weiterlesen &raquo;<span class=\"screen-reader-text\">Nikolaus begr\u00fc\u00dft die Kommunionkinder<\/span><\/a><\/p>\n","protected":false},"author":2,"featured_media":0,"comment_status":"closed","ping_status":"closed","sticky":false,"template":"","format":"standard","meta":{"neve_meta_sidebar":"","neve_meta_container":"","neve_meta_enable_content_width":"","neve_meta_content_width":0,"neve_meta_title_alignment":"","neve_meta_author_avatar":"","neve_post_elements_order":"","neve_meta_disable_header":"","neve_meta_disable_footer":"","neve_meta_disable_title":"","jetpack_post_was_ever_published":false,"_jetpack_newsletter_access":"","_jetpack_dont_email_post_to_subs":false,"_jetpack_newsletter_tier_id":0,"_jetpack_memberships_contains_paywalled_content":false,"_jetpack_memberships_contains_paid_content":false,"footnotes":"","jetpack_publicize_message":"","jetpack_publicize_feature_enabled":true,"jetpack_social_post_already_shared":true,"jetpack_social_options":{"image_generator_settings":{"template":"highway","default_image_id":0,"font":"","enabled":false},"version":2}},"categories":[42],"tags":[54],"class_list":["post-8440","post","type-post","status-publish","format-standard","hentry","category-berichte","tag-nikolaus"],"jetpack_publicize_connections":[],"jetpack_featured_media_url":"","jetpack_sharing_enabled":true,"jetpack_shortlink":"https:\/\/wp.me\/p3G0PZ-2c8","_links":{"self":[{"href":"https:\/\/pfadfinder-kuppenheim.de\/index.php?rest_route=\/wp\/v2\/posts\/8440","targetHints":{"allow":["GET"]}}],"collection":[{"href":"https:\/\/pfadfinder-kuppenheim.de\/index.php?rest_route=\/wp\/v2\/posts"}],"about":[{"href":"https:\/\/pfadfinder-kuppenheim.de\/index.php?rest_route=\/wp\/v2\/types\/post"}],"author":[{"embeddable":true,"href":"https:\/\/pfadfinder-kuppenheim.de\/index.php?rest_route=\/wp\/v2\/users\/2"}],"replies":[{"embeddable":true,"href":"https:\/\/pfadfinder-kuppenheim.de\/index.php?rest_route=%2Fwp%2Fv2%2Fcomments&post=8440"}],"version-history":[{"count":1,"href":"https:\/\/pfadfinder-kuppenheim.de\/index.php?rest_route=\/wp\/v2\/posts\/8440\/revisions"}],"predecessor-version":[{"id":8443,"href":"https:\/\/pfadfinder-kuppenheim.de\/index.php?rest_route=\/wp\/v2\/posts\/8440\/revisions\/8443"}],"wp:attachment":[{"href":"https:\/\/pfadfinder-kuppenheim.de\/index.php?rest_route=%2Fwp%2Fv2%2Fmedia&parent=8440"}],"wp:term":[{"taxonomy":"category","embeddable":true,"href":"https:\/\/pfadfinder-kuppenheim.de\/index.php?rest_route=%2Fwp%2Fv2%2Fcategories&post=8440"},{"taxonomy":"post_tag","embeddable":true,"href":"https:\/\/pfadfinder-kuppenheim.de\/index.php?rest_route=%2Fwp%2Fv2%2Ftags&post=8440"}],"curies":[{"name":"wp","href":"https:\/\/api.w.org\/{rel}","templated":true}]}}