{"id":7948,"date":"2021-05-22T20:00:00","date_gmt":"2021-05-22T18:00:00","guid":{"rendered":"http:\/\/blog.pfadfinder-kuppenheim.de\/?p=7948"},"modified":"2021-05-31T10:28:35","modified_gmt":"2021-05-31T08:28:35","slug":"sightseeing-tour-do-it-yourself","status":"publish","type":"post","link":"https:\/\/pfadfinder-kuppenheim.de\/?p=7948","title":{"rendered":"Sightseeing-Tour &#8211; Do it yourself"},"content":{"rendered":"\n<p>Am Sonntag d\u00fcrft Ihr euch wieder nach drau\u00dfen begeben. Hier gibt es kein festes Ziel! Ihr k\u00f6nnt euch selbst ein kleine oder gr\u00f6\u00dfere Wanderung raus suchen. Wer nicht so viel Wandern m\u00f6chte darf nat\u00fcrlich auch ein Spaziergang machen. Wer mag kann gerne an der &#8222;Bring&nbsp;your own Bike&#8220;-Station ein Fahrrad nehmen und damit eine Tour machen.<\/p>\n\n\n\n<p><strong>Hier z\u00e4hlt einfach nur das Unterwegs sein.<\/strong><\/p>\n\n\n\n<p>Alle Ausfl\u00fcge werden mit Sticker f\u00fcr euer Lagerheft belohnt. Also los geht&#8217;s, unternehmt etwas sch\u00f6nes und Berichtet uns von eurem Ausflug in unserem Chat! <\/p>\n\n\n\n<p><\/p>\n\n\n\n<p><\/p>\n\n\n\n<p>Falls es jemand durch das Fichtental zieht und dort die Ruine Alt Eberstein findet, so kann er direkt ein Sticker finden. Als Hinweis dieses Bild.<\/p>\n\n\n\n<figure class=\"wp-block-image size-large\"><img data-recalc-dims=\"1\" loading=\"lazy\" decoding=\"async\" width=\"1024\" height=\"665\" src=\"https:\/\/i0.wp.com\/blog.pfadfinder-kuppenheim.de\/wp-content\/uploads\/2021\/05\/image-2-1024x665.png?resize=1024%2C665\" alt=\"\" class=\"wp-image-7998\" srcset=\"https:\/\/i0.wp.com\/pfadfinder-kuppenheim.de\/wp-content\/uploads\/2021\/05\/image-2.png?resize=1024%2C665&amp;ssl=1 1024w, https:\/\/i0.wp.com\/pfadfinder-kuppenheim.de\/wp-content\/uploads\/2021\/05\/image-2.png?resize=300%2C195&amp;ssl=1 300w, https:\/\/i0.wp.com\/pfadfinder-kuppenheim.de\/wp-content\/uploads\/2021\/05\/image-2.png?resize=768%2C499&amp;ssl=1 768w, https:\/\/i0.wp.com\/pfadfinder-kuppenheim.de\/wp-content\/uploads\/2021\/05\/image-2.png?resize=1536%2C997&amp;ssl=1 1536w, https:\/\/i0.wp.com\/pfadfinder-kuppenheim.de\/wp-content\/uploads\/2021\/05\/image-2.png?resize=750%2C487&amp;ssl=1 750w, https:\/\/i0.wp.com\/pfadfinder-kuppenheim.de\/wp-content\/uploads\/2021\/05\/image-2.png?w=1928&amp;ssl=1 1928w\" sizes=\"auto, (max-width: 1024px) 100vw, 1024px\" \/><\/figure>\n\n\n\n<p><\/p>\n\n\n\n<p>Auch das Alte Schlo\u00df in Baden-Baden h\u00e4lt euch ein Sticker parat! Aus diesem Blickwinkel sind es nur ein paar Schritte.<\/p>\n\n\n\n<figure class=\"wp-block-image size-large\"><img data-recalc-dims=\"1\" loading=\"lazy\" decoding=\"async\" width=\"768\" height=\"1024\" src=\"https:\/\/i0.wp.com\/blog.pfadfinder-kuppenheim.de\/wp-content\/uploads\/2021\/05\/image-3-768x1024.png?resize=768%2C1024\" alt=\"\" class=\"wp-image-7999\" srcset=\"https:\/\/i0.wp.com\/pfadfinder-kuppenheim.de\/wp-content\/uploads\/2021\/05\/image-3.png?resize=768%2C1024&amp;ssl=1 768w, https:\/\/i0.wp.com\/pfadfinder-kuppenheim.de\/wp-content\/uploads\/2021\/05\/image-3.png?resize=225%2C300&amp;ssl=1 225w, https:\/\/i0.wp.com\/pfadfinder-kuppenheim.de\/wp-content\/uploads\/2021\/05\/image-3.png?resize=1152%2C1536&amp;ssl=1 1152w, https:\/\/i0.wp.com\/pfadfinder-kuppenheim.de\/wp-content\/uploads\/2021\/05\/image-3.png?resize=1536%2C2048&amp;ssl=1 1536w, https:\/\/i0.wp.com\/pfadfinder-kuppenheim.de\/wp-content\/uploads\/2021\/05\/image-3.png?resize=750%2C1000&amp;ssl=1 750w, https:\/\/i0.wp.com\/pfadfinder-kuppenheim.de\/wp-content\/uploads\/2021\/05\/image-3.png?w=2400&amp;ssl=1 2400w\" sizes=\"auto, (max-width: 768px) 100vw, 768px\" \/><\/figure>\n\n\n\n<p><\/p>\n\n\n\n<p>Und f\u00fcr die Spazierg\u00e4nger unter euch, k\u00f6nnt Ihr im Park vom Schloss Favorite auch ein Sticker finden. <\/p>\n\n\n\n<figure class=\"wp-block-audio\"><audio controls src=\"http:\/\/blog.pfadfinder-kuppenheim.de\/wp-content\/uploads\/2021\/05\/Favoritestrasse-2-online-audio-converter.com_.mp3\"><\/audio><figcaption>Hier der Hinweis f\u00fcr das Versteck im Schlosspark<\/figcaption><\/figure>\n\n\n\n<p>Genie\u00dft den Tag und sammelt Energie f\u00fcr den Bunten Abend.<\/p>\n","protected":false},"excerpt":{"rendered":"<p>Am Sonntag d\u00fcrft Ihr euch wieder nach drau\u00dfen begeben. Hier gibt es kein festes Ziel! Ihr k\u00f6nnt euch selbst ein kleine oder gr\u00f6\u00dfere Wanderung raus suchen. Wer nicht so viel Wandern m\u00f6chte darf nat\u00fcrlich auch ein Spaziergang machen. Wer mag kann gerne an der &#8222;Bring&nbsp;your own Bike&#8220;-Station ein Fahrrad nehmen und damit eine Tour machen.&hellip;&nbsp;<a href=\"https:\/\/pfadfinder-kuppenheim.de\/?p=7948\" class=\"\" rel=\"bookmark\">Weiterlesen &raquo;<span class=\"screen-reader-text\">Sightseeing-Tour &#8211; Do it yourself<\/span><\/a><\/p>\n","protected":false},"author":2,"featured_media":0,"comment_status":"closed","ping_status":"closed","sticky":false,"template":"","format":"standard","meta":{"neve_meta_sidebar":"","neve_meta_container":"","neve_meta_enable_content_width":"","neve_meta_content_width":0,"neve_meta_title_alignment":"","neve_meta_author_avatar":"","neve_post_elements_order":"","neve_meta_disable_header":"","neve_meta_disable_footer":"","neve_meta_disable_title":"","jetpack_post_was_ever_published":false,"_jetpack_newsletter_access":"","_jetpack_dont_email_post_to_subs":false,"_jetpack_newsletter_tier_id":0,"_jetpack_memberships_contains_paywalled_content":false,"_jetpack_memberships_contains_paid_content":false,"footnotes":"","jetpack_publicize_message":"","jetpack_publicize_feature_enabled":true,"jetpack_social_post_already_shared":true,"jetpack_social_options":{"image_generator_settings":{"template":"highway","default_image_id":0,"font":"","enabled":false},"version":2}},"categories":[39],"tags":[],"class_list":["post-7948","post","type-post","status-publish","format-standard","hentry","category-pfila-2021"],"jetpack_publicize_connections":[],"jetpack_featured_media_url":"","jetpack_sharing_enabled":true,"jetpack_shortlink":"https:\/\/wp.me\/p3G0PZ-24c","_links":{"self":[{"href":"https:\/\/pfadfinder-kuppenheim.de\/index.php?rest_route=\/wp\/v2\/posts\/7948","targetHints":{"allow":["GET"]}}],"collection":[{"href":"https:\/\/pfadfinder-kuppenheim.de\/index.php?rest_route=\/wp\/v2\/posts"}],"about":[{"href":"https:\/\/pfadfinder-kuppenheim.de\/index.php?rest_route=\/wp\/v2\/types\/post"}],"author":[{"embeddable":true,"href":"https:\/\/pfadfinder-kuppenheim.de\/index.php?rest_route=\/wp\/v2\/users\/2"}],"replies":[{"embeddable":true,"href":"https:\/\/pfadfinder-kuppenheim.de\/index.php?rest_route=%2Fwp%2Fv2%2Fcomments&post=7948"}],"version-history":[{"count":9,"href":"https:\/\/pfadfinder-kuppenheim.de\/index.php?rest_route=\/wp\/v2\/posts\/7948\/revisions"}],"predecessor-version":[{"id":8007,"href":"https:\/\/pfadfinder-kuppenheim.de\/index.php?rest_route=\/wp\/v2\/posts\/7948\/revisions\/8007"}],"wp:attachment":[{"href":"https:\/\/pfadfinder-kuppenheim.de\/index.php?rest_route=%2Fwp%2Fv2%2Fmedia&parent=7948"}],"wp:term":[{"taxonomy":"category","embeddable":true,"href":"https:\/\/pfadfinder-kuppenheim.de\/index.php?rest_route=%2Fwp%2Fv2%2Fcategories&post=7948"},{"taxonomy":"post_tag","embeddable":true,"href":"https:\/\/pfadfinder-kuppenheim.de\/index.php?rest_route=%2Fwp%2Fv2%2Ftags&post=7948"}],"curies":[{"name":"wp","href":"https:\/\/api.w.org\/{rel}","templated":true}]}}