{"id":7276,"date":"2020-08-01T12:33:01","date_gmt":"2020-08-01T10:33:01","guid":{"rendered":"http:\/\/blog.pfadfinder-kuppenheim.de\/?p=7276"},"modified":"2021-05-03T17:57:01","modified_gmt":"2021-05-03T15:57:01","slug":"bericht-27-07-2020","status":"publish","type":"post","link":"https:\/\/pfadfinder-kuppenheim.de\/?p=7276","title":{"rendered":"Pfadi-Bericht 27.07.2020"},"content":{"rendered":"\n<p>Am Montag den 27.07. freuten sich alle Pfadis sehr, denn seit dem 16.03. durften sie sich das erste Mal wieder pers\u00f6nlich am neuen Vereinsheim, dem W\u00f644, treffen. Nach einer kleinen Plauderrunde fingen sie an zu grillen, spielten Spiele und unterhielten sich \u00fcber die n\u00e4chsten Wochen. Nat\u00fcrlich fand das ganze unter den bestehenden Hygienema\u00dfnahmen statt, aber trotzdem hatten alle viel Spa\u00df. Da in den Sommerferien kein Sommerlager stattfinden kann, besprachen die Leiter mit den Pfadis, was sie in den n\u00e4chsten zwei Wochen als Ersatzprogramm machen wollen. Es wird z.B. einen Hike und weitere Gruppenstunden trotz Ferien geben. Die zwei Stunden waren wie immer sehr schnell um, aber die Pfadis freuen sich schon auf n\u00e4chste Woche. Auch wenn die letzten Monate mit dem Online-Angebot recht gut \u00fcberbr\u00fcckt werden konnten, ersetzt doch nichts das Gef\u00fchl, sich endlich wieder im echten Leben zu treffen.<\/p>\n\n\n\n<p>Frauke Herm<\/p>\n\n\n\n<figure class=\"wp-block-image size-large\"><img data-recalc-dims=\"1\" loading=\"lazy\" decoding=\"async\" width=\"1024\" height=\"768\" src=\"https:\/\/i0.wp.com\/blog.pfadfinder-kuppenheim.de\/wp-content\/uploads\/2020\/08\/WhatsApp-Image-2020-07-27-at-19.44.06-1024x768.jpeg?resize=1024%2C768\" alt=\"\" class=\"wp-image-7277\" srcset=\"https:\/\/i0.wp.com\/pfadfinder-kuppenheim.de\/wp-content\/uploads\/2020\/08\/WhatsApp-Image-2020-07-27-at-19.44.06.jpeg?resize=1024%2C768&amp;ssl=1 1024w, https:\/\/i0.wp.com\/pfadfinder-kuppenheim.de\/wp-content\/uploads\/2020\/08\/WhatsApp-Image-2020-07-27-at-19.44.06.jpeg?resize=300%2C225&amp;ssl=1 300w, https:\/\/i0.wp.com\/pfadfinder-kuppenheim.de\/wp-content\/uploads\/2020\/08\/WhatsApp-Image-2020-07-27-at-19.44.06.jpeg?resize=768%2C576&amp;ssl=1 768w, https:\/\/i0.wp.com\/pfadfinder-kuppenheim.de\/wp-content\/uploads\/2020\/08\/WhatsApp-Image-2020-07-27-at-19.44.06.jpeg?resize=1536%2C1152&amp;ssl=1 1536w, https:\/\/i0.wp.com\/pfadfinder-kuppenheim.de\/wp-content\/uploads\/2020\/08\/WhatsApp-Image-2020-07-27-at-19.44.06.jpeg?resize=750%2C563&amp;ssl=1 750w, https:\/\/i0.wp.com\/pfadfinder-kuppenheim.de\/wp-content\/uploads\/2020\/08\/WhatsApp-Image-2020-07-27-at-19.44.06.jpeg?w=1600&amp;ssl=1 1600w\" sizes=\"auto, (max-width: 1024px) 100vw, 1024px\" \/><figcaption>Grillen ist mit Abstand unsere Lieblingsbesch\u00e4ftigung!<\/figcaption><\/figure>\n","protected":false},"excerpt":{"rendered":"<p>Am Montag den 27.07. freuten sich alle Pfadis sehr, denn seit dem 16.03. durften sie sich das erste Mal wieder pers\u00f6nlich am neuen Vereinsheim, dem W\u00f644, treffen. Nach einer kleinen Plauderrunde fingen sie an zu grillen, spielten Spiele und unterhielten sich \u00fcber die n\u00e4chsten Wochen. Nat\u00fcrlich fand das ganze unter den bestehenden Hygienema\u00dfnahmen statt, aber&hellip;&nbsp;<a href=\"https:\/\/pfadfinder-kuppenheim.de\/?p=7276\" class=\"\" rel=\"bookmark\">Weiterlesen &raquo;<span class=\"screen-reader-text\">Pfadi-Bericht 27.07.2020<\/span><\/a><\/p>\n","protected":false},"author":12,"featured_media":0,"comment_status":"open","ping_status":"closed","sticky":false,"template":"","format":"standard","meta":{"neve_meta_sidebar":"","neve_meta_container":"","neve_meta_enable_content_width":"","neve_meta_content_width":0,"neve_meta_title_alignment":"","neve_meta_author_avatar":"","neve_post_elements_order":"","neve_meta_disable_header":"","neve_meta_disable_footer":"","neve_meta_disable_title":"","jetpack_post_was_ever_published":false,"_jetpack_newsletter_access":"","_jetpack_dont_email_post_to_subs":false,"_jetpack_newsletter_tier_id":0,"_jetpack_memberships_contains_paywalled_content":false,"_jetpack_memberships_contains_paid_content":false,"footnotes":"","jetpack_publicize_message":"","jetpack_publicize_feature_enabled":true,"jetpack_social_post_already_shared":true,"jetpack_social_options":{"image_generator_settings":{"template":"highway","default_image_id":0,"font":"","enabled":false},"version":2}},"categories":[6],"tags":[],"class_list":["post-7276","post","type-post","status-publish","format-standard","hentry","category-pfadis"],"jetpack_publicize_connections":[],"jetpack_featured_media_url":"","jetpack_sharing_enabled":true,"jetpack_shortlink":"https:\/\/wp.me\/p3G0PZ-1Tm","_links":{"self":[{"href":"https:\/\/pfadfinder-kuppenheim.de\/index.php?rest_route=\/wp\/v2\/posts\/7276","targetHints":{"allow":["GET"]}}],"collection":[{"href":"https:\/\/pfadfinder-kuppenheim.de\/index.php?rest_route=\/wp\/v2\/posts"}],"about":[{"href":"https:\/\/pfadfinder-kuppenheim.de\/index.php?rest_route=\/wp\/v2\/types\/post"}],"author":[{"embeddable":true,"href":"https:\/\/pfadfinder-kuppenheim.de\/index.php?rest_route=\/wp\/v2\/users\/12"}],"replies":[{"embeddable":true,"href":"https:\/\/pfadfinder-kuppenheim.de\/index.php?rest_route=%2Fwp%2Fv2%2Fcomments&post=7276"}],"version-history":[{"count":2,"href":"https:\/\/pfadfinder-kuppenheim.de\/index.php?rest_route=\/wp\/v2\/posts\/7276\/revisions"}],"predecessor-version":[{"id":7314,"href":"https:\/\/pfadfinder-kuppenheim.de\/index.php?rest_route=\/wp\/v2\/posts\/7276\/revisions\/7314"}],"wp:attachment":[{"href":"https:\/\/pfadfinder-kuppenheim.de\/index.php?rest_route=%2Fwp%2Fv2%2Fmedia&parent=7276"}],"wp:term":[{"taxonomy":"category","embeddable":true,"href":"https:\/\/pfadfinder-kuppenheim.de\/index.php?rest_route=%2Fwp%2Fv2%2Fcategories&post=7276"},{"taxonomy":"post_tag","embeddable":true,"href":"https:\/\/pfadfinder-kuppenheim.de\/index.php?rest_route=%2Fwp%2Fv2%2Ftags&post=7276"}],"curies":[{"name":"wp","href":"https:\/\/api.w.org\/{rel}","templated":true}]}}