{"id":7238,"date":"2020-06-27T14:24:04","date_gmt":"2020-06-27T12:24:04","guid":{"rendered":"http:\/\/blog.pfadfinder-kuppenheim.de\/?p=7238"},"modified":"2021-05-03T17:57:50","modified_gmt":"2021-05-03T15:57:50","slug":"online-truppstunde-22-06-2020","status":"publish","type":"post","link":"https:\/\/pfadfinder-kuppenheim.de\/?p=7238","title":{"rendered":"Online-Truppstunde 22.06.2020"},"content":{"rendered":"\n<p>Was war wohl am Montag wieder?<br>Genau, Gruppenstunde von den Pfadis, aber dass wir uns mal wieder online getroffen haben, steht wahrscheinlich schon in jedem vorhergehenden Bericht.<br>Naja egal, jetzt schreib Ichs trotzdem. \ud83d\ude00<\/p>\n\n\n\n<p>Wir haben uns also wieder um 19 Uhr dank modernster Technik von zu Hause aus zusammengefunden. Es ging direkt los mit dem allseits bekannten und gesch\u00e4tzten Spiel \u201eWessen Rucksack ist das?\u201c. Jeder hatte zuvor ein Bild von seinem Rucksack eingesendet und jetzt musste man die Rucks\u00e4cke den jeweiligen Personen zuordnen. Einige Pfadis konnten nahezu alle Rucks\u00e4cke identifizieren, bei anderen musste man sich jedoch fragen ob ihnen der Begriff \u201eRucksack\u201c \u00fcberhaupt gel\u00e4ufig ist.<\/p>\n\n\n\n<p>Im Anschluss haben wir uns in zwei Gruppen weitere Gedanken \u00fcber den Ablauf eines potentiellen Sommerlagers gemacht, welche wir dann an die Leiterrunde weitergeben k\u00f6nnen.<\/p>\n\n\n\n<p>Danach wollten wir noch eine Runde \u201eWer bin ich\u201c spielen; jeder suchte sich eine Person aus und die anderen mussten durch geschickte Ja\/Nein-Fragen auf besagte Person kommen.<br>Dies dauerte aus unerkl\u00e4rlichen Gr\u00fcnden (beziehungsweise der Tatsache, dass die Pfadistufe im Allgemeinen einfach nur verdammt schlecht darin ist, sich Dinge zu merken \ud83d\ude00 ) l\u00e4nger als gedacht.<br>Wie man es schon von den Pfadis gewohnt ist, endete die Gruppenstunde also fast p\u00fcnktlich mit Versp\u00e4tung um 21:30.<\/p>\n\n\n\n<p>Jonas K\u00fchn (Bi)<\/p>\n","protected":false},"excerpt":{"rendered":"<p>Was war wohl am Montag wieder?Genau, Gruppenstunde von den Pfadis, aber dass wir uns mal wieder online getroffen haben, steht wahrscheinlich schon in jedem vorhergehenden Bericht.Naja egal, jetzt schreib Ichs trotzdem. \ud83d\ude00 Wir haben uns also wieder um 19 Uhr dank modernster Technik von zu Hause aus zusammengefunden. Es ging direkt los mit dem allseits&hellip;&nbsp;<a href=\"https:\/\/pfadfinder-kuppenheim.de\/?p=7238\" class=\"\" rel=\"bookmark\">Weiterlesen &raquo;<span class=\"screen-reader-text\">Online-Truppstunde 22.06.2020<\/span><\/a><\/p>\n","protected":false},"author":12,"featured_media":0,"comment_status":"open","ping_status":"closed","sticky":false,"template":"","format":"standard","meta":{"neve_meta_sidebar":"","neve_meta_container":"","neve_meta_enable_content_width":"","neve_meta_content_width":0,"neve_meta_title_alignment":"","neve_meta_author_avatar":"","neve_post_elements_order":"","neve_meta_disable_header":"","neve_meta_disable_footer":"","neve_meta_disable_title":"","jetpack_post_was_ever_published":false,"_jetpack_newsletter_access":"","_jetpack_dont_email_post_to_subs":false,"_jetpack_newsletter_tier_id":0,"_jetpack_memberships_contains_paywalled_content":false,"_jetpack_memberships_contains_paid_content":false,"footnotes":"","jetpack_publicize_message":"","jetpack_publicize_feature_enabled":true,"jetpack_social_post_already_shared":true,"jetpack_social_options":{"image_generator_settings":{"template":"highway","default_image_id":0,"font":"","enabled":false},"version":2}},"categories":[6],"tags":[],"class_list":["post-7238","post","type-post","status-publish","format-standard","hentry","category-pfadis"],"jetpack_publicize_connections":[],"jetpack_featured_media_url":"","jetpack_sharing_enabled":true,"jetpack_shortlink":"https:\/\/wp.me\/p3G0PZ-1SK","_links":{"self":[{"href":"https:\/\/pfadfinder-kuppenheim.de\/index.php?rest_route=\/wp\/v2\/posts\/7238","targetHints":{"allow":["GET"]}}],"collection":[{"href":"https:\/\/pfadfinder-kuppenheim.de\/index.php?rest_route=\/wp\/v2\/posts"}],"about":[{"href":"https:\/\/pfadfinder-kuppenheim.de\/index.php?rest_route=\/wp\/v2\/types\/post"}],"author":[{"embeddable":true,"href":"https:\/\/pfadfinder-kuppenheim.de\/index.php?rest_route=\/wp\/v2\/users\/12"}],"replies":[{"embeddable":true,"href":"https:\/\/pfadfinder-kuppenheim.de\/index.php?rest_route=%2Fwp%2Fv2%2Fcomments&post=7238"}],"version-history":[{"count":2,"href":"https:\/\/pfadfinder-kuppenheim.de\/index.php?rest_route=\/wp\/v2\/posts\/7238\/revisions"}],"predecessor-version":[{"id":7240,"href":"https:\/\/pfadfinder-kuppenheim.de\/index.php?rest_route=\/wp\/v2\/posts\/7238\/revisions\/7240"}],"wp:attachment":[{"href":"https:\/\/pfadfinder-kuppenheim.de\/index.php?rest_route=%2Fwp%2Fv2%2Fmedia&parent=7238"}],"wp:term":[{"taxonomy":"category","embeddable":true,"href":"https:\/\/pfadfinder-kuppenheim.de\/index.php?rest_route=%2Fwp%2Fv2%2Fcategories&post=7238"},{"taxonomy":"post_tag","embeddable":true,"href":"https:\/\/pfadfinder-kuppenheim.de\/index.php?rest_route=%2Fwp%2Fv2%2Ftags&post=7238"}],"curies":[{"name":"wp","href":"https:\/\/api.w.org\/{rel}","templated":true}]}}