{"id":7022,"date":"2020-05-29T17:00:00","date_gmt":"2020-05-29T15:00:00","guid":{"rendered":"http:\/\/blog.pfadfinder-kuppenheim.de\/?p=7022"},"modified":"2020-05-29T15:40:27","modified_gmt":"2020-05-29T13:40:27","slug":"es-geht-los-pfila-2020-im-zelt-zuhause","status":"publish","type":"post","link":"https:\/\/pfadfinder-kuppenheim.de\/?p=7022","title":{"rendered":"Es geht los! Pfila 2020 &#8211; Neu Verbunden &#8211; Im Zelt ZuHause!"},"content":{"rendered":"\n<p>Die Vorbereitungen laufen seit Monaten, wir alle sind sehr gespannt und ENDLICH geht es los!<br>Wir wollen gar nicht viele Worte verlieren und das Video lieber f\u00fcr sich selbst sprechen lassen. Wenn ihr uns etwas mitteilen m\u00f6chtet, zum Programm oder wie ihr das Lager erlebt, Schwierigkeiten oder kleine Gl\u00fccksmomente, teilt sie uns gerne mit. In Videoform, als Bild, als Textnachricht, als Kommentar auf YouTube und selbstverst\u00e4ndlich hier auf dem Blog; wir freuen uns \u00fcber jedes Feedback<br>Nat\u00fcrlich halten wir euch auch weiter hier und auf Slack auf dem Laufen \u00fcber das kommende Programm.<br>Aber jetzt geht es wirklich los!<br>Wir freuen uns, mit euch gemeinsam das Pfingstlager 2020 zu erleben: neu verbunden &#8211; im Zelt ZuHause.<\/p>\n\n\n\n<p><a href=\"https:\/\/youtu.be\/2DTQ7GTFEsk\">Und hier geht es zur Lagerer\u00f6ffung!<\/a><\/p>\n\n\n\n<figure class=\"wp-block-embed-youtube wp-block-embed is-type-video is-provider-youtube wp-embed-aspect-16-9 wp-has-aspect-ratio\"><div class=\"wp-block-embed__wrapper\">\n<div class=\"nv-iframe-embed\"><span class=\"embed-youtube\" style=\"text-align:center; display: block;\"><iframe loading=\"lazy\" class=\"youtube-player\" width=\"1200\" height=\"675\" src=\"https:\/\/www.youtube.com\/embed\/2DTQ7GTFEsk?version=3&#038;rel=1&#038;showsearch=0&#038;showinfo=1&#038;iv_load_policy=1&#038;fs=1&#038;hl=de-DE&#038;autohide=2&#038;wmode=transparent\" allowfullscreen=\"true\" style=\"border:0;\" sandbox=\"allow-scripts allow-same-origin allow-popups allow-presentation allow-popups-to-escape-sandbox\"><\/iframe><\/span><\/div>\n<\/div><\/figure>\n","protected":false},"excerpt":{"rendered":"<p>Die Vorbereitungen laufen seit Monaten, wir alle sind sehr gespannt und ENDLICH geht es los!Wir wollen gar nicht viele Worte verlieren und das Video lieber f\u00fcr sich selbst sprechen lassen. Wenn ihr uns etwas mitteilen m\u00f6chtet, zum Programm oder wie ihr das Lager erlebt, Schwierigkeiten oder kleine Gl\u00fccksmomente, teilt sie uns gerne mit. In Videoform,&hellip;&nbsp;<a href=\"https:\/\/pfadfinder-kuppenheim.de\/?p=7022\" class=\"\" rel=\"bookmark\">Weiterlesen &raquo;<span class=\"screen-reader-text\">Es geht los! Pfila 2020 &#8211; Neu Verbunden &#8211; Im Zelt ZuHause!<\/span><\/a><\/p>\n","protected":false},"author":2,"featured_media":0,"comment_status":"open","ping_status":"closed","sticky":false,"template":"","format":"standard","meta":{"neve_meta_sidebar":"","neve_meta_container":"","neve_meta_enable_content_width":"","neve_meta_content_width":0,"neve_meta_title_alignment":"","neve_meta_author_avatar":"","neve_post_elements_order":"","neve_meta_disable_header":"","neve_meta_disable_footer":"","neve_meta_disable_title":"","jetpack_post_was_ever_published":false,"_jetpack_newsletter_access":"","_jetpack_dont_email_post_to_subs":false,"_jetpack_newsletter_tier_id":0,"_jetpack_memberships_contains_paywalled_content":false,"_jetpack_memberships_contains_paid_content":false,"footnotes":"","jetpack_publicize_message":"","jetpack_publicize_feature_enabled":true,"jetpack_social_post_already_shared":true,"jetpack_social_options":{"image_generator_settings":{"template":"highway","default_image_id":0,"font":"","enabled":false},"version":2}},"categories":[32],"tags":[],"class_list":["post-7022","post","type-post","status-publish","format-standard","hentry","category-pfila-2020"],"jetpack_publicize_connections":[],"jetpack_featured_media_url":"","jetpack_sharing_enabled":true,"jetpack_shortlink":"https:\/\/wp.me\/p3G0PZ-1Pg","_links":{"self":[{"href":"https:\/\/pfadfinder-kuppenheim.de\/index.php?rest_route=\/wp\/v2\/posts\/7022","targetHints":{"allow":["GET"]}}],"collection":[{"href":"https:\/\/pfadfinder-kuppenheim.de\/index.php?rest_route=\/wp\/v2\/posts"}],"about":[{"href":"https:\/\/pfadfinder-kuppenheim.de\/index.php?rest_route=\/wp\/v2\/types\/post"}],"author":[{"embeddable":true,"href":"https:\/\/pfadfinder-kuppenheim.de\/index.php?rest_route=\/wp\/v2\/users\/2"}],"replies":[{"embeddable":true,"href":"https:\/\/pfadfinder-kuppenheim.de\/index.php?rest_route=%2Fwp%2Fv2%2Fcomments&post=7022"}],"version-history":[{"count":2,"href":"https:\/\/pfadfinder-kuppenheim.de\/index.php?rest_route=\/wp\/v2\/posts\/7022\/revisions"}],"predecessor-version":[{"id":7024,"href":"https:\/\/pfadfinder-kuppenheim.de\/index.php?rest_route=\/wp\/v2\/posts\/7022\/revisions\/7024"}],"wp:attachment":[{"href":"https:\/\/pfadfinder-kuppenheim.de\/index.php?rest_route=%2Fwp%2Fv2%2Fmedia&parent=7022"}],"wp:term":[{"taxonomy":"category","embeddable":true,"href":"https:\/\/pfadfinder-kuppenheim.de\/index.php?rest_route=%2Fwp%2Fv2%2Fcategories&post=7022"},{"taxonomy":"post_tag","embeddable":true,"href":"https:\/\/pfadfinder-kuppenheim.de\/index.php?rest_route=%2Fwp%2Fv2%2Ftags&post=7022"}],"curies":[{"name":"wp","href":"https:\/\/api.w.org\/{rel}","templated":true}]}}