{"id":691,"date":"2014-08-08T09:41:00","date_gmt":"2014-08-08T07:41:00","guid":{"rendered":"http:\/\/blog.pfadfinder-kuppenheim.de\/?p=691"},"modified":"2017-10-27T13:40:10","modified_gmt":"2017-10-27T11:40:10","slug":"hajk-sippe-babofuechse","status":"publish","type":"post","link":"https:\/\/pfadfinder-kuppenheim.de\/?p=691","title":{"rendered":"Hajk Sippe Babof\u00fcchse"},"content":{"rendered":"<p>Halli Hallo, Sofian der Hajkleiterreporter wird bei dieser Sippe alles m\u00f6gliche dokumentieren&#8230;<\/p>\n<p>Die ersten Vorbereitungen;<br \/>\n<a href=\"https:\/\/i0.wp.com\/blog.pfadfinder-kuppenheim.de\/wp-content\/uploads\/2014\/08\/wpid-20140808_093919.jpg\"><img data-recalc-dims=\"1\" decoding=\"async\" title=\"20140808_093919.jpg\" class=\"alignnone size-full\" alt=\"image\" src=\"https:\/\/i0.wp.com\/blog.pfadfinder-kuppenheim.de\/wp-content\/uploads\/2014\/08\/wpid-20140808_093919.jpg?w=1200\" \/><\/a> <\/p>\n<p><a href=\"https:\/\/i0.wp.com\/blog.pfadfinder-kuppenheim.de\/wp-content\/uploads\/2014\/08\/wpid-20140808_102606.jpg\"><img data-recalc-dims=\"1\" decoding=\"async\" title=\"20140808_102606.jpg\" class=\"alignnone size-full\" alt=\"image\" src=\"https:\/\/i0.wp.com\/blog.pfadfinder-kuppenheim.de\/wp-content\/uploads\/2014\/08\/wpid-20140808_102606.jpg?w=1200\" \/><\/a><\/p>\n<p>Und los geht&#8230;.<\/p>\n<p>10.50 Uhr&#8230;<br \/>\n<a href=\"https:\/\/i0.wp.com\/blog.pfadfinder-kuppenheim.de\/wp-content\/uploads\/2014\/08\/wpid-20140808_104913.jpg\"><img data-recalc-dims=\"1\" decoding=\"async\" title=\"20140808_104913.jpg\" class=\"alignnone size-full\" alt=\"image\" src=\"https:\/\/i0.wp.com\/blog.pfadfinder-kuppenheim.de\/wp-content\/uploads\/2014\/08\/wpid-20140808_104913.jpg?w=1200\" \/><\/a><\/p>\n<p>Auch eine Pause geh\u00f6rt dazu.<br \/>\n<a href=\"https:\/\/i0.wp.com\/blog.pfadfinder-kuppenheim.de\/wp-content\/uploads\/2014\/08\/wpid-20140808_122539.jpg\"><img data-recalc-dims=\"1\" decoding=\"async\" title=\"20140808_122539.jpg\" class=\"alignnone size-full\" alt=\"image\" src=\"https:\/\/i0.wp.com\/blog.pfadfinder-kuppenheim.de\/wp-content\/uploads\/2014\/08\/wpid-20140808_122539.jpg?w=1200\" \/><\/a><br \/>\n<a href=\"https:\/\/i0.wp.com\/blog.pfadfinder-kuppenheim.de\/wp-content\/uploads\/2014\/08\/wpid-20140808_133056.jpg\"><img data-recalc-dims=\"1\" decoding=\"async\" title=\"20140808_133056.jpg\" class=\"alignnone size-full\" alt=\"image\" src=\"https:\/\/i0.wp.com\/blog.pfadfinder-kuppenheim.de\/wp-content\/uploads\/2014\/08\/wpid-20140808_133056.jpg?w=1200\" \/><\/a> <\/p>\n<p>Aussichtspunkt des Frankfurter Flughafens..<br \/>\n<a href=\"https:\/\/i0.wp.com\/blog.pfadfinder-kuppenheim.de\/wp-content\/uploads\/2014\/08\/wpid-20140808_150924.jpg\"><img data-recalc-dims=\"1\" decoding=\"async\" title=\"20140808_150924.jpg\" class=\"alignnone size-full\" alt=\"image\" src=\"https:\/\/i0.wp.com\/blog.pfadfinder-kuppenheim.de\/wp-content\/uploads\/2014\/08\/wpid-20140808_150924.jpg?w=1200\" \/><\/a><\/p>\n<p>Nach langen Wegen und kostenlosen Luftansapersonalbus fahren mussten wir leider feststellen das keine Rundfahren mehr um diese Zeit, am Frankfurter Flughafen angeboten wurden. Das eigentlich die n\u00e4chste Aufgabe war. Der Schalter wurde heute fr\u00fchzeitig geschlossen wegen zu geringem interesse. Dennoch wollen wir es morgenfr\u00fch nocheinmal probieren, ob wir an einer Airport-Rundfahrt teilnehmen k\u00f6nnen.<\/p>\n<p>Nun einen neuen Weg suchen ab nach Kelsterbach um Einzukaufen und einen Schlafplatz zu suchen.<br \/>\n<a href=\"https:\/\/i0.wp.com\/blog.pfadfinder-kuppenheim.de\/wp-content\/uploads\/2014\/08\/wpid-20140808_172536.jpg\"><img data-recalc-dims=\"1\" decoding=\"async\" title=\"20140808_172536.jpg\" class=\"alignnone size-full\" alt=\"image\" src=\"https:\/\/i0.wp.com\/blog.pfadfinder-kuppenheim.de\/wp-content\/uploads\/2014\/08\/wpid-20140808_172536.jpg?w=1200\" \/><\/a><\/p>\n<p>In Kelsterbach angekommen haben es uns ein Herr Thomas Stenzinger (Vorfahren aus Kuppenheim) und die Chefin des \u00d6rtlichen Kindergarten erm\u00f6glicht in den Jungendr\u00e4umen der KJG zu \u00dcbernachten. Daf\u00fcr nochmal ein recht herzliches Dankesch\u00f6n.<br \/>\n<a href=\"https:\/\/i0.wp.com\/blog.pfadfinder-kuppenheim.de\/wp-content\/uploads\/2014\/08\/wpid-20140808_193157.jpg\"><img data-recalc-dims=\"1\" decoding=\"async\" title=\"20140808_193157.jpg\" class=\"alignnone size-full\" alt=\"image\" src=\"https:\/\/i0.wp.com\/blog.pfadfinder-kuppenheim.de\/wp-content\/uploads\/2014\/08\/wpid-20140808_193157.jpg?w=1200\" \/><\/a> <\/p>\n<p>Jetzt noch im \u00d6rtlichen Einkaufsmarkt zu essen einkaufen und dann vom ersten Teil des Hajks etwas erholen und st\u00e4rken.<\/p>\n<p>Kinder d\u00fcrfen alleine Einkaufen&#8230;<\/p>\n<p><a href=\"https:\/\/i0.wp.com\/blog.pfadfinder-kuppenheim.de\/wp-content\/uploads\/2014\/08\/wpid-20140808_203848.jpg\"><img data-recalc-dims=\"1\" decoding=\"async\" title=\"20140808_203848.jpg\" class=\"alignnone size-full\" alt=\"image\" src=\"https:\/\/i0.wp.com\/blog.pfadfinder-kuppenheim.de\/wp-content\/uploads\/2014\/08\/wpid-20140808_203848.jpg?w=1200\" \/><\/a><\/p>\n<p>Zum Abschlu\u00df des Tages gibt es noch leckere Tortelini K\u00c4SE um wieder zu Kr\u00e4ften zu kommen&#8230;<br \/>\n<a href=\"https:\/\/i0.wp.com\/blog.pfadfinder-kuppenheim.de\/wp-content\/uploads\/2014\/08\/wpid-20140808_2206151.jpg\"><img data-recalc-dims=\"1\" decoding=\"async\" title=\"20140808_220615.jpg\" class=\"alignnone size-full\" alt=\"image\" src=\"https:\/\/i0.wp.com\/blog.pfadfinder-kuppenheim.de\/wp-content\/uploads\/2014\/08\/wpid-20140808_2206151.jpg?w=1200\" \/><\/a> <\/p>\n<p>Das wars f\u00fcr heute Gute Nacht liebe Leser.<br \/>\n<a href=\"https:\/\/i0.wp.com\/blog.pfadfinder-kuppenheim.de\/wp-content\/uploads\/2014\/08\/wpid-20140808_2313011.jpg\"><img data-recalc-dims=\"1\" decoding=\"async\" title=\"20140808_231301.jpg\" class=\"alignnone size-full\" alt=\"image\" src=\"https:\/\/i0.wp.com\/blog.pfadfinder-kuppenheim.de\/wp-content\/uploads\/2014\/08\/wpid-20140808_2313011.jpg?w=1200\" \/><\/a><\/p>\n<p>Guten Morgen, Teil 2 des Hajkes bricht heute an (Mit der Hoffnung eine Rundfahahrt auf dem Frankfurter Airport zu machen und dann irgendwann gegen Abend zum Lagerplatz zur\u00fcck zu kehren.<\/p>\n<p>Beim Fr\u00fchst\u00fcck mit S\u00fc\u00dfen St\u00fcckchen (vom Nachbarsb\u00e4cker) und Geburtstagskuche gratulierten wir Saskia, die heute geburstag hat.<br \/>\n<a href=\"https:\/\/i0.wp.com\/blog.pfadfinder-kuppenheim.de\/wp-content\/uploads\/2014\/08\/wpid-20140809_073950.jpg\"><img data-recalc-dims=\"1\" decoding=\"async\" title=\"20140809_073950.jpg\" class=\"alignnone size-full\" alt=\"image\" src=\"https:\/\/i0.wp.com\/blog.pfadfinder-kuppenheim.de\/wp-content\/uploads\/2014\/08\/wpid-20140809_073950.jpg?w=1200\" \/><\/a> <\/p>\n<p>Nach dem Fr\u00fchst\u00fcck, gegen 8.00 Uhr bedankten wir uns noch bei der Kinderg\u00e4rtnerin mit Frischen Br\u00f6tchen und \u00fcbergaben ihr noch den Schl\u00fcssel des ges\u00e4uberten KJG Raumes.<\/p>\n<p>Nun machen wir uns erneut auf den Weg zum Flughafen.<\/p>\n<p>Yeah endlich die Rundfahrt Eintrittskarten<br \/>\n<a href=\"https:\/\/i0.wp.com\/blog.pfadfinder-kuppenheim.de\/wp-content\/uploads\/2014\/08\/wpid-20140809_101452.jpg\"><img data-recalc-dims=\"1\" decoding=\"async\" title=\"20140809_101452.jpg\" class=\"alignnone size-full\" alt=\"image\" src=\"https:\/\/i0.wp.com\/blog.pfadfinder-kuppenheim.de\/wp-content\/uploads\/2014\/08\/wpid-20140809_101452.jpg?w=1200\" \/><\/a><\/p>\n<p>Juhuu Rundfahrt erledigt und war cool, hier ein paar Bilder;<br \/>\n<a href=\"https:\/\/i0.wp.com\/blog.pfadfinder-kuppenheim.de\/wp-content\/uploads\/2014\/08\/wpid-20140809_112536.jpg\"><img data-recalc-dims=\"1\" decoding=\"async\" title=\"20140809_112536.jpg\" class=\"alignnone size-full\" alt=\"image\" src=\"https:\/\/i0.wp.com\/blog.pfadfinder-kuppenheim.de\/wp-content\/uploads\/2014\/08\/wpid-20140809_112536.jpg?w=1200\" \/><\/a> <\/p>\n<p><a href=\"https:\/\/i0.wp.com\/blog.pfadfinder-kuppenheim.de\/wp-content\/uploads\/2014\/08\/wpid-20140809_112527.jpg\"><img data-recalc-dims=\"1\" decoding=\"async\" title=\"20140809_112527.jpg\" class=\"alignnone size-full\" alt=\"image\" src=\"https:\/\/i0.wp.com\/blog.pfadfinder-kuppenheim.de\/wp-content\/uploads\/2014\/08\/wpid-20140809_112527.jpg?w=1200\" \/><\/a> <\/p>\n<p><a href=\"https:\/\/i0.wp.com\/blog.pfadfinder-kuppenheim.de\/wp-content\/uploads\/2014\/08\/wpid-20140809_114336.jpg\"><img data-recalc-dims=\"1\" decoding=\"async\" title=\"20140809_114336.jpg\" class=\"alignnone size-full\" alt=\"image\" src=\"https:\/\/i0.wp.com\/blog.pfadfinder-kuppenheim.de\/wp-content\/uploads\/2014\/08\/wpid-20140809_114336.jpg?w=1200\" \/><\/a> <\/p>\n<p>Selbst unseren WM Siegerflieger und die Fanhansa durfen wir sehen<br \/>\n<a href=\"https:\/\/i0.wp.com\/blog.pfadfinder-kuppenheim.de\/wp-content\/uploads\/2014\/08\/wpid-20140809_113629.jpg\"><img data-recalc-dims=\"1\" decoding=\"async\" title=\"20140809_113629.jpg\" class=\"alignnone size-full\" alt=\"image\" src=\"https:\/\/i0.wp.com\/blog.pfadfinder-kuppenheim.de\/wp-content\/uploads\/2014\/08\/wpid-20140809_113629.jpg?w=1200\" \/><\/a> <\/p>\n<p><a href=\"https:\/\/i0.wp.com\/blog.pfadfinder-kuppenheim.de\/wp-content\/uploads\/2014\/08\/wpid-20140809_113637.jpg\"><img data-recalc-dims=\"1\" decoding=\"async\" title=\"20140809_113637.jpg\" class=\"alignnone size-full\" alt=\"image\" src=\"https:\/\/i0.wp.com\/blog.pfadfinder-kuppenheim.de\/wp-content\/uploads\/2014\/08\/wpid-20140809_113637.jpg?w=1200\" \/><\/a> <\/p>\n<p>Jetzt sind wir auf dem Weg zum Lagerplatz&#8230;<br \/>\n<a href=\"https:\/\/i0.wp.com\/blog.pfadfinder-kuppenheim.de\/wp-content\/uploads\/2014\/08\/wpid-20140809_131522.jpg\"><img data-recalc-dims=\"1\" decoding=\"async\" title=\"20140809_131522.jpg\" class=\"alignnone size-full\" alt=\"image\" src=\"https:\/\/i0.wp.com\/blog.pfadfinder-kuppenheim.de\/wp-content\/uploads\/2014\/08\/wpid-20140809_131522.jpg?w=1200\" \/><\/a><\/p>\n<p>Endlich geschafft. Den Lagerplatz haben wir nach tapferen 32 Km um 17 Uhr erreicht. Jetzt hei\u00dft es erholen und frisch Energie tanken.<\/p>\n<p><a href=\"https:\/\/i0.wp.com\/blog.pfadfinder-kuppenheim.de\/wp-content\/uploads\/2014\/08\/wpid-20140809_170511.jpg\"><img data-recalc-dims=\"1\" decoding=\"async\" title=\"20140809_170511.jpg\" class=\"alignnone size-full\" alt=\"image\" src=\"https:\/\/i0.wp.com\/blog.pfadfinder-kuppenheim.de\/wp-content\/uploads\/2014\/08\/wpid-20140809_170511.jpg?w=1200\" \/><\/a><\/p>\n<p>Das wars, hiermit beende ich meinen Auftag als Reporter. Viel Spa\u00df noch beim weiterlesen.<br \/>\nMfG Sofian<\/p>\n","protected":false},"excerpt":{"rendered":"<p>Halli Hallo, Sofian der Hajkleiterreporter wird bei dieser Sippe alles m\u00f6gliche dokumentieren&#8230; Die ersten Vorbereitungen; Und los geht&#8230;. 10.50 Uhr&#8230; Auch eine Pause geh\u00f6rt dazu. Aussichtspunkt des Frankfurter Flughafens.. Nach langen Wegen und kostenlosen Luftansapersonalbus fahren mussten wir leider feststellen das keine Rundfahren mehr um diese Zeit, am Frankfurter Flughafen angeboten wurden. Das eigentlich die&hellip;&nbsp;<a href=\"https:\/\/pfadfinder-kuppenheim.de\/?p=691\" class=\"\" rel=\"bookmark\">Weiterlesen &raquo;<span class=\"screen-reader-text\">Hajk Sippe Babof\u00fcchse<\/span><\/a><\/p>\n","protected":false},"author":2,"featured_media":0,"comment_status":"closed","ping_status":"closed","sticky":false,"template":"","format":"standard","meta":{"neve_meta_sidebar":"","neve_meta_container":"","neve_meta_enable_content_width":"","neve_meta_content_width":0,"neve_meta_title_alignment":"","neve_meta_author_avatar":"","neve_post_elements_order":"","neve_meta_disable_header":"","neve_meta_disable_footer":"","neve_meta_disable_title":"","jetpack_post_was_ever_published":false,"_jetpack_newsletter_access":"","_jetpack_dont_email_post_to_subs":false,"_jetpack_newsletter_tier_id":0,"_jetpack_memberships_contains_paywalled_content":false,"_jetpack_memberships_contains_paid_content":false,"footnotes":"","jetpack_publicize_message":"","jetpack_publicize_feature_enabled":true,"jetpack_social_post_already_shared":true,"jetpack_social_options":{"image_generator_settings":{"template":"highway","default_image_id":0,"font":"","enabled":false},"version":2}},"categories":[5],"tags":[],"class_list":["post-691","post","type-post","status-publish","format-standard","hentry","category-jupfis"],"jetpack_publicize_connections":[],"jetpack_featured_media_url":"","jetpack_sharing_enabled":true,"jetpack_shortlink":"https:\/\/wp.me\/p3G0PZ-b9","_links":{"self":[{"href":"https:\/\/pfadfinder-kuppenheim.de\/index.php?rest_route=\/wp\/v2\/posts\/691","targetHints":{"allow":["GET"]}}],"collection":[{"href":"https:\/\/pfadfinder-kuppenheim.de\/index.php?rest_route=\/wp\/v2\/posts"}],"about":[{"href":"https:\/\/pfadfinder-kuppenheim.de\/index.php?rest_route=\/wp\/v2\/types\/post"}],"author":[{"embeddable":true,"href":"https:\/\/pfadfinder-kuppenheim.de\/index.php?rest_route=\/wp\/v2\/users\/2"}],"replies":[{"embeddable":true,"href":"https:\/\/pfadfinder-kuppenheim.de\/index.php?rest_route=%2Fwp%2Fv2%2Fcomments&post=691"}],"version-history":[{"count":24,"href":"https:\/\/pfadfinder-kuppenheim.de\/index.php?rest_route=\/wp\/v2\/posts\/691\/revisions"}],"predecessor-version":[{"id":837,"href":"https:\/\/pfadfinder-kuppenheim.de\/index.php?rest_route=\/wp\/v2\/posts\/691\/revisions\/837"}],"wp:attachment":[{"href":"https:\/\/pfadfinder-kuppenheim.de\/index.php?rest_route=%2Fwp%2Fv2%2Fmedia&parent=691"}],"wp:term":[{"taxonomy":"category","embeddable":true,"href":"https:\/\/pfadfinder-kuppenheim.de\/index.php?rest_route=%2Fwp%2Fv2%2Fcategories&post=691"},{"taxonomy":"post_tag","embeddable":true,"href":"https:\/\/pfadfinder-kuppenheim.de\/index.php?rest_route=%2Fwp%2Fv2%2Ftags&post=691"}],"curies":[{"name":"wp","href":"https:\/\/api.w.org\/{rel}","templated":true}]}}