{"id":6840,"date":"2020-04-30T11:02:11","date_gmt":"2020-04-30T09:02:11","guid":{"rendered":"http:\/\/blog.pfadfinder-kuppenheim.de\/?p=6840"},"modified":"2020-04-30T11:28:00","modified_gmt":"2020-04-30T09:28:00","slug":"ausnahmeblueten-bei-den-woes","status":"publish","type":"post","link":"https:\/\/pfadfinder-kuppenheim.de\/?p=6840","title":{"rendered":"Ausnahmebl\u00fcten bei den W\u00f6&#8217;s"},"content":{"rendered":"\n<figure class=\"wp-block-image\"><img data-recalc-dims=\"1\" loading=\"lazy\" decoding=\"async\" width=\"1024\" height=\"768\" src=\"https:\/\/i0.wp.com\/blog.pfadfinder-kuppenheim.de\/wp-content\/uploads\/2020\/04\/IMG-20200420-WA0003-1024x768.jpg?resize=1024%2C768\" alt=\"\" class=\"wp-image-6841\" srcset=\"https:\/\/i0.wp.com\/pfadfinder-kuppenheim.de\/wp-content\/uploads\/2020\/04\/IMG-20200420-WA0003.jpg?resize=1024%2C768&amp;ssl=1 1024w, https:\/\/i0.wp.com\/pfadfinder-kuppenheim.de\/wp-content\/uploads\/2020\/04\/IMG-20200420-WA0003.jpg?resize=300%2C225&amp;ssl=1 300w, https:\/\/i0.wp.com\/pfadfinder-kuppenheim.de\/wp-content\/uploads\/2020\/04\/IMG-20200420-WA0003.jpg?resize=768%2C576&amp;ssl=1 768w, https:\/\/i0.wp.com\/pfadfinder-kuppenheim.de\/wp-content\/uploads\/2020\/04\/IMG-20200420-WA0003.jpg?resize=750%2C563&amp;ssl=1 750w, https:\/\/i0.wp.com\/pfadfinder-kuppenheim.de\/wp-content\/uploads\/2020\/04\/IMG-20200420-WA0003.jpg?w=1600&amp;ssl=1 1600w\" sizes=\"auto, (max-width: 1024px) 100vw, 1024px\" \/><figcaption>Statt einer Gruppenstundenaktion nun eine &#8222;Zuhause-Aktion&#8220;: aufgrund der aktuellen Situation musste unsere Blumenaktion erstmal pausieren. Doch wir W\u00f6lflingsleiter wollten uns das nicht nehmen lassen und haben kurzerhand die T\u00f6pfe und Samen den Kids zur Verf\u00fcgung gestellt &#8211; und das Ergebnis kann sich sehen lassen. Uns haben schon ein paar Bilder von den flei\u00dfigen Kindern erreicht und wir konnten bei einem Kind sogar bereits erste Wachstumsfortschritte entdecken. Wir sind gespannt, was die Kinder noch so alles in ihren bunt gestalteten T\u00f6pfen beobachten werden! <\/figcaption><\/figure>\n\n\n\n<figure class=\"wp-block-image\"><img data-recalc-dims=\"1\" loading=\"lazy\" decoding=\"async\" width=\"768\" height=\"1024\" src=\"https:\/\/i0.wp.com\/blog.pfadfinder-kuppenheim.de\/wp-content\/uploads\/2020\/04\/IMG-20200415-WA0007-1-768x1024.jpg?resize=768%2C1024\" alt=\"\" class=\"wp-image-6853\" srcset=\"https:\/\/i0.wp.com\/pfadfinder-kuppenheim.de\/wp-content\/uploads\/2020\/04\/IMG-20200415-WA0007-1.jpg?resize=768%2C1024&amp;ssl=1 768w, https:\/\/i0.wp.com\/pfadfinder-kuppenheim.de\/wp-content\/uploads\/2020\/04\/IMG-20200415-WA0007-1.jpg?resize=225%2C300&amp;ssl=1 225w, https:\/\/i0.wp.com\/pfadfinder-kuppenheim.de\/wp-content\/uploads\/2020\/04\/IMG-20200415-WA0007-1.jpg?resize=750%2C1000&amp;ssl=1 750w, https:\/\/i0.wp.com\/pfadfinder-kuppenheim.de\/wp-content\/uploads\/2020\/04\/IMG-20200415-WA0007-1.jpg?w=1200&amp;ssl=1 1200w\" sizes=\"auto, (max-width: 768px) 100vw, 768px\" \/><\/figure>\n\n\n\n<figure class=\"wp-block-image\"><img data-recalc-dims=\"1\" loading=\"lazy\" decoding=\"async\" width=\"759\" height=\"1024\" src=\"https:\/\/i0.wp.com\/blog.pfadfinder-kuppenheim.de\/wp-content\/uploads\/2020\/04\/IMG-20200410-WA0007-2-759x1024.jpg?resize=759%2C1024\" alt=\"\" class=\"wp-image-6854\" srcset=\"https:\/\/i0.wp.com\/pfadfinder-kuppenheim.de\/wp-content\/uploads\/2020\/04\/IMG-20200410-WA0007-2.jpg?resize=759%2C1024&amp;ssl=1 759w, https:\/\/i0.wp.com\/pfadfinder-kuppenheim.de\/wp-content\/uploads\/2020\/04\/IMG-20200410-WA0007-2.jpg?resize=222%2C300&amp;ssl=1 222w, https:\/\/i0.wp.com\/pfadfinder-kuppenheim.de\/wp-content\/uploads\/2020\/04\/IMG-20200410-WA0007-2.jpg?resize=768%2C1036&amp;ssl=1 768w, https:\/\/i0.wp.com\/pfadfinder-kuppenheim.de\/wp-content\/uploads\/2020\/04\/IMG-20200410-WA0007-2.jpg?resize=750%2C1012&amp;ssl=1 750w, https:\/\/i0.wp.com\/pfadfinder-kuppenheim.de\/wp-content\/uploads\/2020\/04\/IMG-20200410-WA0007-2.jpg?w=1186&amp;ssl=1 1186w\" sizes=\"auto, (max-width: 759px) 100vw, 759px\" \/><\/figure>\n\n\n\n<figure class=\"wp-block-image\"><img data-recalc-dims=\"1\" loading=\"lazy\" decoding=\"async\" width=\"1024\" height=\"977\" src=\"https:\/\/i0.wp.com\/blog.pfadfinder-kuppenheim.de\/wp-content\/uploads\/2020\/04\/IMG-20200410-WA0006-2-1024x977.jpg?resize=1024%2C977\" alt=\"\" class=\"wp-image-6855\" srcset=\"https:\/\/i0.wp.com\/pfadfinder-kuppenheim.de\/wp-content\/uploads\/2020\/04\/IMG-20200410-WA0006-2.jpg?resize=1024%2C977&amp;ssl=1 1024w, https:\/\/i0.wp.com\/pfadfinder-kuppenheim.de\/wp-content\/uploads\/2020\/04\/IMG-20200410-WA0006-2.jpg?resize=300%2C286&amp;ssl=1 300w, https:\/\/i0.wp.com\/pfadfinder-kuppenheim.de\/wp-content\/uploads\/2020\/04\/IMG-20200410-WA0006-2.jpg?resize=768%2C733&amp;ssl=1 768w, https:\/\/i0.wp.com\/pfadfinder-kuppenheim.de\/wp-content\/uploads\/2020\/04\/IMG-20200410-WA0006-2.jpg?resize=750%2C716&amp;ssl=1 750w, https:\/\/i0.wp.com\/pfadfinder-kuppenheim.de\/wp-content\/uploads\/2020\/04\/IMG-20200410-WA0006-2.jpg?w=1600&amp;ssl=1 1600w\" sizes=\"auto, (max-width: 1024px) 100vw, 1024px\" \/><\/figure>\n\n\n\n<figure class=\"wp-block-image\"><img data-recalc-dims=\"1\" loading=\"lazy\" decoding=\"async\" width=\"768\" height=\"1024\" src=\"https:\/\/i0.wp.com\/blog.pfadfinder-kuppenheim.de\/wp-content\/uploads\/2020\/04\/IMG-20200408-WA0005-1-768x1024.jpg?resize=768%2C1024\" alt=\"\" class=\"wp-image-6856\" srcset=\"https:\/\/i0.wp.com\/pfadfinder-kuppenheim.de\/wp-content\/uploads\/2020\/04\/IMG-20200408-WA0005-1.jpg?resize=768%2C1024&amp;ssl=1 768w, https:\/\/i0.wp.com\/pfadfinder-kuppenheim.de\/wp-content\/uploads\/2020\/04\/IMG-20200408-WA0005-1.jpg?resize=225%2C300&amp;ssl=1 225w, https:\/\/i0.wp.com\/pfadfinder-kuppenheim.de\/wp-content\/uploads\/2020\/04\/IMG-20200408-WA0005-1.jpg?resize=750%2C1000&amp;ssl=1 750w, https:\/\/i0.wp.com\/pfadfinder-kuppenheim.de\/wp-content\/uploads\/2020\/04\/IMG-20200408-WA0005-1.jpg?w=1200&amp;ssl=1 1200w\" sizes=\"auto, (max-width: 768px) 100vw, 768px\" \/><\/figure>\n\n\n\n<figure class=\"wp-block-image\"><img data-recalc-dims=\"1\" loading=\"lazy\" decoding=\"async\" width=\"768\" height=\"1024\" src=\"https:\/\/i0.wp.com\/blog.pfadfinder-kuppenheim.de\/wp-content\/uploads\/2020\/04\/IMG-20200408-WA0004-1-768x1024.jpg?resize=768%2C1024\" alt=\"\" class=\"wp-image-6857\" srcset=\"https:\/\/i0.wp.com\/pfadfinder-kuppenheim.de\/wp-content\/uploads\/2020\/04\/IMG-20200408-WA0004-1.jpg?resize=768%2C1024&amp;ssl=1 768w, https:\/\/i0.wp.com\/pfadfinder-kuppenheim.de\/wp-content\/uploads\/2020\/04\/IMG-20200408-WA0004-1.jpg?resize=225%2C300&amp;ssl=1 225w, https:\/\/i0.wp.com\/pfadfinder-kuppenheim.de\/wp-content\/uploads\/2020\/04\/IMG-20200408-WA0004-1.jpg?resize=750%2C1000&amp;ssl=1 750w, https:\/\/i0.wp.com\/pfadfinder-kuppenheim.de\/wp-content\/uploads\/2020\/04\/IMG-20200408-WA0004-1.jpg?w=1200&amp;ssl=1 1200w\" sizes=\"auto, (max-width: 768px) 100vw, 768px\" \/><\/figure>\n\n\n\n<figure class=\"wp-block-image\"><img data-recalc-dims=\"1\" loading=\"lazy\" decoding=\"async\" width=\"768\" height=\"1024\" src=\"https:\/\/i0.wp.com\/blog.pfadfinder-kuppenheim.de\/wp-content\/uploads\/2020\/04\/IMG-20200422-WA0004-768x1024.jpg?resize=768%2C1024\" alt=\"\" class=\"wp-image-6858\" srcset=\"https:\/\/i0.wp.com\/pfadfinder-kuppenheim.de\/wp-content\/uploads\/2020\/04\/IMG-20200422-WA0004.jpg?resize=768%2C1024&amp;ssl=1 768w, https:\/\/i0.wp.com\/pfadfinder-kuppenheim.de\/wp-content\/uploads\/2020\/04\/IMG-20200422-WA0004.jpg?resize=225%2C300&amp;ssl=1 225w, https:\/\/i0.wp.com\/pfadfinder-kuppenheim.de\/wp-content\/uploads\/2020\/04\/IMG-20200422-WA0004.jpg?resize=750%2C1000&amp;ssl=1 750w, https:\/\/i0.wp.com\/pfadfinder-kuppenheim.de\/wp-content\/uploads\/2020\/04\/IMG-20200422-WA0004.jpg?w=1200&amp;ssl=1 1200w\" sizes=\"auto, (max-width: 768px) 100vw, 768px\" \/><\/figure>\n","protected":false},"excerpt":{"rendered":"<p>Ausnahmebl\u00fcten bei den W\u00f6lflingen.<br \/>\nWas eigentlich als Gruppenstundenaktion gedacht war, wurde zur Heimstundenaktion. Aufgrund der aktuellen Situation musste unsere Blumenaktion erstmal pausieren. Doch wir W\u00f6lflingsleiter wollten uns das nicht nehmen lassen und haben kurzerhand die T\u00f6pfe und Samen den Kids zur Verf\u00fcgung gestellt, sich diese nach Hause zu holen. Uns haben schon ein paar Bilder der Kinder erreicht &#8211; und wir haben sogar schon die ersten Wachstumszeichen entdeckt. Wir sind gespannt, was die Kinder noch so alles in ihren bunten Blument\u00f6pfen beobachten werden! \ud83d\ude42 <\/p>\n","protected":false},"author":21,"featured_media":6841,"comment_status":"open","ping_status":"closed","sticky":false,"template":"","format":"standard","meta":{"neve_meta_sidebar":"","neve_meta_container":"","neve_meta_enable_content_width":"","neve_meta_content_width":0,"neve_meta_title_alignment":"","neve_meta_author_avatar":"","neve_post_elements_order":"","neve_meta_disable_header":"","neve_meta_disable_footer":"","neve_meta_disable_title":"","jetpack_post_was_ever_published":false,"_jetpack_newsletter_access":"","_jetpack_dont_email_post_to_subs":false,"_jetpack_newsletter_tier_id":0,"_jetpack_memberships_contains_paywalled_content":false,"_jetpack_memberships_contains_paid_content":false,"footnotes":"","jetpack_publicize_message":"","jetpack_publicize_feature_enabled":true,"jetpack_social_post_already_shared":true,"jetpack_social_options":{"image_generator_settings":{"template":"highway","default_image_id":0,"font":"","enabled":false},"version":2}},"categories":[4],"tags":[],"class_list":["post-6840","post","type-post","status-publish","format-standard","has-post-thumbnail","hentry","category-wolflinge"],"jetpack_publicize_connections":[],"jetpack_featured_media_url":"https:\/\/i0.wp.com\/pfadfinder-kuppenheim.de\/wp-content\/uploads\/2020\/04\/IMG-20200420-WA0003.jpg?fit=1600%2C1200&ssl=1","jetpack_sharing_enabled":true,"jetpack_shortlink":"https:\/\/wp.me\/p3G0PZ-1Mk","_links":{"self":[{"href":"https:\/\/pfadfinder-kuppenheim.de\/index.php?rest_route=\/wp\/v2\/posts\/6840","targetHints":{"allow":["GET"]}}],"collection":[{"href":"https:\/\/pfadfinder-kuppenheim.de\/index.php?rest_route=\/wp\/v2\/posts"}],"about":[{"href":"https:\/\/pfadfinder-kuppenheim.de\/index.php?rest_route=\/wp\/v2\/types\/post"}],"author":[{"embeddable":true,"href":"https:\/\/pfadfinder-kuppenheim.de\/index.php?rest_route=\/wp\/v2\/users\/21"}],"replies":[{"embeddable":true,"href":"https:\/\/pfadfinder-kuppenheim.de\/index.php?rest_route=%2Fwp%2Fv2%2Fcomments&post=6840"}],"version-history":[{"count":2,"href":"https:\/\/pfadfinder-kuppenheim.de\/index.php?rest_route=\/wp\/v2\/posts\/6840\/revisions"}],"predecessor-version":[{"id":6860,"href":"https:\/\/pfadfinder-kuppenheim.de\/index.php?rest_route=\/wp\/v2\/posts\/6840\/revisions\/6860"}],"wp:featuredmedia":[{"embeddable":true,"href":"https:\/\/pfadfinder-kuppenheim.de\/index.php?rest_route=\/wp\/v2\/media\/6841"}],"wp:attachment":[{"href":"https:\/\/pfadfinder-kuppenheim.de\/index.php?rest_route=%2Fwp%2Fv2%2Fmedia&parent=6840"}],"wp:term":[{"taxonomy":"category","embeddable":true,"href":"https:\/\/pfadfinder-kuppenheim.de\/index.php?rest_route=%2Fwp%2Fv2%2Fcategories&post=6840"},{"taxonomy":"post_tag","embeddable":true,"href":"https:\/\/pfadfinder-kuppenheim.de\/index.php?rest_route=%2Fwp%2Fv2%2Ftags&post=6840"}],"curies":[{"name":"wp","href":"https:\/\/api.w.org\/{rel}","templated":true}]}}