{"id":6833,"date":"2020-04-29T20:48:37","date_gmt":"2020-04-29T18:48:37","guid":{"rendered":"http:\/\/blog.pfadfinder-kuppenheim.de\/?p=6833"},"modified":"2020-04-29T20:48:54","modified_gmt":"2020-04-29T18:48:54","slug":"kekse-essen-am-1-mai","status":"publish","type":"post","link":"https:\/\/pfadfinder-kuppenheim.de\/?p=6833","title":{"rendered":"Kekse Essen am 1. Mai"},"content":{"rendered":"<p><img data-recalc-dims=\"1\" decoding=\"async\" class=\"size-full\" data-wpid=\"95\" src=\"https:\/\/i0.wp.com\/blog.pfadfinder-kuppenheim.de\/wp-content\/uploads\/2020\/04\/img-20200429-wa00078797946902659855692.jpg?w=1200\" \/>Liebe Pfadis<br \/>Beim Quiz am Georgstag letzten Sonntag habe ich einen Keksausstecher in Form der Pfadfinderlilie gewonnen. Nun m\u00f6chte ich euch gerne zu einem Keks einladen. Da das aber wegen dem bl\u00f6den Corona nicht pers\u00f6nlich in der Gruppenstunde m\u00f6glich ist, werde ich eine Dose mit Kekse am 1. Mai am neuen Pfadfinderhaus im W\u00f644 hinstellen. Vielleicht wollt ihr ja einen Spaziergang dorthin machen und einen Keks essen? Ihr k\u00f6nnt ja auch ein Selfie machen und mir senden.<br \/>Ganz liebe Gr\u00fc\u00dfe sendet euch euer Benedikt<\/p>\n","protected":false},"excerpt":{"rendered":"<p>Liebe PfadisBeim Quiz am Georgstag letzten Sonntag habe ich einen Keksausstecher in Form der Pfadfinderlilie gewonnen. Nun m\u00f6chte ich euch gerne zu einem Keks einladen. Da das aber wegen dem bl\u00f6den Corona nicht pers\u00f6nlich in der Gruppenstunde m\u00f6glich ist, werde ich eine Dose mit Kekse am 1. Mai am neuen Pfadfinderhaus im W\u00f644 hinstellen. Vielleicht&hellip;&nbsp;<a href=\"https:\/\/pfadfinder-kuppenheim.de\/?p=6833\" class=\"\" rel=\"bookmark\">Weiterlesen &raquo;<span class=\"screen-reader-text\">Kekse Essen am 1. Mai<\/span><\/a><\/p>\n","protected":false},"author":4,"featured_media":0,"comment_status":"open","ping_status":"closed","sticky":false,"template":"","format":"standard","meta":{"neve_meta_sidebar":"","neve_meta_container":"","neve_meta_enable_content_width":"","neve_meta_content_width":0,"neve_meta_title_alignment":"","neve_meta_author_avatar":"","neve_post_elements_order":"","neve_meta_disable_header":"","neve_meta_disable_footer":"","neve_meta_disable_title":"","jetpack_post_was_ever_published":false,"_jetpack_newsletter_access":"","_jetpack_dont_email_post_to_subs":false,"_jetpack_newsletter_tier_id":0,"_jetpack_memberships_contains_paywalled_content":false,"_jetpack_memberships_contains_paid_content":false,"footnotes":"","jetpack_publicize_message":"","jetpack_publicize_feature_enabled":true,"jetpack_social_post_already_shared":true,"jetpack_social_options":{"image_generator_settings":{"template":"highway","default_image_id":0,"font":"","enabled":false},"version":2}},"categories":[30,4],"tags":[],"class_list":["post-6833","post","type-post","status-publish","format-standard","hentry","category-georgstag-2020","category-wolflinge"],"jetpack_publicize_connections":[],"jetpack_featured_media_url":"","jetpack_sharing_enabled":true,"jetpack_shortlink":"https:\/\/wp.me\/p3G0PZ-1Md","_links":{"self":[{"href":"https:\/\/pfadfinder-kuppenheim.de\/index.php?rest_route=\/wp\/v2\/posts\/6833","targetHints":{"allow":["GET"]}}],"collection":[{"href":"https:\/\/pfadfinder-kuppenheim.de\/index.php?rest_route=\/wp\/v2\/posts"}],"about":[{"href":"https:\/\/pfadfinder-kuppenheim.de\/index.php?rest_route=\/wp\/v2\/types\/post"}],"author":[{"embeddable":true,"href":"https:\/\/pfadfinder-kuppenheim.de\/index.php?rest_route=\/wp\/v2\/users\/4"}],"replies":[{"embeddable":true,"href":"https:\/\/pfadfinder-kuppenheim.de\/index.php?rest_route=%2Fwp%2Fv2%2Fcomments&post=6833"}],"version-history":[{"count":2,"href":"https:\/\/pfadfinder-kuppenheim.de\/index.php?rest_route=\/wp\/v2\/posts\/6833\/revisions"}],"predecessor-version":[{"id":6838,"href":"https:\/\/pfadfinder-kuppenheim.de\/index.php?rest_route=\/wp\/v2\/posts\/6833\/revisions\/6838"}],"wp:attachment":[{"href":"https:\/\/pfadfinder-kuppenheim.de\/index.php?rest_route=%2Fwp%2Fv2%2Fmedia&parent=6833"}],"wp:term":[{"taxonomy":"category","embeddable":true,"href":"https:\/\/pfadfinder-kuppenheim.de\/index.php?rest_route=%2Fwp%2Fv2%2Fcategories&post=6833"},{"taxonomy":"post_tag","embeddable":true,"href":"https:\/\/pfadfinder-kuppenheim.de\/index.php?rest_route=%2Fwp%2Fv2%2Ftags&post=6833"}],"curies":[{"name":"wp","href":"https:\/\/api.w.org\/{rel}","templated":true}]}}