{"id":6596,"date":"2019-08-11T16:01:17","date_gmt":"2019-08-11T14:01:17","guid":{"rendered":"http:\/\/blog.pfadfinder-kuppenheim.de\/?p=6596"},"modified":"2026-03-21T00:18:32","modified_gmt":"2026-03-20T23:18:32","slug":"tag-14-10-08-freitag","status":"publish","type":"post","link":"https:\/\/pfadfinder-kuppenheim.de\/?p=6596","title":{"rendered":"Tag 14, 10.08. Freitag"},"content":{"rendered":"\n<p>Morgens wachten alle um 7:00 Uhr auf. Um 7:30&nbsp; haben wir gefr\u00fchst\u00fcckt. Danach bildeten wir, wie \u00fcblich, eine lange Kette und gingen mehrfach \u00fcber den Platz, um ihn von M\u00fcll, Holz, Heringen und allem, was eben nicht auf eine Wiese geh\u00f6rt zu s\u00e4ubern. Anschlie\u00dfend gingen wir in Richtung Bushaltestelle, von welcher aus wir zum Eutiner Bahnhof fuhren. Dort angekommen, kam 5 min sp\u00e4ter die Bahn, in die wir einstiegen. Nach 20 Minuten stiegen wir in&nbsp; L\u00fcbeck um. Anschlie\u00dfend fuhren wir nach Hamburg, wo wir in einen ICE umstiegen. Dort suchten alle einen Sitzplatz. Mit dem ICE fuhren wir von Hamburg durch Hannover, Frankfurt, und Karlsruhe, bis wir in Baden-Baden ankamen. Nach einer Abschlussrunde, bei welcher das Lager symbolisch durch das Zusammenlegen des Banners beendet wurde, begr\u00fc\u00dften wir unsere Eltern und Geschwister. Zum Schluss verabschiedeten wir uns von den Leitern und unseren Truppmitgliedern und gingen nach Hause.<\/p>\n\n\n\n<p>Yannick <\/p>\n\n\n\n<figure class=\"wp-block-image\"><img data-recalc-dims=\"1\" loading=\"lazy\" decoding=\"async\" width=\"576\" height=\"1024\" src=\"https:\/\/i0.wp.com\/blog.pfadfinder-kuppenheim.de\/wp-content\/uploads\/2019\/08\/D49A62E5-8CB8-4701-AA32-CA9ABF1CBC93-576x1024.jpeg?resize=576%2C1024\" alt=\"\" class=\"wp-image-6600\" srcset=\"https:\/\/i0.wp.com\/pfadfinder-kuppenheim.de\/wp-content\/uploads\/2019\/08\/D49A62E5-8CB8-4701-AA32-CA9ABF1CBC93.jpeg?resize=576%2C1024&amp;ssl=1 576w, https:\/\/i0.wp.com\/pfadfinder-kuppenheim.de\/wp-content\/uploads\/2019\/08\/D49A62E5-8CB8-4701-AA32-CA9ABF1CBC93.jpeg?resize=169%2C300&amp;ssl=1 169w, https:\/\/i0.wp.com\/pfadfinder-kuppenheim.de\/wp-content\/uploads\/2019\/08\/D49A62E5-8CB8-4701-AA32-CA9ABF1CBC93.jpeg?resize=768%2C1365&amp;ssl=1 768w, https:\/\/i0.wp.com\/pfadfinder-kuppenheim.de\/wp-content\/uploads\/2019\/08\/D49A62E5-8CB8-4701-AA32-CA9ABF1CBC93.jpeg?resize=750%2C1333&amp;ssl=1 750w, https:\/\/i0.wp.com\/pfadfinder-kuppenheim.de\/wp-content\/uploads\/2019\/08\/D49A62E5-8CB8-4701-AA32-CA9ABF1CBC93.jpeg?w=900&amp;ssl=1 900w\" sizes=\"auto, (max-width: 576px) 100vw, 576px\" \/><figcaption>W\u00e4hrend wir Kuppenheim immer n\u00e4her kommen&#8230;<\/figcaption><\/figure>\n\n\n\n<figure class=\"wp-block-image\"><img data-recalc-dims=\"1\" loading=\"lazy\" decoding=\"async\" width=\"1024\" height=\"768\" src=\"https:\/\/i0.wp.com\/blog.pfadfinder-kuppenheim.de\/wp-content\/uploads\/2019\/08\/8A883E52-2267-450F-B3F6-659D5DA3BA71-1024x768.jpeg?resize=1024%2C768\" alt=\"\" class=\"wp-image-6601\" srcset=\"https:\/\/i0.wp.com\/pfadfinder-kuppenheim.de\/wp-content\/uploads\/2019\/08\/8A883E52-2267-450F-B3F6-659D5DA3BA71.jpeg?resize=1024%2C768&amp;ssl=1 1024w, https:\/\/i0.wp.com\/pfadfinder-kuppenheim.de\/wp-content\/uploads\/2019\/08\/8A883E52-2267-450F-B3F6-659D5DA3BA71.jpeg?resize=300%2C225&amp;ssl=1 300w, https:\/\/i0.wp.com\/pfadfinder-kuppenheim.de\/wp-content\/uploads\/2019\/08\/8A883E52-2267-450F-B3F6-659D5DA3BA71.jpeg?resize=768%2C576&amp;ssl=1 768w, https:\/\/i0.wp.com\/pfadfinder-kuppenheim.de\/wp-content\/uploads\/2019\/08\/8A883E52-2267-450F-B3F6-659D5DA3BA71.jpeg?resize=750%2C563&amp;ssl=1 750w, https:\/\/i0.wp.com\/pfadfinder-kuppenheim.de\/wp-content\/uploads\/2019\/08\/8A883E52-2267-450F-B3F6-659D5DA3BA71.jpeg?w=2400&amp;ssl=1 2400w, https:\/\/i0.wp.com\/pfadfinder-kuppenheim.de\/wp-content\/uploads\/2019\/08\/8A883E52-2267-450F-B3F6-659D5DA3BA71.jpeg?w=3600&amp;ssl=1 3600w\" sizes=\"auto, (max-width: 1024px) 100vw, 1024px\" \/><figcaption>&#8230; bleiben die Pfadis selbst im Zug cool.<\/figcaption><\/figure>\n","protected":false},"excerpt":{"rendered":"<p>Morgens wachten alle um 7:00 Uhr auf. Um 7:30&nbsp; haben wir gefr\u00fchst\u00fcckt. Danach bildeten wir, wie \u00fcblich, eine lange Kette und gingen mehrfach \u00fcber den Platz, um ihn von M\u00fcll, Holz, Heringen und allem, was eben nicht auf eine Wiese geh\u00f6rt zu s\u00e4ubern. Anschlie\u00dfend gingen wir in Richtung Bushaltestelle, von welcher aus wir zum Eutiner&hellip;&nbsp;<a href=\"https:\/\/pfadfinder-kuppenheim.de\/?p=6596\" class=\"\" rel=\"bookmark\">Weiterlesen &raquo;<span class=\"screen-reader-text\">Tag 14, 10.08. Freitag<\/span><\/a><\/p>\n","protected":false},"author":18,"featured_media":0,"comment_status":"open","ping_status":"closed","sticky":false,"template":"","format":"standard","meta":{"neve_meta_sidebar":"","neve_meta_container":"","neve_meta_enable_content_width":"","neve_meta_content_width":0,"neve_meta_title_alignment":"","neve_meta_author_avatar":"","neve_post_elements_order":"","neve_meta_disable_header":"","neve_meta_disable_footer":"","neve_meta_disable_title":"","jetpack_post_was_ever_published":false,"_jetpack_newsletter_access":"","_jetpack_dont_email_post_to_subs":false,"_jetpack_newsletter_tier_id":0,"_jetpack_memberships_contains_paywalled_content":false,"_jetpack_memberships_contains_paid_content":false,"footnotes":"","jetpack_publicize_message":"","jetpack_publicize_feature_enabled":true,"jetpack_social_post_already_shared":true,"jetpack_social_options":{"image_generator_settings":{"template":"highway","default_image_id":0,"font":"","enabled":false},"version":2}},"categories":[270,23],"tags":[78],"class_list":["post-6596","post","type-post","status-publish","format-standard","hentry","category-2019-bosau","category-pfadis_sola_tagebuch","tag-sommerlager"],"jetpack_publicize_connections":[],"jetpack_featured_media_url":"","jetpack_sharing_enabled":true,"jetpack_shortlink":"https:\/\/wp.me\/p3G0PZ-1Io","_links":{"self":[{"href":"https:\/\/pfadfinder-kuppenheim.de\/index.php?rest_route=\/wp\/v2\/posts\/6596","targetHints":{"allow":["GET"]}}],"collection":[{"href":"https:\/\/pfadfinder-kuppenheim.de\/index.php?rest_route=\/wp\/v2\/posts"}],"about":[{"href":"https:\/\/pfadfinder-kuppenheim.de\/index.php?rest_route=\/wp\/v2\/types\/post"}],"author":[{"embeddable":true,"href":"https:\/\/pfadfinder-kuppenheim.de\/index.php?rest_route=\/wp\/v2\/users\/18"}],"replies":[{"embeddable":true,"href":"https:\/\/pfadfinder-kuppenheim.de\/index.php?rest_route=%2Fwp%2Fv2%2Fcomments&post=6596"}],"version-history":[{"count":9,"href":"https:\/\/pfadfinder-kuppenheim.de\/index.php?rest_route=\/wp\/v2\/posts\/6596\/revisions"}],"predecessor-version":[{"id":9048,"href":"https:\/\/pfadfinder-kuppenheim.de\/index.php?rest_route=\/wp\/v2\/posts\/6596\/revisions\/9048"}],"wp:attachment":[{"href":"https:\/\/pfadfinder-kuppenheim.de\/index.php?rest_route=%2Fwp%2Fv2%2Fmedia&parent=6596"}],"wp:term":[{"taxonomy":"category","embeddable":true,"href":"https:\/\/pfadfinder-kuppenheim.de\/index.php?rest_route=%2Fwp%2Fv2%2Fcategories&post=6596"},{"taxonomy":"post_tag","embeddable":true,"href":"https:\/\/pfadfinder-kuppenheim.de\/index.php?rest_route=%2Fwp%2Fv2%2Ftags&post=6596"}],"curies":[{"name":"wp","href":"https:\/\/api.w.org\/{rel}","templated":true}]}}