{"id":6587,"date":"2019-08-10T23:53:23","date_gmt":"2019-08-10T21:53:23","guid":{"rendered":"http:\/\/blog.pfadfinder-kuppenheim.de\/?p=6587"},"modified":"2026-03-21T00:18:32","modified_gmt":"2026-03-20T23:18:32","slug":"tag-13-09-08-freitag","status":"publish","type":"post","link":"https:\/\/pfadfinder-kuppenheim.de\/?p=6587","title":{"rendered":"Tag 13, 09.08. Freitag"},"content":{"rendered":"\n<p>Am Freitagmorgen wurden wir gegen 07:30 Uhr geweckt. Nachdem sich alle fertig gemacht hatten, gab es f\u00fcr beide Sippen M\u00fcsli zum Fr\u00fchst\u00fcck. Anschlie\u00dfend r\u00e4umte jeder sein Zeug in ein gro\u00dfes Zirkuszelt, in dem wir die letzte Nacht verbringen w\u00fcrden. Danach ging es mit dem Abbau los. Als erstes mussten die Zeltb\u00f6den zum Trocknen in die Sonne gelegt werden. Jetzt waren die Sippenpl\u00e4tze dran, schlie\u00dflich kn\u00fcpften wir die Jurte auf und legten auch das Vario in die Sonne. Dann, etwa um 13:15 Uhr, gab es Vesper, Brot, mit verschiedensten Bel\u00e4gen wie Wurst, K\u00e4ste, Butter, Frischk\u00e4se usw. Danach wurden die restlichen Zelte und die Jurte abgebaut. Zwischendurch wurde immer mal wieder unser verbautes Holz hoch zum Lagerfeuer gebracht, da wir f\u00fcr den bunten Abend ein gro\u00dfes Feuer brauchten. Dann wurden alle verpackten Materialien in die Anh\u00e4nger gebracht. Nachdem auch die letzten Sachen einger\u00e4umt wurden, hatten wir ein bisschen Freizeit, um nochmal unsere Sketche f\u00fcr den Bunten Abend zu \u00fcben. Schlie\u00dflich, um 19:30 Uhr, grillten wir zusammen am Lagerfeuer. Direkt danach ging der traditionelle bunte Abend los. Wir hatten dabei viel Spa\u00df unsere Sketche vorzuf\u00fchren und dabei einen Applaus zu ernten. Wir Pfadis konnten f\u00fcr den Lager 10 Kampf einen weiteren Punkt ergattern und auch die Leiter f\u00fchren einen Sketch vor. Es regnete zwar, doch den meisten machte das nat\u00fcrlich nichts aus. Nachdem der Bunte Abend zuende gegangen war, gingen wir gegen 0 Uhr ins Bett.<br><br>Ben Frammelsberger<\/p>\n\n\n\n<figure class=\"wp-block-image\"><img data-recalc-dims=\"1\" loading=\"lazy\" decoding=\"async\" width=\"1024\" height=\"768\" src=\"https:\/\/i0.wp.com\/blog.pfadfinder-kuppenheim.de\/wp-content\/uploads\/2019\/08\/DSCN32851-1024x768.jpg?resize=1024%2C768\" alt=\"\" class=\"wp-image-6589\" srcset=\"https:\/\/i0.wp.com\/pfadfinder-kuppenheim.de\/wp-content\/uploads\/2019\/08\/DSCN32851.jpg?resize=1024%2C768&amp;ssl=1 1024w, https:\/\/i0.wp.com\/pfadfinder-kuppenheim.de\/wp-content\/uploads\/2019\/08\/DSCN32851.jpg?resize=300%2C225&amp;ssl=1 300w, https:\/\/i0.wp.com\/pfadfinder-kuppenheim.de\/wp-content\/uploads\/2019\/08\/DSCN32851.jpg?resize=768%2C576&amp;ssl=1 768w, https:\/\/i0.wp.com\/pfadfinder-kuppenheim.de\/wp-content\/uploads\/2019\/08\/DSCN32851.jpg?resize=750%2C563&amp;ssl=1 750w, https:\/\/i0.wp.com\/pfadfinder-kuppenheim.de\/wp-content\/uploads\/2019\/08\/DSCN32851.jpg?w=2400&amp;ssl=1 2400w, https:\/\/i0.wp.com\/pfadfinder-kuppenheim.de\/wp-content\/uploads\/2019\/08\/DSCN32851.jpg?w=3600&amp;ssl=1 3600w\" sizes=\"auto, (max-width: 1024px) 100vw, 1024px\" \/><figcaption>Der trockene Abbau l\u00e4uft!<\/figcaption><\/figure>\n\n\n\n<figure class=\"wp-block-image\"><img data-recalc-dims=\"1\" loading=\"lazy\" decoding=\"async\" width=\"1024\" height=\"768\" src=\"https:\/\/i0.wp.com\/blog.pfadfinder-kuppenheim.de\/wp-content\/uploads\/2019\/08\/DSCN32891-1024x768.jpg?resize=1024%2C768\" alt=\"\" class=\"wp-image-6590\" srcset=\"https:\/\/i0.wp.com\/pfadfinder-kuppenheim.de\/wp-content\/uploads\/2019\/08\/DSCN32891.jpg?resize=1024%2C768&amp;ssl=1 1024w, https:\/\/i0.wp.com\/pfadfinder-kuppenheim.de\/wp-content\/uploads\/2019\/08\/DSCN32891.jpg?resize=300%2C225&amp;ssl=1 300w, https:\/\/i0.wp.com\/pfadfinder-kuppenheim.de\/wp-content\/uploads\/2019\/08\/DSCN32891.jpg?resize=768%2C576&amp;ssl=1 768w, https:\/\/i0.wp.com\/pfadfinder-kuppenheim.de\/wp-content\/uploads\/2019\/08\/DSCN32891.jpg?resize=750%2C563&amp;ssl=1 750w, https:\/\/i0.wp.com\/pfadfinder-kuppenheim.de\/wp-content\/uploads\/2019\/08\/DSCN32891.jpg?w=2400&amp;ssl=1 2400w, https:\/\/i0.wp.com\/pfadfinder-kuppenheim.de\/wp-content\/uploads\/2019\/08\/DSCN32891.jpg?w=3600&amp;ssl=1 3600w\" sizes=\"auto, (max-width: 1024px) 100vw, 1024px\" \/><figcaption>Zwischen drin eine St\u00e4rkung \ud83d\ude42<\/figcaption><\/figure>\n\n\n\n<figure class=\"wp-block-image\"><img data-recalc-dims=\"1\" loading=\"lazy\" decoding=\"async\" width=\"1024\" height=\"768\" src=\"https:\/\/i0.wp.com\/blog.pfadfinder-kuppenheim.de\/wp-content\/uploads\/2019\/08\/DSCN32951-1024x768.jpg?resize=1024%2C768\" alt=\"\" class=\"wp-image-6591\" srcset=\"https:\/\/i0.wp.com\/pfadfinder-kuppenheim.de\/wp-content\/uploads\/2019\/08\/DSCN32951.jpg?resize=1024%2C768&amp;ssl=1 1024w, https:\/\/i0.wp.com\/pfadfinder-kuppenheim.de\/wp-content\/uploads\/2019\/08\/DSCN32951.jpg?resize=300%2C225&amp;ssl=1 300w, https:\/\/i0.wp.com\/pfadfinder-kuppenheim.de\/wp-content\/uploads\/2019\/08\/DSCN32951.jpg?resize=768%2C576&amp;ssl=1 768w, https:\/\/i0.wp.com\/pfadfinder-kuppenheim.de\/wp-content\/uploads\/2019\/08\/DSCN32951.jpg?resize=750%2C563&amp;ssl=1 750w, https:\/\/i0.wp.com\/pfadfinder-kuppenheim.de\/wp-content\/uploads\/2019\/08\/DSCN32951.jpg?w=2400&amp;ssl=1 2400w, https:\/\/i0.wp.com\/pfadfinder-kuppenheim.de\/wp-content\/uploads\/2019\/08\/DSCN32951.jpg?w=3600&amp;ssl=1 3600w\" sizes=\"auto, (max-width: 1024px) 100vw, 1024px\" \/><figcaption>Der Bunte Abend beginnt nat\u00fcrlich mit einem kleinen Grillfest<\/figcaption><\/figure>\n\n\n\n<figure class=\"wp-block-image\"><img data-recalc-dims=\"1\" loading=\"lazy\" decoding=\"async\" width=\"1024\" height=\"768\" src=\"https:\/\/i0.wp.com\/blog.pfadfinder-kuppenheim.de\/wp-content\/uploads\/2019\/08\/DSCN33191-1024x768.jpg?resize=1024%2C768\" alt=\"\" class=\"wp-image-6592\" srcset=\"https:\/\/i0.wp.com\/pfadfinder-kuppenheim.de\/wp-content\/uploads\/2019\/08\/DSCN33191.jpg?resize=1024%2C768&amp;ssl=1 1024w, https:\/\/i0.wp.com\/pfadfinder-kuppenheim.de\/wp-content\/uploads\/2019\/08\/DSCN33191.jpg?resize=300%2C225&amp;ssl=1 300w, https:\/\/i0.wp.com\/pfadfinder-kuppenheim.de\/wp-content\/uploads\/2019\/08\/DSCN33191.jpg?resize=768%2C576&amp;ssl=1 768w, https:\/\/i0.wp.com\/pfadfinder-kuppenheim.de\/wp-content\/uploads\/2019\/08\/DSCN33191.jpg?resize=750%2C563&amp;ssl=1 750w, https:\/\/i0.wp.com\/pfadfinder-kuppenheim.de\/wp-content\/uploads\/2019\/08\/DSCN33191.jpg?w=2400&amp;ssl=1 2400w, https:\/\/i0.wp.com\/pfadfinder-kuppenheim.de\/wp-content\/uploads\/2019\/08\/DSCN33191.jpg?w=3600&amp;ssl=1 3600w\" sizes=\"auto, (max-width: 1024px) 100vw, 1024px\" \/><figcaption>Gespannt lauscht das Publikum den Sketchen der einzelnen Sippen.<\/figcaption><\/figure>\n\n\n\n<figure class=\"wp-block-image\"><img data-recalc-dims=\"1\" loading=\"lazy\" decoding=\"async\" width=\"1024\" height=\"768\" src=\"https:\/\/i0.wp.com\/blog.pfadfinder-kuppenheim.de\/wp-content\/uploads\/2019\/08\/DSCN33111-1024x768.jpg?resize=1024%2C768\" alt=\"\" class=\"wp-image-6593\" srcset=\"https:\/\/i0.wp.com\/pfadfinder-kuppenheim.de\/wp-content\/uploads\/2019\/08\/DSCN33111.jpg?resize=1024%2C768&amp;ssl=1 1024w, https:\/\/i0.wp.com\/pfadfinder-kuppenheim.de\/wp-content\/uploads\/2019\/08\/DSCN33111.jpg?resize=300%2C225&amp;ssl=1 300w, https:\/\/i0.wp.com\/pfadfinder-kuppenheim.de\/wp-content\/uploads\/2019\/08\/DSCN33111.jpg?resize=768%2C576&amp;ssl=1 768w, https:\/\/i0.wp.com\/pfadfinder-kuppenheim.de\/wp-content\/uploads\/2019\/08\/DSCN33111.jpg?resize=750%2C563&amp;ssl=1 750w, https:\/\/i0.wp.com\/pfadfinder-kuppenheim.de\/wp-content\/uploads\/2019\/08\/DSCN33111.jpg?w=2400&amp;ssl=1 2400w, https:\/\/i0.wp.com\/pfadfinder-kuppenheim.de\/wp-content\/uploads\/2019\/08\/DSCN33111.jpg?w=3600&amp;ssl=1 3600w\" sizes=\"auto, (max-width: 1024px) 100vw, 1024px\" \/><figcaption>Der Sketch von der Kuh &#8222;Elsa&#8220;<\/figcaption><\/figure>\n\n\n\n<figure class=\"wp-block-image\"><img data-recalc-dims=\"1\" loading=\"lazy\" decoding=\"async\" width=\"1024\" height=\"768\" src=\"https:\/\/i0.wp.com\/blog.pfadfinder-kuppenheim.de\/wp-content\/uploads\/2019\/08\/DSCN33741-1024x768.jpg?resize=1024%2C768\" alt=\"\" class=\"wp-image-6594\" srcset=\"https:\/\/i0.wp.com\/pfadfinder-kuppenheim.de\/wp-content\/uploads\/2019\/08\/DSCN33741.jpg?resize=1024%2C768&amp;ssl=1 1024w, https:\/\/i0.wp.com\/pfadfinder-kuppenheim.de\/wp-content\/uploads\/2019\/08\/DSCN33741.jpg?resize=300%2C225&amp;ssl=1 300w, https:\/\/i0.wp.com\/pfadfinder-kuppenheim.de\/wp-content\/uploads\/2019\/08\/DSCN33741.jpg?resize=768%2C576&amp;ssl=1 768w, https:\/\/i0.wp.com\/pfadfinder-kuppenheim.de\/wp-content\/uploads\/2019\/08\/DSCN33741.jpg?resize=750%2C563&amp;ssl=1 750w, https:\/\/i0.wp.com\/pfadfinder-kuppenheim.de\/wp-content\/uploads\/2019\/08\/DSCN33741.jpg?w=2400&amp;ssl=1 2400w, https:\/\/i0.wp.com\/pfadfinder-kuppenheim.de\/wp-content\/uploads\/2019\/08\/DSCN33741.jpg?w=3600&amp;ssl=1 3600w\" sizes=\"auto, (max-width: 1024px) 100vw, 1024px\" \/><figcaption>Lagerking &amp; Lagerqueen 2019 der Pfadistufe \ud83d\ude42<\/figcaption><\/figure>\n","protected":false},"excerpt":{"rendered":"<p>Am Freitagmorgen wurden wir gegen 07:30 Uhr geweckt. Nachdem sich alle fertig gemacht hatten, gab es f\u00fcr beide Sippen M\u00fcsli zum Fr\u00fchst\u00fcck. Anschlie\u00dfend r\u00e4umte jeder sein Zeug in ein gro\u00dfes Zirkuszelt, in dem wir die letzte Nacht verbringen w\u00fcrden. Danach ging es mit dem Abbau los. Als erstes mussten die Zeltb\u00f6den zum Trocknen in die&hellip;&nbsp;<a href=\"https:\/\/pfadfinder-kuppenheim.de\/?p=6587\" class=\"\" rel=\"bookmark\">Weiterlesen &raquo;<span class=\"screen-reader-text\">Tag 13, 09.08. Freitag<\/span><\/a><\/p>\n","protected":false},"author":18,"featured_media":0,"comment_status":"open","ping_status":"closed","sticky":false,"template":"","format":"standard","meta":{"neve_meta_sidebar":"","neve_meta_container":"","neve_meta_enable_content_width":"","neve_meta_content_width":0,"neve_meta_title_alignment":"","neve_meta_author_avatar":"","neve_post_elements_order":"","neve_meta_disable_header":"","neve_meta_disable_footer":"","neve_meta_disable_title":"","jetpack_post_was_ever_published":false,"_jetpack_newsletter_access":"","_jetpack_dont_email_post_to_subs":false,"_jetpack_newsletter_tier_id":0,"_jetpack_memberships_contains_paywalled_content":false,"_jetpack_memberships_contains_paid_content":false,"footnotes":"","jetpack_publicize_message":"","jetpack_publicize_feature_enabled":true,"jetpack_social_post_already_shared":true,"jetpack_social_options":{"image_generator_settings":{"template":"highway","default_image_id":0,"font":"","enabled":false},"version":2}},"categories":[270,23],"tags":[78],"class_list":["post-6587","post","type-post","status-publish","format-standard","hentry","category-2019-bosau","category-pfadis_sola_tagebuch","tag-sommerlager"],"jetpack_publicize_connections":[],"jetpack_featured_media_url":"","jetpack_sharing_enabled":true,"jetpack_shortlink":"https:\/\/wp.me\/p3G0PZ-1If","_links":{"self":[{"href":"https:\/\/pfadfinder-kuppenheim.de\/index.php?rest_route=\/wp\/v2\/posts\/6587","targetHints":{"allow":["GET"]}}],"collection":[{"href":"https:\/\/pfadfinder-kuppenheim.de\/index.php?rest_route=\/wp\/v2\/posts"}],"about":[{"href":"https:\/\/pfadfinder-kuppenheim.de\/index.php?rest_route=\/wp\/v2\/types\/post"}],"author":[{"embeddable":true,"href":"https:\/\/pfadfinder-kuppenheim.de\/index.php?rest_route=\/wp\/v2\/users\/18"}],"replies":[{"embeddable":true,"href":"https:\/\/pfadfinder-kuppenheim.de\/index.php?rest_route=%2Fwp%2Fv2%2Fcomments&post=6587"}],"version-history":[{"count":1,"href":"https:\/\/pfadfinder-kuppenheim.de\/index.php?rest_route=\/wp\/v2\/posts\/6587\/revisions"}],"predecessor-version":[{"id":6595,"href":"https:\/\/pfadfinder-kuppenheim.de\/index.php?rest_route=\/wp\/v2\/posts\/6587\/revisions\/6595"}],"wp:attachment":[{"href":"https:\/\/pfadfinder-kuppenheim.de\/index.php?rest_route=%2Fwp%2Fv2%2Fmedia&parent=6587"}],"wp:term":[{"taxonomy":"category","embeddable":true,"href":"https:\/\/pfadfinder-kuppenheim.de\/index.php?rest_route=%2Fwp%2Fv2%2Fcategories&post=6587"},{"taxonomy":"post_tag","embeddable":true,"href":"https:\/\/pfadfinder-kuppenheim.de\/index.php?rest_route=%2Fwp%2Fv2%2Ftags&post=6587"}],"curies":[{"name":"wp","href":"https:\/\/api.w.org\/{rel}","templated":true}]}}