{"id":6345,"date":"2019-08-06T00:42:25","date_gmt":"2019-08-05T22:42:25","guid":{"rendered":"http:\/\/blog.pfadfinder-kuppenheim.de\/?p=6345"},"modified":"2026-03-21T00:19:24","modified_gmt":"2026-03-20T23:19:24","slug":"tag-8-04-08-sonntag-2","status":"publish","type":"post","link":"https:\/\/pfadfinder-kuppenheim.de\/?p=6345","title":{"rendered":"Tag 8, 04.08. Sonntag"},"content":{"rendered":"\n<p>Am Sonntag, den 04.08 (Chillertag) wurden wir gegen 9.30 Uhr geweckt. Danach gab es Fr\u00fchst\u00fcck und um 11 Uhr folgte eine Morgenrunde von Jonas und mir. Das Thema der Morgenrunde war Gl\u00fcck. Anschlie\u00dfend hatten wir Freizeit. Nachmittags hatten die Jupfis ein Volleyballtunier vorbereitet, in welchem verschiedene Gruppen aus Jupfis und Pfadis um den Sieg rangen. Das Turnier ging \u00fcber mehrere Stunden und auch die Jupfi- und Pfadileiter gaben in den Teams ihr Bestes. Gegen 18.30 Uhr begannen wir das Abendessen vorzubereiten. Nach dem Essen gab es eine Abendrunde von Frauke und Paula zum Thema Freundschaft. Im Anschluss spielte die Pfadistufe mit den Leitern einige Runden Volleyball, bei denen es hei\u00df her ging. Als die Sonne unterging, mussten wir das Volleyball-Spielen einstellen, da wir die B\u00e4lle nicht mehr kommen sahen. So lie\u00dfen wir den &#8222;Chillertag&#8220; ausklingen und gingen frisch erhohlt und zufrieden ins Bett.<br><br>Felix<\/p>\n\n\n\n<figure class=\"wp-block-image\"><img data-recalc-dims=\"1\" loading=\"lazy\" decoding=\"async\" width=\"1024\" height=\"768\" src=\"https:\/\/i0.wp.com\/blog.pfadfinder-kuppenheim.de\/wp-content\/uploads\/2019\/08\/DSCN28191-1024x768.jpg?resize=1024%2C768\" alt=\"\" class=\"wp-image-6351\" srcset=\"https:\/\/i0.wp.com\/pfadfinder-kuppenheim.de\/wp-content\/uploads\/2019\/08\/DSCN28191.jpg?resize=1024%2C768&amp;ssl=1 1024w, https:\/\/i0.wp.com\/pfadfinder-kuppenheim.de\/wp-content\/uploads\/2019\/08\/DSCN28191.jpg?resize=300%2C225&amp;ssl=1 300w, https:\/\/i0.wp.com\/pfadfinder-kuppenheim.de\/wp-content\/uploads\/2019\/08\/DSCN28191.jpg?resize=768%2C576&amp;ssl=1 768w, https:\/\/i0.wp.com\/pfadfinder-kuppenheim.de\/wp-content\/uploads\/2019\/08\/DSCN28191.jpg?resize=750%2C563&amp;ssl=1 750w, https:\/\/i0.wp.com\/pfadfinder-kuppenheim.de\/wp-content\/uploads\/2019\/08\/DSCN28191.jpg?w=2400&amp;ssl=1 2400w, https:\/\/i0.wp.com\/pfadfinder-kuppenheim.de\/wp-content\/uploads\/2019\/08\/DSCN28191.jpg?w=3600&amp;ssl=1 3600w\" sizes=\"auto, (max-width: 1024px) 100vw, 1024px\" \/><figcaption>Der Tag Beginnt mit einer Morgenrunde zum Thema &#8222;Gl\u00fcck&#8220; von Jonas und Felix<\/figcaption><\/figure>\n\n\n\n<figure class=\"wp-block-image\"><img data-recalc-dims=\"1\" loading=\"lazy\" decoding=\"async\" width=\"1024\" height=\"768\" src=\"https:\/\/i0.wp.com\/blog.pfadfinder-kuppenheim.de\/wp-content\/uploads\/2019\/08\/DSCN28221-1024x768.jpg?resize=1024%2C768\" alt=\"\" class=\"wp-image-6352\" srcset=\"https:\/\/i0.wp.com\/pfadfinder-kuppenheim.de\/wp-content\/uploads\/2019\/08\/DSCN28221.jpg?resize=1024%2C768&amp;ssl=1 1024w, https:\/\/i0.wp.com\/pfadfinder-kuppenheim.de\/wp-content\/uploads\/2019\/08\/DSCN28221.jpg?resize=300%2C225&amp;ssl=1 300w, https:\/\/i0.wp.com\/pfadfinder-kuppenheim.de\/wp-content\/uploads\/2019\/08\/DSCN28221.jpg?resize=768%2C576&amp;ssl=1 768w, https:\/\/i0.wp.com\/pfadfinder-kuppenheim.de\/wp-content\/uploads\/2019\/08\/DSCN28221.jpg?resize=750%2C563&amp;ssl=1 750w, https:\/\/i0.wp.com\/pfadfinder-kuppenheim.de\/wp-content\/uploads\/2019\/08\/DSCN28221.jpg?w=2400&amp;ssl=1 2400w, https:\/\/i0.wp.com\/pfadfinder-kuppenheim.de\/wp-content\/uploads\/2019\/08\/DSCN28221.jpg?w=3600&amp;ssl=1 3600w\" sizes=\"auto, (max-width: 1024px) 100vw, 1024px\" \/><figcaption>Nat\u00fcrlich vergessen wir auf dem Lager auch nicht die Daheimgebliebenen und schreiben flei\u00dfig Postkarten \ud83d\ude42<\/figcaption><\/figure>\n\n\n\n<figure class=\"wp-block-image\"><img data-recalc-dims=\"1\" loading=\"lazy\" decoding=\"async\" width=\"1024\" height=\"768\" src=\"https:\/\/i0.wp.com\/blog.pfadfinder-kuppenheim.de\/wp-content\/uploads\/2019\/08\/DSCN28482-1024x768.jpg?resize=1024%2C768\" alt=\"\" class=\"wp-image-6353\" srcset=\"https:\/\/i0.wp.com\/pfadfinder-kuppenheim.de\/wp-content\/uploads\/2019\/08\/DSCN28482.jpg?resize=1024%2C768&amp;ssl=1 1024w, https:\/\/i0.wp.com\/pfadfinder-kuppenheim.de\/wp-content\/uploads\/2019\/08\/DSCN28482.jpg?resize=300%2C225&amp;ssl=1 300w, https:\/\/i0.wp.com\/pfadfinder-kuppenheim.de\/wp-content\/uploads\/2019\/08\/DSCN28482.jpg?resize=768%2C576&amp;ssl=1 768w, https:\/\/i0.wp.com\/pfadfinder-kuppenheim.de\/wp-content\/uploads\/2019\/08\/DSCN28482.jpg?resize=750%2C563&amp;ssl=1 750w, https:\/\/i0.wp.com\/pfadfinder-kuppenheim.de\/wp-content\/uploads\/2019\/08\/DSCN28482.jpg?w=2400&amp;ssl=1 2400w, https:\/\/i0.wp.com\/pfadfinder-kuppenheim.de\/wp-content\/uploads\/2019\/08\/DSCN28482.jpg?w=3600&amp;ssl=1 3600w\" sizes=\"auto, (max-width: 1024px) 100vw, 1024px\" \/><figcaption>Beim Volleyball-Turnier geht es hei\u00df her!<\/figcaption><\/figure>\n\n\n\n<figure class=\"wp-block-image\"><img data-recalc-dims=\"1\" loading=\"lazy\" decoding=\"async\" width=\"1024\" height=\"768\" src=\"https:\/\/i0.wp.com\/blog.pfadfinder-kuppenheim.de\/wp-content\/uploads\/2019\/08\/DSCN28551-1024x768.jpg?resize=1024%2C768\" alt=\"\" class=\"wp-image-6354\" srcset=\"https:\/\/i0.wp.com\/pfadfinder-kuppenheim.de\/wp-content\/uploads\/2019\/08\/DSCN28551.jpg?resize=1024%2C768&amp;ssl=1 1024w, https:\/\/i0.wp.com\/pfadfinder-kuppenheim.de\/wp-content\/uploads\/2019\/08\/DSCN28551.jpg?resize=300%2C225&amp;ssl=1 300w, https:\/\/i0.wp.com\/pfadfinder-kuppenheim.de\/wp-content\/uploads\/2019\/08\/DSCN28551.jpg?resize=768%2C576&amp;ssl=1 768w, https:\/\/i0.wp.com\/pfadfinder-kuppenheim.de\/wp-content\/uploads\/2019\/08\/DSCN28551.jpg?resize=750%2C563&amp;ssl=1 750w, https:\/\/i0.wp.com\/pfadfinder-kuppenheim.de\/wp-content\/uploads\/2019\/08\/DSCN28551.jpg?w=2400&amp;ssl=1 2400w, https:\/\/i0.wp.com\/pfadfinder-kuppenheim.de\/wp-content\/uploads\/2019\/08\/DSCN28551.jpg?w=3600&amp;ssl=1 3600w\" sizes=\"auto, (max-width: 1024px) 100vw, 1024px\" \/><figcaption>Silas und Ben geben auch am Herd alles!<\/figcaption><\/figure>\n","protected":false},"excerpt":{"rendered":"<p>Am Sonntag, den 04.08 (Chillertag) wurden wir gegen 9.30 Uhr geweckt. Danach gab es Fr\u00fchst\u00fcck und um 11 Uhr folgte eine Morgenrunde von Jonas und mir. Das Thema der Morgenrunde war Gl\u00fcck. Anschlie\u00dfend hatten wir Freizeit. Nachmittags hatten die Jupfis ein Volleyballtunier vorbereitet, in welchem verschiedene Gruppen aus Jupfis und Pfadis um den Sieg rangen.&hellip;&nbsp;<a href=\"https:\/\/pfadfinder-kuppenheim.de\/?p=6345\" class=\"\" rel=\"bookmark\">Weiterlesen &raquo;<span class=\"screen-reader-text\">Tag 8, 04.08. Sonntag<\/span><\/a><\/p>\n","protected":false},"author":18,"featured_media":0,"comment_status":"open","ping_status":"closed","sticky":false,"template":"","format":"standard","meta":{"neve_meta_sidebar":"","neve_meta_container":"","neve_meta_enable_content_width":"","neve_meta_content_width":0,"neve_meta_title_alignment":"","neve_meta_author_avatar":"","neve_post_elements_order":"","neve_meta_disable_header":"","neve_meta_disable_footer":"","neve_meta_disable_title":"","jetpack_post_was_ever_published":false,"_jetpack_newsletter_access":"","_jetpack_dont_email_post_to_subs":false,"_jetpack_newsletter_tier_id":0,"_jetpack_memberships_contains_paywalled_content":false,"_jetpack_memberships_contains_paid_content":false,"footnotes":"","jetpack_publicize_message":"","jetpack_publicize_feature_enabled":true,"jetpack_social_post_already_shared":true,"jetpack_social_options":{"image_generator_settings":{"template":"highway","default_image_id":0,"font":"","enabled":false},"version":2}},"categories":[270,23],"tags":[78],"class_list":["post-6345","post","type-post","status-publish","format-standard","hentry","category-2019-bosau","category-pfadis_sola_tagebuch","tag-sommerlager"],"jetpack_publicize_connections":[],"jetpack_featured_media_url":"","jetpack_sharing_enabled":true,"jetpack_shortlink":"https:\/\/wp.me\/p3G0PZ-1El","_links":{"self":[{"href":"https:\/\/pfadfinder-kuppenheim.de\/index.php?rest_route=\/wp\/v2\/posts\/6345","targetHints":{"allow":["GET"]}}],"collection":[{"href":"https:\/\/pfadfinder-kuppenheim.de\/index.php?rest_route=\/wp\/v2\/posts"}],"about":[{"href":"https:\/\/pfadfinder-kuppenheim.de\/index.php?rest_route=\/wp\/v2\/types\/post"}],"author":[{"embeddable":true,"href":"https:\/\/pfadfinder-kuppenheim.de\/index.php?rest_route=\/wp\/v2\/users\/18"}],"replies":[{"embeddable":true,"href":"https:\/\/pfadfinder-kuppenheim.de\/index.php?rest_route=%2Fwp%2Fv2%2Fcomments&post=6345"}],"version-history":[{"count":1,"href":"https:\/\/pfadfinder-kuppenheim.de\/index.php?rest_route=\/wp\/v2\/posts\/6345\/revisions"}],"predecessor-version":[{"id":6355,"href":"https:\/\/pfadfinder-kuppenheim.de\/index.php?rest_route=\/wp\/v2\/posts\/6345\/revisions\/6355"}],"wp:attachment":[{"href":"https:\/\/pfadfinder-kuppenheim.de\/index.php?rest_route=%2Fwp%2Fv2%2Fmedia&parent=6345"}],"wp:term":[{"taxonomy":"category","embeddable":true,"href":"https:\/\/pfadfinder-kuppenheim.de\/index.php?rest_route=%2Fwp%2Fv2%2Fcategories&post=6345"},{"taxonomy":"post_tag","embeddable":true,"href":"https:\/\/pfadfinder-kuppenheim.de\/index.php?rest_route=%2Fwp%2Fv2%2Ftags&post=6345"}],"curies":[{"name":"wp","href":"https:\/\/api.w.org\/{rel}","templated":true}]}}