{"id":6280,"date":"2019-08-04T18:43:18","date_gmt":"2019-08-04T16:43:18","guid":{"rendered":"http:\/\/blog.pfadfinder-kuppenheim.de\/?p=6280"},"modified":"2019-08-04T19:57:30","modified_gmt":"2019-08-04T17:57:30","slug":"tag-7-03-08-samstag-hajk-gruppe-chamaeleon-und-zwei-killerkueken","status":"publish","type":"post","link":"https:\/\/pfadfinder-kuppenheim.de\/?p=6280","title":{"rendered":"Tag 7 &#8211; 03.08 Samstag- Hajk Sippe Cham\u00e4leon und zwei Killerk\u00fcken"},"content":{"rendered":"\n<p>Morgens um 7:45 Uhr wurden wir von Kerstin geweckt. Wir zogen uns an, packten unsere Sachen zusammen und fr\u00fchst\u00fcckten Cornflakes. Nach dem Fr\u00fchst\u00fcck fegten wir die R\u00e4ume aus und verabschiedeten uns von der Familie. Da wir f\u00fcr den Lager-10-Kampf Mythen oder Legenden ben\u00f6tigten, fragten wir nach einer. Dann gingen wir los nach W\u00f6bs. In W\u00f6bs haben wir zu einem Ferienhof laufen m\u00fcssen und herausfinden, was f\u00fcr Tiere dort leben. Als wir das herausgefunden hatten, f\u00fchrte uns der n\u00e4chste Umschlag nach Bichel, wo wir das Abschlussfoto vom Hajk machen sollten. Nach dem Foto liefen wir zum Lagerplatz. Auf dem Lagerplatz vesperten wir zu Mittag. Dan hatten wir Freizeit bis zum Abendessen. Zum Abendessen gab es Burger, Als alle aufgegessen hatten, spielten wir Fl\u00fcsterpost. Nach einer paar Runden sangen wir unser Gute-Nacht-Lied und gingen anschlie\u00dfend zu Bett.<\/p>\n\n\n\n<p>Vom wanderbegeisterten Jupfireporter Jonas<\/p>\n","protected":false},"excerpt":{"rendered":"<p>Morgens um 7:45 Uhr wurden wir von Kerstin geweckt. Wir zogen uns an, packten unsere Sachen zusammen und fr\u00fchst\u00fcckten Cornflakes. Nach dem Fr\u00fchst\u00fcck fegten wir die R\u00e4ume aus und verabschiedeten uns von der Familie. Da wir f\u00fcr den Lager-10-Kampf Mythen oder Legenden ben\u00f6tigten, fragten wir nach einer. Dann gingen wir los nach W\u00f6bs. In W\u00f6bs&hellip;&nbsp;<a href=\"https:\/\/pfadfinder-kuppenheim.de\/?p=6280\" class=\"\" rel=\"bookmark\">Weiterlesen &raquo;<span class=\"screen-reader-text\">Tag 7 &#8211; 03.08 Samstag- Hajk Sippe Cham\u00e4leon und zwei Killerk\u00fcken<\/span><\/a><\/p>\n","protected":false},"author":19,"featured_media":0,"comment_status":"open","ping_status":"closed","sticky":false,"template":"","format":"standard","meta":{"neve_meta_sidebar":"","neve_meta_container":"","neve_meta_enable_content_width":"","neve_meta_content_width":0,"neve_meta_title_alignment":"","neve_meta_author_avatar":"","neve_post_elements_order":"","neve_meta_disable_header":"","neve_meta_disable_footer":"","neve_meta_disable_title":"","jetpack_post_was_ever_published":false,"_jetpack_newsletter_access":"","_jetpack_dont_email_post_to_subs":false,"_jetpack_newsletter_tier_id":0,"_jetpack_memberships_contains_paywalled_content":false,"_jetpack_memberships_contains_paid_content":false,"footnotes":"","jetpack_publicize_message":"","jetpack_publicize_feature_enabled":true,"jetpack_social_post_already_shared":true,"jetpack_social_options":{"image_generator_settings":{"template":"highway","default_image_id":0,"font":"","enabled":false},"version":2}},"categories":[12],"tags":[],"class_list":["post-6280","post","type-post","status-publish","format-standard","hentry","category-jupfis_sola_tagebuch"],"jetpack_publicize_connections":[],"jetpack_featured_media_url":"","jetpack_sharing_enabled":true,"jetpack_shortlink":"https:\/\/wp.me\/p3G0PZ-1Di","_links":{"self":[{"href":"https:\/\/pfadfinder-kuppenheim.de\/index.php?rest_route=\/wp\/v2\/posts\/6280","targetHints":{"allow":["GET"]}}],"collection":[{"href":"https:\/\/pfadfinder-kuppenheim.de\/index.php?rest_route=\/wp\/v2\/posts"}],"about":[{"href":"https:\/\/pfadfinder-kuppenheim.de\/index.php?rest_route=\/wp\/v2\/types\/post"}],"author":[{"embeddable":true,"href":"https:\/\/pfadfinder-kuppenheim.de\/index.php?rest_route=\/wp\/v2\/users\/19"}],"replies":[{"embeddable":true,"href":"https:\/\/pfadfinder-kuppenheim.de\/index.php?rest_route=%2Fwp%2Fv2%2Fcomments&post=6280"}],"version-history":[{"count":2,"href":"https:\/\/pfadfinder-kuppenheim.de\/index.php?rest_route=\/wp\/v2\/posts\/6280\/revisions"}],"predecessor-version":[{"id":6282,"href":"https:\/\/pfadfinder-kuppenheim.de\/index.php?rest_route=\/wp\/v2\/posts\/6280\/revisions\/6282"}],"wp:attachment":[{"href":"https:\/\/pfadfinder-kuppenheim.de\/index.php?rest_route=%2Fwp%2Fv2%2Fmedia&parent=6280"}],"wp:term":[{"taxonomy":"category","embeddable":true,"href":"https:\/\/pfadfinder-kuppenheim.de\/index.php?rest_route=%2Fwp%2Fv2%2Fcategories&post=6280"},{"taxonomy":"post_tag","embeddable":true,"href":"https:\/\/pfadfinder-kuppenheim.de\/index.php?rest_route=%2Fwp%2Fv2%2Ftags&post=6280"}],"curies":[{"name":"wp","href":"https:\/\/api.w.org\/{rel}","templated":true}]}}