{"id":6254,"date":"2019-08-04T13:47:45","date_gmt":"2019-08-04T11:47:45","guid":{"rendered":"http:\/\/blog.pfadfinder-kuppenheim.de\/?p=6254"},"modified":"2026-03-21T00:19:24","modified_gmt":"2026-03-20T23:19:24","slug":"tag-7-03-08-samstag-hike-tag-2-gruppe-poppige-popkoerner","status":"publish","type":"post","link":"https:\/\/pfadfinder-kuppenheim.de\/?p=6254","title":{"rendered":"Tag 7, 03.08. Samstag (Hike Tag 2 Gruppe Poppige Popk\u00f6rner)"},"content":{"rendered":"\n<p>Nachdem wir am ersten Tag schon so viel unserer Wanderung geschafft hatten, haben wir erst mal ausgeschlafen. Gegen 9:30 Uhr sind wir dann los gelaufen und gingen als Erstes nochmal einkaufen. Als wir auf dem Wanderweg waren, welcher uns nach Bosau f\u00fchrte war es sch\u00f6n sonnig und der Weg war sehr gepflegt mit sch\u00f6nen Blumen am Rande. Aufgrund des guten Wetters trafen wir unterwegs auf viele nette Leute, mit denen auch der ein oder andere Plausch entstand. Nach ein paar Stunden gem\u00fctlichem Sonnenspaziergang erreichten wir Bosau und legten nochmal Tempo f\u00fcr einen Endspurt bis zum Zeltplatz zu. Den Lagerplatz erreichten wir vorzeitig um 14:30 Uhr. Dort legten wir unsere Rucks\u00e4cke ab und zogen erstmal unsere Wanderschuhe aus. Der Hike war erfolgreich geschafft und zufrieden lie\u00dfen wir den Tag ausklingen.<br><br>Frauke<\/p>\n\n\n\n<figure class=\"wp-block-image\"><img data-recalc-dims=\"1\" loading=\"lazy\" decoding=\"async\" width=\"1024\" height=\"576\" src=\"https:\/\/i0.wp.com\/blog.pfadfinder-kuppenheim.de\/wp-content\/uploads\/2019\/08\/WhatsApp-Image-2019-08-04-at-11.41.202-1-1024x576.jpeg?resize=1024%2C576\" alt=\"\" class=\"wp-image-6255\" srcset=\"https:\/\/i0.wp.com\/pfadfinder-kuppenheim.de\/wp-content\/uploads\/2019\/08\/WhatsApp-Image-2019-08-04-at-11.41.202-1.jpeg?w=1024&amp;ssl=1 1024w, https:\/\/i0.wp.com\/pfadfinder-kuppenheim.de\/wp-content\/uploads\/2019\/08\/WhatsApp-Image-2019-08-04-at-11.41.202-1.jpeg?resize=300%2C169&amp;ssl=1 300w, https:\/\/i0.wp.com\/pfadfinder-kuppenheim.de\/wp-content\/uploads\/2019\/08\/WhatsApp-Image-2019-08-04-at-11.41.202-1.jpeg?resize=768%2C432&amp;ssl=1 768w, https:\/\/i0.wp.com\/pfadfinder-kuppenheim.de\/wp-content\/uploads\/2019\/08\/WhatsApp-Image-2019-08-04-at-11.41.202-1.jpeg?resize=750%2C422&amp;ssl=1 750w\" sizes=\"auto, (max-width: 1024px) 100vw, 1024px\" \/><figcaption>Silas bei der St\u00e4rkung nach dem langen Schlaf XD (siehe auch Tag 1)<\/figcaption><\/figure>\n\n\n\n<figure class=\"wp-block-image\"><img data-recalc-dims=\"1\" loading=\"lazy\" decoding=\"async\" width=\"576\" height=\"1024\" src=\"https:\/\/i0.wp.com\/blog.pfadfinder-kuppenheim.de\/wp-content\/uploads\/2019\/08\/WhatsApp-Image-2019-08-04-at-11.41.201-576x1024.jpeg?resize=576%2C1024\" alt=\"\" class=\"wp-image-6256\" srcset=\"https:\/\/i0.wp.com\/pfadfinder-kuppenheim.de\/wp-content\/uploads\/2019\/08\/WhatsApp-Image-2019-08-04-at-11.41.201.jpeg?w=576&amp;ssl=1 576w, https:\/\/i0.wp.com\/pfadfinder-kuppenheim.de\/wp-content\/uploads\/2019\/08\/WhatsApp-Image-2019-08-04-at-11.41.201.jpeg?resize=169%2C300&amp;ssl=1 169w\" sizes=\"auto, (max-width: 576px) 100vw, 576px\" \/><figcaption>Es gab reichlich zu essen und f\u00fcr ein paar S\u00fc\u00dfigkeiten hat das Geld auch noch gereicht XD.<\/figcaption><\/figure>\n\n\n\n<figure class=\"wp-block-image\"><img data-recalc-dims=\"1\" loading=\"lazy\" decoding=\"async\" width=\"1024\" height=\"768\" src=\"https:\/\/i0.wp.com\/blog.pfadfinder-kuppenheim.de\/wp-content\/uploads\/2019\/08\/WhatsApp-Image-2019-08-04-at-11.41.204-1024x768.jpeg?resize=1024%2C768\" alt=\"\" class=\"wp-image-6257\" srcset=\"https:\/\/i0.wp.com\/pfadfinder-kuppenheim.de\/wp-content\/uploads\/2019\/08\/WhatsApp-Image-2019-08-04-at-11.41.204.jpeg?w=1024&amp;ssl=1 1024w, https:\/\/i0.wp.com\/pfadfinder-kuppenheim.de\/wp-content\/uploads\/2019\/08\/WhatsApp-Image-2019-08-04-at-11.41.204.jpeg?resize=300%2C225&amp;ssl=1 300w, https:\/\/i0.wp.com\/pfadfinder-kuppenheim.de\/wp-content\/uploads\/2019\/08\/WhatsApp-Image-2019-08-04-at-11.41.204.jpeg?resize=768%2C576&amp;ssl=1 768w, https:\/\/i0.wp.com\/pfadfinder-kuppenheim.de\/wp-content\/uploads\/2019\/08\/WhatsApp-Image-2019-08-04-at-11.41.204.jpeg?resize=750%2C563&amp;ssl=1 750w\" sizes=\"auto, (max-width: 1024px) 100vw, 1024px\" \/><figcaption>Der Unterstand f\u00fcr die Nacht sieht gem\u00fctlich aus.<\/figcaption><\/figure>\n\n\n\n<figure class=\"wp-block-image\"><img data-recalc-dims=\"1\" loading=\"lazy\" decoding=\"async\" width=\"768\" height=\"1024\" src=\"https:\/\/i0.wp.com\/blog.pfadfinder-kuppenheim.de\/wp-content\/uploads\/2019\/08\/WhatsApp-Image-2019-08-04-at-11.42.08-768x1024.jpeg?resize=768%2C1024\" alt=\"\" class=\"wp-image-6258\" srcset=\"https:\/\/i0.wp.com\/pfadfinder-kuppenheim.de\/wp-content\/uploads\/2019\/08\/WhatsApp-Image-2019-08-04-at-11.42.08.jpeg?w=768&amp;ssl=1 768w, https:\/\/i0.wp.com\/pfadfinder-kuppenheim.de\/wp-content\/uploads\/2019\/08\/WhatsApp-Image-2019-08-04-at-11.42.08.jpeg?resize=225%2C300&amp;ssl=1 225w, https:\/\/i0.wp.com\/pfadfinder-kuppenheim.de\/wp-content\/uploads\/2019\/08\/WhatsApp-Image-2019-08-04-at-11.42.08.jpeg?resize=750%2C1000&amp;ssl=1 750w\" sizes=\"auto, (max-width: 768px) 100vw, 768px\" \/><figcaption>Die sch\u00f6nen Wanderwege rund um den Gro\u00dfen Pl\u00f6ner See \ud83d\ude42<\/figcaption><\/figure>\n","protected":false},"excerpt":{"rendered":"<p>Nachdem wir am ersten Tag schon so viel unserer Wanderung geschafft hatten, haben wir erst mal ausgeschlafen. Gegen 9:30 Uhr sind wir dann los gelaufen und gingen als Erstes nochmal einkaufen. Als wir auf dem Wanderweg waren, welcher uns nach Bosau f\u00fchrte war es sch\u00f6n sonnig und der Weg war sehr gepflegt mit sch\u00f6nen Blumen&hellip;&nbsp;<a href=\"https:\/\/pfadfinder-kuppenheim.de\/?p=6254\" class=\"\" rel=\"bookmark\">Weiterlesen &raquo;<span class=\"screen-reader-text\">Tag 7, 03.08. Samstag (Hike Tag 2 Gruppe Poppige Popk\u00f6rner)<\/span><\/a><\/p>\n","protected":false},"author":18,"featured_media":0,"comment_status":"open","ping_status":"closed","sticky":false,"template":"","format":"standard","meta":{"neve_meta_sidebar":"","neve_meta_container":"","neve_meta_enable_content_width":"","neve_meta_content_width":0,"neve_meta_title_alignment":"","neve_meta_author_avatar":"","neve_post_elements_order":"","neve_meta_disable_header":"","neve_meta_disable_footer":"","neve_meta_disable_title":"","jetpack_post_was_ever_published":false,"_jetpack_newsletter_access":"","_jetpack_dont_email_post_to_subs":false,"_jetpack_newsletter_tier_id":0,"_jetpack_memberships_contains_paywalled_content":false,"_jetpack_memberships_contains_paid_content":false,"footnotes":"","jetpack_publicize_message":"","jetpack_publicize_feature_enabled":true,"jetpack_social_post_already_shared":true,"jetpack_social_options":{"image_generator_settings":{"template":"highway","default_image_id":0,"font":"","enabled":false},"version":2}},"categories":[270,23],"tags":[87,78],"class_list":["post-6254","post","type-post","status-publish","format-standard","hentry","category-2019-bosau","category-pfadis_sola_tagebuch","tag-hike","tag-sommerlager"],"jetpack_publicize_connections":[],"jetpack_featured_media_url":"","jetpack_sharing_enabled":true,"jetpack_shortlink":"https:\/\/wp.me\/p3G0PZ-1CS","_links":{"self":[{"href":"https:\/\/pfadfinder-kuppenheim.de\/index.php?rest_route=\/wp\/v2\/posts\/6254","targetHints":{"allow":["GET"]}}],"collection":[{"href":"https:\/\/pfadfinder-kuppenheim.de\/index.php?rest_route=\/wp\/v2\/posts"}],"about":[{"href":"https:\/\/pfadfinder-kuppenheim.de\/index.php?rest_route=\/wp\/v2\/types\/post"}],"author":[{"embeddable":true,"href":"https:\/\/pfadfinder-kuppenheim.de\/index.php?rest_route=\/wp\/v2\/users\/18"}],"replies":[{"embeddable":true,"href":"https:\/\/pfadfinder-kuppenheim.de\/index.php?rest_route=%2Fwp%2Fv2%2Fcomments&post=6254"}],"version-history":[{"count":1,"href":"https:\/\/pfadfinder-kuppenheim.de\/index.php?rest_route=\/wp\/v2\/posts\/6254\/revisions"}],"predecessor-version":[{"id":6259,"href":"https:\/\/pfadfinder-kuppenheim.de\/index.php?rest_route=\/wp\/v2\/posts\/6254\/revisions\/6259"}],"wp:attachment":[{"href":"https:\/\/pfadfinder-kuppenheim.de\/index.php?rest_route=%2Fwp%2Fv2%2Fmedia&parent=6254"}],"wp:term":[{"taxonomy":"category","embeddable":true,"href":"https:\/\/pfadfinder-kuppenheim.de\/index.php?rest_route=%2Fwp%2Fv2%2Fcategories&post=6254"},{"taxonomy":"post_tag","embeddable":true,"href":"https:\/\/pfadfinder-kuppenheim.de\/index.php?rest_route=%2Fwp%2Fv2%2Ftags&post=6254"}],"curies":[{"name":"wp","href":"https:\/\/api.w.org\/{rel}","templated":true}]}}