{"id":6250,"date":"2019-08-04T13:36:40","date_gmt":"2019-08-04T11:36:40","guid":{"rendered":"http:\/\/blog.pfadfinder-kuppenheim.de\/?p=6250"},"modified":"2026-03-21T00:19:24","modified_gmt":"2026-03-20T23:19:24","slug":"tag-7-03-08-samstag-hike-tag-2-gruppe-bis-der-balken-kracht","status":"publish","type":"post","link":"https:\/\/pfadfinder-kuppenheim.de\/?p=6250","title":{"rendered":"Tag 7, 03.08. Samstag (Hike Tag 2 Gruppe Bis der Balken kracht)"},"content":{"rendered":"\n<p>Heute Morgen standen wir bereits um 7 Uhr auf, da wir noch einen gro\u00dfen Teil der Strecke absolvieren mussten. Als wir gefr\u00fchst\u00fcckt und gepackt hatten, machten wir uns auf den Weg von Bad Malente zum Schmarksee. <br> Nachdem wir uns gestern bereits von Felix verabschieden mussten, wurden nun auch Paula, Helena und Anastasia abgeholt werden. Da Nicolas uns jedoch von nun an begleitete, konnten wir 3 \u00dcbrigen den Hike abschlie\u00dfen. <\/p>\n\n\n\n<p>Nach einem z\u00fcgigen Marsch kamen wir am See an und erledigten dort unsere Aufgaben. Unsere n\u00e4chstes Ziel war ab dann Pl\u00f6n, wo wir die urspr\u00fcnglichen Bewohner des Prinzenhauses herausfinden sollten. In Pl\u00f6n angekommen trafen wir zuf\u00e4llig auf einen andern Pfadfinder, der uns auf ihre Pfandiwiese einlud. Der andere Stamm baute dort gerade an einem riesigen Kletterger\u00fcst mit Seilbahn und Kletterwand. Nachdem wir uns \u00fcber unsere verschiedenen St\u00e4mme ausgetauscht hatten und unsere Aufgabe gel\u00f6st hatten, machten wir uns auf den Weg an den Suhrer See. Dort steigerten wir unsere Stimmung mit einer kleinen Kuchenpause. Nachdem wir den See fotografiert hatten machten wir uns schlussendlich auf unseren finalen Weg Richtung Lagerplatz.<br> Dieser zog sich jedoch ,wie zu erwarten, lange hin, weshalb wir erst um 18 Uhr p\u00fcnktlich am Lagerplatz ankamen. <br>M\u00fcde, aber froh den Hike doch noch geschafft zu haben, beendeten wir den Tag. <br><br>Jonas<\/p>\n\n\n\n<figure class=\"wp-block-image\"><img data-recalc-dims=\"1\" loading=\"lazy\" decoding=\"async\" width=\"576\" height=\"1024\" src=\"https:\/\/i0.wp.com\/blog.pfadfinder-kuppenheim.de\/wp-content\/uploads\/2019\/08\/WhatsApp-Image-2019-08-03-at-17.45.00-576x1024.jpeg?resize=576%2C1024\" alt=\"\" class=\"wp-image-6252\" srcset=\"https:\/\/i0.wp.com\/pfadfinder-kuppenheim.de\/wp-content\/uploads\/2019\/08\/WhatsApp-Image-2019-08-03-at-17.45.00.jpeg?resize=576%2C1024&amp;ssl=1 576w, https:\/\/i0.wp.com\/pfadfinder-kuppenheim.de\/wp-content\/uploads\/2019\/08\/WhatsApp-Image-2019-08-03-at-17.45.00.jpeg?resize=169%2C300&amp;ssl=1 169w, https:\/\/i0.wp.com\/pfadfinder-kuppenheim.de\/wp-content\/uploads\/2019\/08\/WhatsApp-Image-2019-08-03-at-17.45.00.jpeg?resize=768%2C1365&amp;ssl=1 768w, https:\/\/i0.wp.com\/pfadfinder-kuppenheim.de\/wp-content\/uploads\/2019\/08\/WhatsApp-Image-2019-08-03-at-17.45.00.jpeg?resize=750%2C1333&amp;ssl=1 750w, https:\/\/i0.wp.com\/pfadfinder-kuppenheim.de\/wp-content\/uploads\/2019\/08\/WhatsApp-Image-2019-08-03-at-17.45.00.jpeg?w=900&amp;ssl=1 900w\" sizes=\"auto, (max-width: 576px) 100vw, 576px\" \/><\/figure>\n","protected":false},"excerpt":{"rendered":"<p>Heute Morgen standen wir bereits um 7 Uhr auf, da wir noch einen gro\u00dfen Teil der Strecke absolvieren mussten. Als wir gefr\u00fchst\u00fcckt und gepackt hatten, machten wir uns auf den Weg von Bad Malente zum Schmarksee. Nachdem wir uns gestern bereits von Felix verabschieden mussten, wurden nun auch Paula, Helena und Anastasia abgeholt werden. Da&hellip;&nbsp;<a href=\"https:\/\/pfadfinder-kuppenheim.de\/?p=6250\" class=\"\" rel=\"bookmark\">Weiterlesen &raquo;<span class=\"screen-reader-text\">Tag 7, 03.08. Samstag (Hike Tag 2 Gruppe Bis der Balken kracht)<\/span><\/a><\/p>\n","protected":false},"author":18,"featured_media":0,"comment_status":"open","ping_status":"closed","sticky":false,"template":"","format":"standard","meta":{"neve_meta_sidebar":"","neve_meta_container":"","neve_meta_enable_content_width":"","neve_meta_content_width":0,"neve_meta_title_alignment":"","neve_meta_author_avatar":"","neve_post_elements_order":"","neve_meta_disable_header":"","neve_meta_disable_footer":"","neve_meta_disable_title":"","jetpack_post_was_ever_published":false,"_jetpack_newsletter_access":"","_jetpack_dont_email_post_to_subs":false,"_jetpack_newsletter_tier_id":0,"_jetpack_memberships_contains_paywalled_content":false,"_jetpack_memberships_contains_paid_content":false,"footnotes":"","jetpack_publicize_message":"","jetpack_publicize_feature_enabled":true,"jetpack_social_post_already_shared":true,"jetpack_social_options":{"image_generator_settings":{"template":"highway","default_image_id":0,"font":"","enabled":false},"version":2}},"categories":[270,23],"tags":[87,78],"class_list":["post-6250","post","type-post","status-publish","format-standard","hentry","category-2019-bosau","category-pfadis_sola_tagebuch","tag-hike","tag-sommerlager"],"jetpack_publicize_connections":[],"jetpack_featured_media_url":"","jetpack_sharing_enabled":true,"jetpack_shortlink":"https:\/\/wp.me\/p3G0PZ-1CO","_links":{"self":[{"href":"https:\/\/pfadfinder-kuppenheim.de\/index.php?rest_route=\/wp\/v2\/posts\/6250","targetHints":{"allow":["GET"]}}],"collection":[{"href":"https:\/\/pfadfinder-kuppenheim.de\/index.php?rest_route=\/wp\/v2\/posts"}],"about":[{"href":"https:\/\/pfadfinder-kuppenheim.de\/index.php?rest_route=\/wp\/v2\/types\/post"}],"author":[{"embeddable":true,"href":"https:\/\/pfadfinder-kuppenheim.de\/index.php?rest_route=\/wp\/v2\/users\/18"}],"replies":[{"embeddable":true,"href":"https:\/\/pfadfinder-kuppenheim.de\/index.php?rest_route=%2Fwp%2Fv2%2Fcomments&post=6250"}],"version-history":[{"count":1,"href":"https:\/\/pfadfinder-kuppenheim.de\/index.php?rest_route=\/wp\/v2\/posts\/6250\/revisions"}],"predecessor-version":[{"id":6253,"href":"https:\/\/pfadfinder-kuppenheim.de\/index.php?rest_route=\/wp\/v2\/posts\/6250\/revisions\/6253"}],"wp:attachment":[{"href":"https:\/\/pfadfinder-kuppenheim.de\/index.php?rest_route=%2Fwp%2Fv2%2Fmedia&parent=6250"}],"wp:term":[{"taxonomy":"category","embeddable":true,"href":"https:\/\/pfadfinder-kuppenheim.de\/index.php?rest_route=%2Fwp%2Fv2%2Fcategories&post=6250"},{"taxonomy":"post_tag","embeddable":true,"href":"https:\/\/pfadfinder-kuppenheim.de\/index.php?rest_route=%2Fwp%2Fv2%2Ftags&post=6250"}],"curies":[{"name":"wp","href":"https:\/\/api.w.org\/{rel}","templated":true}]}}