{"id":6238,"date":"2019-08-04T12:25:32","date_gmt":"2019-08-04T10:25:32","guid":{"rendered":"http:\/\/blog.pfadfinder-kuppenheim.de\/?p=6238"},"modified":"2026-03-21T00:19:24","modified_gmt":"2026-03-20T23:19:24","slug":"tag-6-02-08-freitag-hike-tag-1-gruppe-poppige-popkoerner","status":"publish","type":"post","link":"https:\/\/pfadfinder-kuppenheim.de\/?p=6238","title":{"rendered":"Tag 6, 02.08. Freitag (Hike Tag 1 Gruppe Poppige Popk\u00f6rner)"},"content":{"rendered":"\n<p>Am ersten Tag des Hikes mussten wir von unserem Lagerplatz in Richtung Stock See laufen. Als wir dort ankamen, haben wir eine kleine Pause gemacht, um uns zu st\u00e4rken. Danach ging es weiter nach Godau. Als wir dort dann an einem kleinen Steg gesessen hattten, konnten wir dort gem\u00fctlich zum Mittagessen und die Aussicht genie\u00dfen. Weiter ging es \u00fcber Sepel zur darauf folgenden Stadt Ascheberg. Dort liefen wir nach Teichholz, um nach einem einheimischen Tier zu suchen. Als wir dieses gefunden hatten liefen wir weiter nach Koppelberg, um ein Foto vom Haupthaus des Bergs zu machen. Danach liefen wir weiter zu unserem letzten Stop f\u00fcr diesen Tag. Das Ziel war Pl\u00f6n. Nachdem wir in Pl\u00f6n angekommen waren liefen wir zum Prinzenhaus und erledigten unsere letzte Aufgabe. Danach suchten wir nach einer Unterkunft. Als eine nette Frau in ihrem Garten uns unsere Plane aufschlagen lie\u00df, machten wir uns den Abend gem\u00fctlich, gingen einkaufen und es gab Gnocchis mit Tomatensauce und Pudding als Nachtisch. Gegen 22 Uhr ging es dann auch schon ins Bett.<br><br>Frauke<\/p>\n\n\n\n<figure class=\"wp-block-image\"><img data-recalc-dims=\"1\" loading=\"lazy\" decoding=\"async\" width=\"1024\" height=\"768\" src=\"https:\/\/i0.wp.com\/blog.pfadfinder-kuppenheim.de\/wp-content\/uploads\/2019\/08\/WhatsApp-Image-2019-08-04-at-11.40.21-1024x768.jpeg?resize=1024%2C768\" alt=\"\" class=\"wp-image-6239\" srcset=\"https:\/\/i0.wp.com\/pfadfinder-kuppenheim.de\/wp-content\/uploads\/2019\/08\/WhatsApp-Image-2019-08-04-at-11.40.21.jpeg?w=1024&amp;ssl=1 1024w, https:\/\/i0.wp.com\/pfadfinder-kuppenheim.de\/wp-content\/uploads\/2019\/08\/WhatsApp-Image-2019-08-04-at-11.40.21.jpeg?resize=300%2C225&amp;ssl=1 300w, https:\/\/i0.wp.com\/pfadfinder-kuppenheim.de\/wp-content\/uploads\/2019\/08\/WhatsApp-Image-2019-08-04-at-11.40.21.jpeg?resize=768%2C576&amp;ssl=1 768w, https:\/\/i0.wp.com\/pfadfinder-kuppenheim.de\/wp-content\/uploads\/2019\/08\/WhatsApp-Image-2019-08-04-at-11.40.21.jpeg?resize=750%2C563&amp;ssl=1 750w\" sizes=\"auto, (max-width: 1024px) 100vw, 1024px\" \/><figcaption>Prinzenhaus in Pl\u00f6n. Letzter Stop f\u00fcr den ersten Hike-Tag der Poppigen Popk\u00f6rner<\/figcaption><\/figure>\n\n\n\n<figure class=\"wp-block-image\"><img data-recalc-dims=\"1\" loading=\"lazy\" decoding=\"async\" width=\"1024\" height=\"576\" src=\"https:\/\/i0.wp.com\/blog.pfadfinder-kuppenheim.de\/wp-content\/uploads\/2019\/08\/WhatsApp-Image-2019-08-04-at-11.41.202-1024x576.jpeg?resize=1024%2C576\" alt=\"\" class=\"wp-image-6240\" srcset=\"https:\/\/i0.wp.com\/pfadfinder-kuppenheim.de\/wp-content\/uploads\/2019\/08\/WhatsApp-Image-2019-08-04-at-11.41.202.jpeg?w=1024&amp;ssl=1 1024w, https:\/\/i0.wp.com\/pfadfinder-kuppenheim.de\/wp-content\/uploads\/2019\/08\/WhatsApp-Image-2019-08-04-at-11.41.202.jpeg?resize=300%2C169&amp;ssl=1 300w, https:\/\/i0.wp.com\/pfadfinder-kuppenheim.de\/wp-content\/uploads\/2019\/08\/WhatsApp-Image-2019-08-04-at-11.41.202.jpeg?resize=768%2C432&amp;ssl=1 768w, https:\/\/i0.wp.com\/pfadfinder-kuppenheim.de\/wp-content\/uploads\/2019\/08\/WhatsApp-Image-2019-08-04-at-11.41.202.jpeg?resize=750%2C422&amp;ssl=1 750w\" sizes=\"auto, (max-width: 1024px) 100vw, 1024px\" \/><figcaption>Silas bei der St\u00e4rkung nach dem langen Marsch<\/figcaption><\/figure>\n\n\n\n<figure class=\"wp-block-image\"><img data-recalc-dims=\"1\" loading=\"lazy\" decoding=\"async\" width=\"1024\" height=\"768\" src=\"https:\/\/i0.wp.com\/blog.pfadfinder-kuppenheim.de\/wp-content\/uploads\/2019\/08\/WhatsApp-Image-2019-08-04-at-11.41.20-1024x768.jpeg?resize=1024%2C768\" alt=\"\" class=\"wp-image-6241\" srcset=\"https:\/\/i0.wp.com\/pfadfinder-kuppenheim.de\/wp-content\/uploads\/2019\/08\/WhatsApp-Image-2019-08-04-at-11.41.20.jpeg?w=1024&amp;ssl=1 1024w, https:\/\/i0.wp.com\/pfadfinder-kuppenheim.de\/wp-content\/uploads\/2019\/08\/WhatsApp-Image-2019-08-04-at-11.41.20.jpeg?resize=300%2C225&amp;ssl=1 300w, https:\/\/i0.wp.com\/pfadfinder-kuppenheim.de\/wp-content\/uploads\/2019\/08\/WhatsApp-Image-2019-08-04-at-11.41.20.jpeg?resize=768%2C576&amp;ssl=1 768w, https:\/\/i0.wp.com\/pfadfinder-kuppenheim.de\/wp-content\/uploads\/2019\/08\/WhatsApp-Image-2019-08-04-at-11.41.20.jpeg?resize=750%2C563&amp;ssl=1 750w\" sizes=\"auto, (max-width: 1024px) 100vw, 1024px\" \/><figcaption>Die Unterkunft f\u00fcr die Nacht auf dem Hike \ud83d\ude42<\/figcaption><\/figure>\n","protected":false},"excerpt":{"rendered":"<p>Am ersten Tag des Hikes mussten wir von unserem Lagerplatz in Richtung Stock See laufen. Als wir dort ankamen, haben wir eine kleine Pause gemacht, um uns zu st\u00e4rken. Danach ging es weiter nach Godau. Als wir dort dann an einem kleinen Steg gesessen hattten, konnten wir dort gem\u00fctlich zum Mittagessen und die Aussicht genie\u00dfen.&hellip;&nbsp;<a href=\"https:\/\/pfadfinder-kuppenheim.de\/?p=6238\" class=\"\" rel=\"bookmark\">Weiterlesen &raquo;<span class=\"screen-reader-text\">Tag 6, 02.08. Freitag (Hike Tag 1 Gruppe Poppige Popk\u00f6rner)<\/span><\/a><\/p>\n","protected":false},"author":18,"featured_media":0,"comment_status":"open","ping_status":"closed","sticky":false,"template":"","format":"standard","meta":{"neve_meta_sidebar":"","neve_meta_container":"","neve_meta_enable_content_width":"","neve_meta_content_width":0,"neve_meta_title_alignment":"","neve_meta_author_avatar":"","neve_post_elements_order":"","neve_meta_disable_header":"","neve_meta_disable_footer":"","neve_meta_disable_title":"","jetpack_post_was_ever_published":false,"_jetpack_newsletter_access":"","_jetpack_dont_email_post_to_subs":false,"_jetpack_newsletter_tier_id":0,"_jetpack_memberships_contains_paywalled_content":false,"_jetpack_memberships_contains_paid_content":false,"footnotes":"","jetpack_publicize_message":"","jetpack_publicize_feature_enabled":true,"jetpack_social_post_already_shared":true,"jetpack_social_options":{"image_generator_settings":{"template":"highway","default_image_id":0,"font":"","enabled":false},"version":2}},"categories":[270,23],"tags":[87,78],"class_list":["post-6238","post","type-post","status-publish","format-standard","hentry","category-2019-bosau","category-pfadis_sola_tagebuch","tag-hike","tag-sommerlager"],"jetpack_publicize_connections":[],"jetpack_featured_media_url":"","jetpack_sharing_enabled":true,"jetpack_shortlink":"https:\/\/wp.me\/p3G0PZ-1CC","_links":{"self":[{"href":"https:\/\/pfadfinder-kuppenheim.de\/index.php?rest_route=\/wp\/v2\/posts\/6238","targetHints":{"allow":["GET"]}}],"collection":[{"href":"https:\/\/pfadfinder-kuppenheim.de\/index.php?rest_route=\/wp\/v2\/posts"}],"about":[{"href":"https:\/\/pfadfinder-kuppenheim.de\/index.php?rest_route=\/wp\/v2\/types\/post"}],"author":[{"embeddable":true,"href":"https:\/\/pfadfinder-kuppenheim.de\/index.php?rest_route=\/wp\/v2\/users\/18"}],"replies":[{"embeddable":true,"href":"https:\/\/pfadfinder-kuppenheim.de\/index.php?rest_route=%2Fwp%2Fv2%2Fcomments&post=6238"}],"version-history":[{"count":1,"href":"https:\/\/pfadfinder-kuppenheim.de\/index.php?rest_route=\/wp\/v2\/posts\/6238\/revisions"}],"predecessor-version":[{"id":6242,"href":"https:\/\/pfadfinder-kuppenheim.de\/index.php?rest_route=\/wp\/v2\/posts\/6238\/revisions\/6242"}],"wp:attachment":[{"href":"https:\/\/pfadfinder-kuppenheim.de\/index.php?rest_route=%2Fwp%2Fv2%2Fmedia&parent=6238"}],"wp:term":[{"taxonomy":"category","embeddable":true,"href":"https:\/\/pfadfinder-kuppenheim.de\/index.php?rest_route=%2Fwp%2Fv2%2Fcategories&post=6238"},{"taxonomy":"post_tag","embeddable":true,"href":"https:\/\/pfadfinder-kuppenheim.de\/index.php?rest_route=%2Fwp%2Fv2%2Ftags&post=6238"}],"curies":[{"name":"wp","href":"https:\/\/api.w.org\/{rel}","templated":true}]}}