{"id":6189,"date":"2019-08-03T17:53:09","date_gmt":"2019-08-03T15:53:09","guid":{"rendered":"http:\/\/blog.pfadfinder-kuppenheim.de\/?p=6189"},"modified":"2026-03-21T00:19:24","modified_gmt":"2026-03-20T23:19:24","slug":"tag-6-02-08-freitag-hike-tag-1-gruppe-bis-der-balken-kracht","status":"publish","type":"post","link":"https:\/\/pfadfinder-kuppenheim.de\/?p=6189","title":{"rendered":"Tag 6, 02.08. Freitag (Hike Tag 1 Gruppe Bis der Balken kracht)"},"content":{"rendered":"\n<p>Am Freitag sind beide Sippen auf den Hike gegangen. Die Sippe &#8222;Bis der Balken kracht&#8220; lief als erstes nach Eutin. Dort machten wir eine kurze Pause und liefen anschlie\u00dfend zum Schloss Eutin wo wir ein paar Bilder f\u00fcr unsere Aufgabe machten. Danach ging es weiter zum Kellersee um ein paar Aufgaben zu erledigen und um etwas zu trinken. Als wir in Bade Malente angekommen waren, gingen wir als erstes einkaufen und suchten uns anschlie\u00dfend eine \u00dcbernachtungsm\u00f6glichkeit. Wir fanden schlie\u00dflich Unterschlupf in einem kleinen Waldst\u00fcck neben einer Sporthalle. Wir bauten die Plane auf, so wie wir es im Workshop mit Kummi gelernt hatten. Danach kochten wir das gekaufte Essen auf unserem Gaskocher und breiteten unsere Schlafs\u00e4cke aus. Da wir alle sehr ersch\u00f6pft waren schliefen wir schnell ein und tankten neue Kr\u00e4fte f\u00fcr den folgenden Tag.<br><br>Helena<\/p>\n\n\n\n<figure class=\"wp-block-image\"><img data-recalc-dims=\"1\" loading=\"lazy\" decoding=\"async\" width=\"1024\" height=\"768\" src=\"https:\/\/i0.wp.com\/blog.pfadfinder-kuppenheim.de\/wp-content\/uploads\/2019\/08\/WhatsApp-Image-2019-08-03-at-17.45.20-1024x768.jpeg?resize=1024%2C768\" alt=\"\" class=\"wp-image-6190\" srcset=\"https:\/\/i0.wp.com\/pfadfinder-kuppenheim.de\/wp-content\/uploads\/2019\/08\/WhatsApp-Image-2019-08-03-at-17.45.20.jpeg?resize=1024%2C768&amp;ssl=1 1024w, https:\/\/i0.wp.com\/pfadfinder-kuppenheim.de\/wp-content\/uploads\/2019\/08\/WhatsApp-Image-2019-08-03-at-17.45.20.jpeg?resize=300%2C225&amp;ssl=1 300w, https:\/\/i0.wp.com\/pfadfinder-kuppenheim.de\/wp-content\/uploads\/2019\/08\/WhatsApp-Image-2019-08-03-at-17.45.20.jpeg?resize=768%2C576&amp;ssl=1 768w, https:\/\/i0.wp.com\/pfadfinder-kuppenheim.de\/wp-content\/uploads\/2019\/08\/WhatsApp-Image-2019-08-03-at-17.45.20.jpeg?resize=750%2C563&amp;ssl=1 750w, https:\/\/i0.wp.com\/pfadfinder-kuppenheim.de\/wp-content\/uploads\/2019\/08\/WhatsApp-Image-2019-08-03-at-17.45.20.jpeg?w=1600&amp;ssl=1 1600w\" sizes=\"auto, (max-width: 1024px) 100vw, 1024px\" \/><figcaption>Das Schloss Eutin<\/figcaption><\/figure>\n\n\n\n<figure class=\"wp-block-image\"><img data-recalc-dims=\"1\" loading=\"lazy\" decoding=\"async\" width=\"1024\" height=\"769\" src=\"https:\/\/i0.wp.com\/blog.pfadfinder-kuppenheim.de\/wp-content\/uploads\/2019\/08\/WhatsApp-Image-2019-08-03-at-17.45.22-1024x769.jpeg?resize=1024%2C769\" alt=\"\" class=\"wp-image-6192\" srcset=\"https:\/\/i0.wp.com\/pfadfinder-kuppenheim.de\/wp-content\/uploads\/2019\/08\/WhatsApp-Image-2019-08-03-at-17.45.22.jpeg?resize=1024%2C769&amp;ssl=1 1024w, https:\/\/i0.wp.com\/pfadfinder-kuppenheim.de\/wp-content\/uploads\/2019\/08\/WhatsApp-Image-2019-08-03-at-17.45.22.jpeg?resize=300%2C225&amp;ssl=1 300w, https:\/\/i0.wp.com\/pfadfinder-kuppenheim.de\/wp-content\/uploads\/2019\/08\/WhatsApp-Image-2019-08-03-at-17.45.22.jpeg?resize=768%2C577&amp;ssl=1 768w, https:\/\/i0.wp.com\/pfadfinder-kuppenheim.de\/wp-content\/uploads\/2019\/08\/WhatsApp-Image-2019-08-03-at-17.45.22.jpeg?resize=750%2C563&amp;ssl=1 750w, https:\/\/i0.wp.com\/pfadfinder-kuppenheim.de\/wp-content\/uploads\/2019\/08\/WhatsApp-Image-2019-08-03-at-17.45.22.jpeg?w=1600&amp;ssl=1 1600w\" sizes=\"auto, (max-width: 1024px) 100vw, 1024px\" \/><figcaption>Sippe &#8222;Bis der Balken kracht&#8220; l\u00e4sst es auf dem Hike richtig krachen! <\/figcaption><\/figure>\n\n\n\n<figure class=\"wp-block-image\"><img data-recalc-dims=\"1\" loading=\"lazy\" decoding=\"async\" width=\"1024\" height=\"768\" src=\"https:\/\/i0.wp.com\/blog.pfadfinder-kuppenheim.de\/wp-content\/uploads\/2019\/08\/WhatsApp-Image-2019-08-03-at-17.44.59-1024x768.jpeg?resize=1024%2C768\" alt=\"\" class=\"wp-image-6191\" srcset=\"https:\/\/i0.wp.com\/pfadfinder-kuppenheim.de\/wp-content\/uploads\/2019\/08\/WhatsApp-Image-2019-08-03-at-17.44.59.jpeg?resize=1024%2C768&amp;ssl=1 1024w, https:\/\/i0.wp.com\/pfadfinder-kuppenheim.de\/wp-content\/uploads\/2019\/08\/WhatsApp-Image-2019-08-03-at-17.44.59.jpeg?resize=300%2C225&amp;ssl=1 300w, https:\/\/i0.wp.com\/pfadfinder-kuppenheim.de\/wp-content\/uploads\/2019\/08\/WhatsApp-Image-2019-08-03-at-17.44.59.jpeg?resize=768%2C576&amp;ssl=1 768w, https:\/\/i0.wp.com\/pfadfinder-kuppenheim.de\/wp-content\/uploads\/2019\/08\/WhatsApp-Image-2019-08-03-at-17.44.59.jpeg?resize=750%2C563&amp;ssl=1 750w, https:\/\/i0.wp.com\/pfadfinder-kuppenheim.de\/wp-content\/uploads\/2019\/08\/WhatsApp-Image-2019-08-03-at-17.44.59.jpeg?w=1600&amp;ssl=1 1600w\" sizes=\"auto, (max-width: 1024px) 100vw, 1024px\" \/><figcaption>F\u00fc\u00dfe abk\u00fchlen im Kellersee \ud83d\ude42<\/figcaption><\/figure>\n\n\n\n<figure class=\"wp-block-image\"><img data-recalc-dims=\"1\" loading=\"lazy\" decoding=\"async\" width=\"1024\" height=\"576\" src=\"https:\/\/i0.wp.com\/blog.pfadfinder-kuppenheim.de\/wp-content\/uploads\/2019\/08\/WhatsApp-Image-2019-08-03-at-17.44.40-1024x576.jpeg?resize=1024%2C576\" alt=\"\" class=\"wp-image-6193\" srcset=\"https:\/\/i0.wp.com\/pfadfinder-kuppenheim.de\/wp-content\/uploads\/2019\/08\/WhatsApp-Image-2019-08-03-at-17.44.40.jpeg?resize=1024%2C576&amp;ssl=1 1024w, https:\/\/i0.wp.com\/pfadfinder-kuppenheim.de\/wp-content\/uploads\/2019\/08\/WhatsApp-Image-2019-08-03-at-17.44.40.jpeg?resize=300%2C169&amp;ssl=1 300w, https:\/\/i0.wp.com\/pfadfinder-kuppenheim.de\/wp-content\/uploads\/2019\/08\/WhatsApp-Image-2019-08-03-at-17.44.40.jpeg?resize=768%2C432&amp;ssl=1 768w, https:\/\/i0.wp.com\/pfadfinder-kuppenheim.de\/wp-content\/uploads\/2019\/08\/WhatsApp-Image-2019-08-03-at-17.44.40.jpeg?resize=750%2C422&amp;ssl=1 750w, https:\/\/i0.wp.com\/pfadfinder-kuppenheim.de\/wp-content\/uploads\/2019\/08\/WhatsApp-Image-2019-08-03-at-17.44.40.jpeg?w=1600&amp;ssl=1 1600w\" sizes=\"auto, (max-width: 1024px) 100vw, 1024px\" \/><figcaption>Ein Bilderbuchunterstand f\u00fcr die Nacht \ud83d\ude42<\/figcaption><\/figure>\n","protected":false},"excerpt":{"rendered":"<p>Am Freitag sind beide Sippen auf den Hike gegangen. Die Sippe &#8222;Bis der Balken kracht&#8220; lief als erstes nach Eutin. Dort machten wir eine kurze Pause und liefen anschlie\u00dfend zum Schloss Eutin wo wir ein paar Bilder f\u00fcr unsere Aufgabe machten. Danach ging es weiter zum Kellersee um ein paar Aufgaben zu erledigen und um&hellip;&nbsp;<a href=\"https:\/\/pfadfinder-kuppenheim.de\/?p=6189\" class=\"\" rel=\"bookmark\">Weiterlesen &raquo;<span class=\"screen-reader-text\">Tag 6, 02.08. Freitag (Hike Tag 1 Gruppe Bis der Balken kracht)<\/span><\/a><\/p>\n","protected":false},"author":18,"featured_media":0,"comment_status":"open","ping_status":"closed","sticky":false,"template":"","format":"standard","meta":{"neve_meta_sidebar":"","neve_meta_container":"","neve_meta_enable_content_width":"","neve_meta_content_width":0,"neve_meta_title_alignment":"","neve_meta_author_avatar":"","neve_post_elements_order":"","neve_meta_disable_header":"","neve_meta_disable_footer":"","neve_meta_disable_title":"","jetpack_post_was_ever_published":false,"_jetpack_newsletter_access":"","_jetpack_dont_email_post_to_subs":false,"_jetpack_newsletter_tier_id":0,"_jetpack_memberships_contains_paywalled_content":false,"_jetpack_memberships_contains_paid_content":false,"footnotes":"","jetpack_publicize_message":"","jetpack_publicize_feature_enabled":true,"jetpack_social_post_already_shared":true,"jetpack_social_options":{"image_generator_settings":{"template":"highway","default_image_id":0,"font":"","enabled":false},"version":2}},"categories":[270,23],"tags":[87,78],"class_list":["post-6189","post","type-post","status-publish","format-standard","hentry","category-2019-bosau","category-pfadis_sola_tagebuch","tag-hike","tag-sommerlager"],"jetpack_publicize_connections":[],"jetpack_featured_media_url":"","jetpack_sharing_enabled":true,"jetpack_shortlink":"https:\/\/wp.me\/p3G0PZ-1BP","_links":{"self":[{"href":"https:\/\/pfadfinder-kuppenheim.de\/index.php?rest_route=\/wp\/v2\/posts\/6189","targetHints":{"allow":["GET"]}}],"collection":[{"href":"https:\/\/pfadfinder-kuppenheim.de\/index.php?rest_route=\/wp\/v2\/posts"}],"about":[{"href":"https:\/\/pfadfinder-kuppenheim.de\/index.php?rest_route=\/wp\/v2\/types\/post"}],"author":[{"embeddable":true,"href":"https:\/\/pfadfinder-kuppenheim.de\/index.php?rest_route=\/wp\/v2\/users\/18"}],"replies":[{"embeddable":true,"href":"https:\/\/pfadfinder-kuppenheim.de\/index.php?rest_route=%2Fwp%2Fv2%2Fcomments&post=6189"}],"version-history":[{"count":1,"href":"https:\/\/pfadfinder-kuppenheim.de\/index.php?rest_route=\/wp\/v2\/posts\/6189\/revisions"}],"predecessor-version":[{"id":6194,"href":"https:\/\/pfadfinder-kuppenheim.de\/index.php?rest_route=\/wp\/v2\/posts\/6189\/revisions\/6194"}],"wp:attachment":[{"href":"https:\/\/pfadfinder-kuppenheim.de\/index.php?rest_route=%2Fwp%2Fv2%2Fmedia&parent=6189"}],"wp:term":[{"taxonomy":"category","embeddable":true,"href":"https:\/\/pfadfinder-kuppenheim.de\/index.php?rest_route=%2Fwp%2Fv2%2Fcategories&post=6189"},{"taxonomy":"post_tag","embeddable":true,"href":"https:\/\/pfadfinder-kuppenheim.de\/index.php?rest_route=%2Fwp%2Fv2%2Ftags&post=6189"}],"curies":[{"name":"wp","href":"https:\/\/api.w.org\/{rel}","templated":true}]}}