{"id":6125,"date":"2019-08-02T14:13:06","date_gmt":"2019-08-02T12:13:06","guid":{"rendered":"http:\/\/blog.pfadfinder-kuppenheim.de\/?p=6125"},"modified":"2019-08-03T15:29:41","modified_gmt":"2019-08-03T13:29:41","slug":"hajk-der-sippe-crazy-chamaeleons","status":"publish","type":"post","link":"https:\/\/pfadfinder-kuppenheim.de\/?p=6125","title":{"rendered":"Hajk der Sippe &#8222;Crazy Cham\u00e4leons&#8220;"},"content":{"rendered":"<p>Hajkleiterin Kerstin ist mit an Bord und berichtet euch \u00fcber das Hajkabenteuer der Sippe, Viel Spa\u00df beim Verfolgen&#8230;<\/p>\n<p><img data-recalc-dims=\"1\" loading=\"lazy\" decoding=\"async\" class=\"wp-image-6121 alignnone size-full\" src=\"https:\/\/i0.wp.com\/blog.pfadfinder-kuppenheim.de\/wp-content\/uploads\/2019\/08\/img-20190802-wa00168874968286529744204.jpg?resize=1200%2C675\" width=\"1200\" height=\"675\" \/><\/p>\n<p><img data-recalc-dims=\"1\" decoding=\"async\" class=\"size-full\" src=\"https:\/\/i0.wp.com\/blog.pfadfinder-kuppenheim.de\/wp-content\/uploads\/2019\/08\/img-20190802-wa00184016970436124650959.jpg?w=1200\" data-wpid=\"665\" \/><\/p>\n<p>Erstmal Mittagspause<\/p>\n<p><img data-recalc-dims=\"1\" loading=\"lazy\" decoding=\"async\" class=\"wp-image-6123 alignnone size-full\" src=\"https:\/\/i0.wp.com\/blog.pfadfinder-kuppenheim.de\/wp-content\/uploads\/2019\/08\/img-20190802-wa00176753811122456784111.jpg?resize=1200%2C675\" width=\"1200\" height=\"675\" \/><\/p>\n<p><img data-recalc-dims=\"1\" loading=\"lazy\" decoding=\"async\" class=\"wp-image-6122 alignnone size-full\" src=\"https:\/\/i0.wp.com\/blog.pfadfinder-kuppenheim.de\/wp-content\/uploads\/2019\/08\/img-20190802-wa00195253549596552689900.jpg?resize=1200%2C675\" width=\"1200\" height=\"675\" \/><\/p>\n<p>Ankunft in Hutzfeld<\/p>\n<p><img data-recalc-dims=\"1\" loading=\"lazy\" decoding=\"async\" class=\"wp-image-6124 alignnone size-full\" src=\"https:\/\/i0.wp.com\/blog.pfadfinder-kuppenheim.de\/wp-content\/uploads\/2019\/08\/img-20190802-wa0020132827990618426894.jpg?resize=1200%2C675\" width=\"1200\" height=\"675\" data-temp-aztec-id=\"36d2ec34-08b4-4e14-a50c-f01a656fb765\" \/><\/p>\n<p>(SPRINGBILD \ud83d\ude42 )Eis und S\u00fc\u00dfes darf nat\u00fcrlich auf dem Hajk auch nicht fehlen \ud83d\ude00<\/p>\n<p><img data-recalc-dims=\"1\" loading=\"lazy\" decoding=\"async\" class=\"wp-image-6128 alignnone size-full\" src=\"https:\/\/i0.wp.com\/blog.pfadfinder-kuppenheim.de\/wp-content\/uploads\/2019\/08\/img-20190802-wa00245266450481666553479.jpg?resize=1200%2C675\" width=\"1200\" height=\"675\" srcset=\"https:\/\/i0.wp.com\/pfadfinder-kuppenheim.de\/wp-content\/uploads\/2019\/08\/img-20190802-wa00245266450481666553479.jpg?w=1280&amp;ssl=1 1280w, https:\/\/i0.wp.com\/pfadfinder-kuppenheim.de\/wp-content\/uploads\/2019\/08\/img-20190802-wa00245266450481666553479.jpg?resize=300%2C169&amp;ssl=1 300w, https:\/\/i0.wp.com\/pfadfinder-kuppenheim.de\/wp-content\/uploads\/2019\/08\/img-20190802-wa00245266450481666553479.jpg?resize=768%2C432&amp;ssl=1 768w, https:\/\/i0.wp.com\/pfadfinder-kuppenheim.de\/wp-content\/uploads\/2019\/08\/img-20190802-wa00245266450481666553479.jpg?resize=1024%2C576&amp;ssl=1 1024w, https:\/\/i0.wp.com\/pfadfinder-kuppenheim.de\/wp-content\/uploads\/2019\/08\/img-20190802-wa00245266450481666553479.jpg?resize=750%2C422&amp;ssl=1 750w\" sizes=\"auto, (max-width: 1200px) 100vw, 1200px\" \/><\/p>\n<p><img data-recalc-dims=\"1\" loading=\"lazy\" decoding=\"async\" class=\"alignnone size-full wp-image-6129\" src=\"https:\/\/i0.wp.com\/blog.pfadfinder-kuppenheim.de\/wp-content\/uploads\/2019\/08\/img-20190802-wa00252115832728052357875.jpg?resize=1200%2C675\" width=\"1200\" height=\"675\" data-temp-aztec-id=\"962f206a-8e3d-4a1e-b0f9-9f9862f632e1\" srcset=\"https:\/\/i0.wp.com\/pfadfinder-kuppenheim.de\/wp-content\/uploads\/2019\/08\/img-20190802-wa00252115832728052357875.jpg?w=1280&amp;ssl=1 1280w, https:\/\/i0.wp.com\/pfadfinder-kuppenheim.de\/wp-content\/uploads\/2019\/08\/img-20190802-wa00252115832728052357875.jpg?resize=300%2C169&amp;ssl=1 300w, https:\/\/i0.wp.com\/pfadfinder-kuppenheim.de\/wp-content\/uploads\/2019\/08\/img-20190802-wa00252115832728052357875.jpg?resize=768%2C432&amp;ssl=1 768w, https:\/\/i0.wp.com\/pfadfinder-kuppenheim.de\/wp-content\/uploads\/2019\/08\/img-20190802-wa00252115832728052357875.jpg?resize=1024%2C576&amp;ssl=1 1024w, https:\/\/i0.wp.com\/pfadfinder-kuppenheim.de\/wp-content\/uploads\/2019\/08\/img-20190802-wa00252115832728052357875.jpg?resize=750%2C422&amp;ssl=1 750w\" sizes=\"auto, (max-width: 1200px) 100vw, 1200px\" \/><\/p>\n<p>Weiter gehts<\/p>\n<p><img data-recalc-dims=\"1\" decoding=\"async\" class=\"size-full\" src=\"https:\/\/i0.wp.com\/blog.pfadfinder-kuppenheim.de\/wp-content\/uploads\/2019\/08\/img-20190802-wa00261028378492851504494.jpg?w=1200\" data-wpid=\"668\" \/><\/p>\n<p>Einmal Pfadfinder, immer Pfadfinder!<\/p>\n<p>Das heute Tagesziel hat die Sippe erreicht. Gelanden und Gen\u00e4chtigt wird in einem privaten B\u00fcrogeb\u00e4ude von \u00e4ltern Pfadfindern.<\/p>\n<p><img data-recalc-dims=\"1\" loading=\"lazy\" decoding=\"async\" class=\"wp-image-6134 alignnone size-full\" src=\"https:\/\/i0.wp.com\/blog.pfadfinder-kuppenheim.de\/wp-content\/uploads\/2019\/08\/img-20190802-wa00282105464887648669492.jpg?resize=1200%2C675\" width=\"1200\" height=\"675\" srcset=\"https:\/\/i0.wp.com\/pfadfinder-kuppenheim.de\/wp-content\/uploads\/2019\/08\/img-20190802-wa00282105464887648669492.jpg?w=1280&amp;ssl=1 1280w, https:\/\/i0.wp.com\/pfadfinder-kuppenheim.de\/wp-content\/uploads\/2019\/08\/img-20190802-wa00282105464887648669492.jpg?resize=300%2C169&amp;ssl=1 300w, https:\/\/i0.wp.com\/pfadfinder-kuppenheim.de\/wp-content\/uploads\/2019\/08\/img-20190802-wa00282105464887648669492.jpg?resize=768%2C432&amp;ssl=1 768w, https:\/\/i0.wp.com\/pfadfinder-kuppenheim.de\/wp-content\/uploads\/2019\/08\/img-20190802-wa00282105464887648669492.jpg?resize=1024%2C576&amp;ssl=1 1024w, https:\/\/i0.wp.com\/pfadfinder-kuppenheim.de\/wp-content\/uploads\/2019\/08\/img-20190802-wa00282105464887648669492.jpg?resize=750%2C422&amp;ssl=1 750w\" sizes=\"auto, (max-width: 1200px) 100vw, 1200px\" \/><\/p>\n<p>Auf dem Hof gibts es auch noch Pferde und Esel die die Kidz begeistern \ud83d\ude42<\/p>\n<p><img data-recalc-dims=\"1\" loading=\"lazy\" decoding=\"async\" class=\"wp-image-6133 alignnone size-full\" src=\"https:\/\/i0.wp.com\/blog.pfadfinder-kuppenheim.de\/wp-content\/uploads\/2019\/08\/img-20190802-wa00295462371747366372643.jpg?resize=1200%2C675\" width=\"1200\" height=\"675\" srcset=\"https:\/\/i0.wp.com\/pfadfinder-kuppenheim.de\/wp-content\/uploads\/2019\/08\/img-20190802-wa00295462371747366372643.jpg?w=1280&amp;ssl=1 1280w, https:\/\/i0.wp.com\/pfadfinder-kuppenheim.de\/wp-content\/uploads\/2019\/08\/img-20190802-wa00295462371747366372643.jpg?resize=300%2C169&amp;ssl=1 300w, https:\/\/i0.wp.com\/pfadfinder-kuppenheim.de\/wp-content\/uploads\/2019\/08\/img-20190802-wa00295462371747366372643.jpg?resize=768%2C432&amp;ssl=1 768w, https:\/\/i0.wp.com\/pfadfinder-kuppenheim.de\/wp-content\/uploads\/2019\/08\/img-20190802-wa00295462371747366372643.jpg?resize=1024%2C576&amp;ssl=1 1024w, https:\/\/i0.wp.com\/pfadfinder-kuppenheim.de\/wp-content\/uploads\/2019\/08\/img-20190802-wa00295462371747366372643.jpg?resize=750%2C422&amp;ssl=1 750w\" sizes=\"auto, (max-width: 1200px) 100vw, 1200px\" \/><\/p>\n<p>Abendessen, endlich&#8230;<\/p>\n<p><img data-recalc-dims=\"1\" loading=\"lazy\" decoding=\"async\" class=\"wp-image-6136 alignnone size-full\" src=\"https:\/\/i0.wp.com\/blog.pfadfinder-kuppenheim.de\/wp-content\/uploads\/2019\/08\/img-20190802-wa00327829576685270833866.jpg?resize=1200%2C675\" width=\"1200\" height=\"675\" data-temp-aztec-id=\"5a3c90ea-b5f8-4eba-86eb-114aadb59db1\" srcset=\"https:\/\/i0.wp.com\/pfadfinder-kuppenheim.de\/wp-content\/uploads\/2019\/08\/img-20190802-wa00327829576685270833866.jpg?w=1280&amp;ssl=1 1280w, https:\/\/i0.wp.com\/pfadfinder-kuppenheim.de\/wp-content\/uploads\/2019\/08\/img-20190802-wa00327829576685270833866.jpg?resize=300%2C169&amp;ssl=1 300w, https:\/\/i0.wp.com\/pfadfinder-kuppenheim.de\/wp-content\/uploads\/2019\/08\/img-20190802-wa00327829576685270833866.jpg?resize=768%2C432&amp;ssl=1 768w, https:\/\/i0.wp.com\/pfadfinder-kuppenheim.de\/wp-content\/uploads\/2019\/08\/img-20190802-wa00327829576685270833866.jpg?resize=1024%2C576&amp;ssl=1 1024w, https:\/\/i0.wp.com\/pfadfinder-kuppenheim.de\/wp-content\/uploads\/2019\/08\/img-20190802-wa00327829576685270833866.jpg?resize=750%2C422&amp;ssl=1 750w\" sizes=\"auto, (max-width: 1200px) 100vw, 1200px\" \/><\/p>\n<p>Und Abendfreizeit;<\/p>\n<p><img data-recalc-dims=\"1\" loading=\"lazy\" decoding=\"async\" class=\"wp-image-6141 alignnone size-full\" src=\"https:\/\/i0.wp.com\/blog.pfadfinder-kuppenheim.de\/wp-content\/uploads\/2019\/08\/img-20190802-wa00366607724214791316286.jpg?resize=1200%2C675\" width=\"1200\" height=\"675\" srcset=\"https:\/\/i0.wp.com\/pfadfinder-kuppenheim.de\/wp-content\/uploads\/2019\/08\/img-20190802-wa00366607724214791316286.jpg?w=1280&amp;ssl=1 1280w, https:\/\/i0.wp.com\/pfadfinder-kuppenheim.de\/wp-content\/uploads\/2019\/08\/img-20190802-wa00366607724214791316286.jpg?resize=300%2C169&amp;ssl=1 300w, https:\/\/i0.wp.com\/pfadfinder-kuppenheim.de\/wp-content\/uploads\/2019\/08\/img-20190802-wa00366607724214791316286.jpg?resize=768%2C432&amp;ssl=1 768w, https:\/\/i0.wp.com\/pfadfinder-kuppenheim.de\/wp-content\/uploads\/2019\/08\/img-20190802-wa00366607724214791316286.jpg?resize=1024%2C576&amp;ssl=1 1024w, https:\/\/i0.wp.com\/pfadfinder-kuppenheim.de\/wp-content\/uploads\/2019\/08\/img-20190802-wa00366607724214791316286.jpg?resize=750%2C422&amp;ssl=1 750w\" sizes=\"auto, (max-width: 1200px) 100vw, 1200px\" \/><\/p>\n<p>Guten Morgen, erstmal Fr\u00fchst\u00fccken<\/p>\n<p><img data-recalc-dims=\"1\" loading=\"lazy\" decoding=\"async\" class=\"wp-image-6153 alignnone size-full\" src=\"https:\/\/i0.wp.com\/blog.pfadfinder-kuppenheim.de\/wp-content\/uploads\/2019\/08\/img-20190803-wa00062433083877154851224.jpg?resize=1200%2C675\" width=\"1200\" height=\"675\" srcset=\"https:\/\/i0.wp.com\/pfadfinder-kuppenheim.de\/wp-content\/uploads\/2019\/08\/img-20190803-wa00062433083877154851224.jpg?w=1280&amp;ssl=1 1280w, https:\/\/i0.wp.com\/pfadfinder-kuppenheim.de\/wp-content\/uploads\/2019\/08\/img-20190803-wa00062433083877154851224.jpg?resize=300%2C169&amp;ssl=1 300w, https:\/\/i0.wp.com\/pfadfinder-kuppenheim.de\/wp-content\/uploads\/2019\/08\/img-20190803-wa00062433083877154851224.jpg?resize=768%2C432&amp;ssl=1 768w, https:\/\/i0.wp.com\/pfadfinder-kuppenheim.de\/wp-content\/uploads\/2019\/08\/img-20190803-wa00062433083877154851224.jpg?resize=1024%2C576&amp;ssl=1 1024w, https:\/\/i0.wp.com\/pfadfinder-kuppenheim.de\/wp-content\/uploads\/2019\/08\/img-20190803-wa00062433083877154851224.jpg?resize=750%2C422&amp;ssl=1 750w\" sizes=\"auto, (max-width: 1200px) 100vw, 1200px\" \/><\/p>\n<p>Weiter geht die Reise nach W\u00f6bs<\/p>\n<p><img data-recalc-dims=\"1\" loading=\"lazy\" decoding=\"async\" class=\"wp-image-6156 alignnone size-full\" src=\"https:\/\/i0.wp.com\/blog.pfadfinder-kuppenheim.de\/wp-content\/uploads\/2019\/08\/img-20190803-wa00087080981217836741320.jpg?resize=900%2C1600\" width=\"900\" height=\"1600\" srcset=\"https:\/\/i0.wp.com\/pfadfinder-kuppenheim.de\/wp-content\/uploads\/2019\/08\/img-20190803-wa00087080981217836741320.jpg?w=900&amp;ssl=1 900w, https:\/\/i0.wp.com\/pfadfinder-kuppenheim.de\/wp-content\/uploads\/2019\/08\/img-20190803-wa00087080981217836741320.jpg?resize=169%2C300&amp;ssl=1 169w, https:\/\/i0.wp.com\/pfadfinder-kuppenheim.de\/wp-content\/uploads\/2019\/08\/img-20190803-wa00087080981217836741320.jpg?resize=768%2C1365&amp;ssl=1 768w, https:\/\/i0.wp.com\/pfadfinder-kuppenheim.de\/wp-content\/uploads\/2019\/08\/img-20190803-wa00087080981217836741320.jpg?resize=576%2C1024&amp;ssl=1 576w, https:\/\/i0.wp.com\/pfadfinder-kuppenheim.de\/wp-content\/uploads\/2019\/08\/img-20190803-wa00087080981217836741320.jpg?resize=750%2C1333&amp;ssl=1 750w\" sizes=\"auto, (max-width: 900px) 100vw, 900px\" \/><\/p>\n<p><img data-recalc-dims=\"1\" loading=\"lazy\" decoding=\"async\" class=\"wp-image-6155 alignnone size-full\" src=\"https:\/\/i0.wp.com\/blog.pfadfinder-kuppenheim.de\/wp-content\/uploads\/2019\/08\/img-20190803-wa00104478274928177161054.jpg?resize=1200%2C675\" width=\"1200\" height=\"675\" srcset=\"https:\/\/i0.wp.com\/pfadfinder-kuppenheim.de\/wp-content\/uploads\/2019\/08\/img-20190803-wa00104478274928177161054.jpg?w=1280&amp;ssl=1 1280w, https:\/\/i0.wp.com\/pfadfinder-kuppenheim.de\/wp-content\/uploads\/2019\/08\/img-20190803-wa00104478274928177161054.jpg?resize=300%2C169&amp;ssl=1 300w, https:\/\/i0.wp.com\/pfadfinder-kuppenheim.de\/wp-content\/uploads\/2019\/08\/img-20190803-wa00104478274928177161054.jpg?resize=768%2C432&amp;ssl=1 768w, https:\/\/i0.wp.com\/pfadfinder-kuppenheim.de\/wp-content\/uploads\/2019\/08\/img-20190803-wa00104478274928177161054.jpg?resize=1024%2C576&amp;ssl=1 1024w, https:\/\/i0.wp.com\/pfadfinder-kuppenheim.de\/wp-content\/uploads\/2019\/08\/img-20190803-wa00104478274928177161054.jpg?resize=750%2C422&amp;ssl=1 750w\" sizes=\"auto, (max-width: 1200px) 100vw, 1200px\" \/><\/p>\n<p>Die Jupfis machen auch vor einem Weizenfeld kein halt \ud83d\ude42<\/p>\n<p><img data-recalc-dims=\"1\" loading=\"lazy\" decoding=\"async\" class=\"wp-image-6157 alignnone size-full\" src=\"https:\/\/i0.wp.com\/blog.pfadfinder-kuppenheim.de\/wp-content\/uploads\/2019\/08\/img-20190803-wa00127710666551762634105.jpg?resize=1200%2C675\" width=\"1200\" height=\"675\" srcset=\"https:\/\/i0.wp.com\/pfadfinder-kuppenheim.de\/wp-content\/uploads\/2019\/08\/img-20190803-wa00127710666551762634105.jpg?w=1280&amp;ssl=1 1280w, https:\/\/i0.wp.com\/pfadfinder-kuppenheim.de\/wp-content\/uploads\/2019\/08\/img-20190803-wa00127710666551762634105.jpg?resize=300%2C169&amp;ssl=1 300w, https:\/\/i0.wp.com\/pfadfinder-kuppenheim.de\/wp-content\/uploads\/2019\/08\/img-20190803-wa00127710666551762634105.jpg?resize=768%2C432&amp;ssl=1 768w, https:\/\/i0.wp.com\/pfadfinder-kuppenheim.de\/wp-content\/uploads\/2019\/08\/img-20190803-wa00127710666551762634105.jpg?resize=1024%2C576&amp;ssl=1 1024w, https:\/\/i0.wp.com\/pfadfinder-kuppenheim.de\/wp-content\/uploads\/2019\/08\/img-20190803-wa00127710666551762634105.jpg?resize=750%2C422&amp;ssl=1 750w\" sizes=\"auto, (max-width: 1200px) 100vw, 1200px\" \/><\/p>\n<p>Letzte Aufgabe dann haben wirs geschaft! Mach ein Bild in Bichel<\/p>\n<p><img data-recalc-dims=\"1\" loading=\"lazy\" decoding=\"async\" class=\"wp-image-6160 alignnone size-full\" src=\"https:\/\/i0.wp.com\/blog.pfadfinder-kuppenheim.de\/wp-content\/uploads\/2019\/08\/img-20190803-wa00131659312568833227520.jpg?resize=1200%2C675\" width=\"1200\" height=\"675\" srcset=\"https:\/\/i0.wp.com\/pfadfinder-kuppenheim.de\/wp-content\/uploads\/2019\/08\/img-20190803-wa00131659312568833227520.jpg?w=1280&amp;ssl=1 1280w, https:\/\/i0.wp.com\/pfadfinder-kuppenheim.de\/wp-content\/uploads\/2019\/08\/img-20190803-wa00131659312568833227520.jpg?resize=300%2C169&amp;ssl=1 300w, https:\/\/i0.wp.com\/pfadfinder-kuppenheim.de\/wp-content\/uploads\/2019\/08\/img-20190803-wa00131659312568833227520.jpg?resize=768%2C432&amp;ssl=1 768w, https:\/\/i0.wp.com\/pfadfinder-kuppenheim.de\/wp-content\/uploads\/2019\/08\/img-20190803-wa00131659312568833227520.jpg?resize=1024%2C576&amp;ssl=1 1024w, https:\/\/i0.wp.com\/pfadfinder-kuppenheim.de\/wp-content\/uploads\/2019\/08\/img-20190803-wa00131659312568833227520.jpg?resize=750%2C422&amp;ssl=1 750w\" sizes=\"auto, (max-width: 1200px) 100vw, 1200px\" \/><\/p>\n<p>Geschafft die Sippe &#8222;Crazy Cham\u00e4leons&#8220; sowie zwei &#8222;Killerk\u00fcken&#8220; haben den Hajk 2019 mit Bravour gemeistert. Am Lagerplatz angekommen, hei\u00dft es nun erstmal erholen, ankommen und ausr\u00e4umen sowie das erlebte Abenteuer zu verarbeiten\/ teilen.<\/p>\n<p><img data-recalc-dims=\"1\" loading=\"lazy\" decoding=\"async\" class=\"wp-image-6162 alignnone size-full\" src=\"https:\/\/i0.wp.com\/blog.pfadfinder-kuppenheim.de\/wp-content\/uploads\/2019\/08\/img-20190803-wa00142093419543830804372.jpg?resize=1200%2C675\" width=\"1200\" height=\"675\" srcset=\"https:\/\/i0.wp.com\/pfadfinder-kuppenheim.de\/wp-content\/uploads\/2019\/08\/img-20190803-wa00142093419543830804372.jpg?w=1600&amp;ssl=1 1600w, https:\/\/i0.wp.com\/pfadfinder-kuppenheim.de\/wp-content\/uploads\/2019\/08\/img-20190803-wa00142093419543830804372.jpg?resize=300%2C169&amp;ssl=1 300w, https:\/\/i0.wp.com\/pfadfinder-kuppenheim.de\/wp-content\/uploads\/2019\/08\/img-20190803-wa00142093419543830804372.jpg?resize=768%2C432&amp;ssl=1 768w, https:\/\/i0.wp.com\/pfadfinder-kuppenheim.de\/wp-content\/uploads\/2019\/08\/img-20190803-wa00142093419543830804372.jpg?resize=1024%2C576&amp;ssl=1 1024w, https:\/\/i0.wp.com\/pfadfinder-kuppenheim.de\/wp-content\/uploads\/2019\/08\/img-20190803-wa00142093419543830804372.jpg?resize=750%2C422&amp;ssl=1 750w\" sizes=\"auto, (max-width: 1200px) 100vw, 1200px\" \/><\/p>\n<p><strong><u>Detaillierter Bericht des Hajkberichtheftes;<\/u><\/strong><\/p>\n<p><strong>1. Bericht;<\/strong><\/p>\n<p>Wir sind losgelaufen mit zwei laktoseintoleranten Killerk\u00fcken. An der 1. Station angekommen, waren wir in Uhlenbusch und haben die Leute gefragt. Wir haben viele Antworten zu unserem Fragen bekommen. Dies war eine Seniorengemeinschaft und die Leute waren sehr nett. Danach gingen wir nach L\u00f6ja. Dort haben wir den Dorfbaum gefunden. Nachdem gingen wir nach Brackrade. Dort beantworte eine Frau uns unsere Fragen. Jetzt sitzen wir im Gras und vespern. Es sind schon 2 Stunden her als wir losgelaufen sind.<\/p>\n<p><strong>2. Bericht;<\/strong><br \/>In Hutzfeld sind wir durch das Dorf gelaufen. Am Dorfende sind wir in einem Edeka einkaufen gegangen. Nun durfte jeder sich etwas aussuchen. Nach der Pause sind wir weitergelaufen. Vor dem Edeka haben Paul und Tom eine Pfadfinderin getroffen.<br \/>Nun mussten wir nach Hassendorf und den Kindergarten finden. Auf der Suche nach einem Schlafplatz traten wir die Pfadfinderin wieder. Sie bot uns an bei ihr zu \u00fcbernachten. Jetzt richten wir uns in dem kleinen Haus mit einem leeren Raum, der unser Schlafzimmer ist, eine K\u00fcche und ein Bad ein. Es ist 16:30 Uhr.<\/p>\n<p><strong>3. Bericht;<\/strong><br \/>Wir haben gerade ein Foto gemacht, als sie uns fragte: &#8222;Wollt ihr unsere Tiere sehen?&#8220; Wir schrien, ja alle. Sie hatte 2 Hunde, die hei\u00dfen Wilma und Bente. Au\u00dferdem hatten sie drei Pferde und Esel. Ein Schaf haben wir auch gesehen. Wir haben die Tiere gestreichelt. Die Pfadfinderin hat eine kleine Schwester. Sie ist auch eine Pfadfinderin. Wir machten unser Abendessen. W\u00e4hrend wir Berichte schrieben, drehte Kerstin ein Video. Es ist jetzt 18 Uhr.<\/p>\n<p><strong>4. Bericht;<\/strong><br \/>Nachdem wir Pesto und K\u00e4se gegessen haben, haben wir eine Stunde lang Kartenspiele gespielt. Danach sind wir kurz zu einem Spielplatz gegangen. Dort kam Jonas auf die Idee, Weizen zu pfl\u00fccken. Das haben wir dann getan und sind danach zum Haus zur\u00fcck gegangen<\/p>\n<p><strong>5. Bericht<\/strong><br \/>Als wir ins Haus zur\u00fcckgekehrt sind, a\u00dfen wir Chips, spielten Black Pete und Uno. Danach krochen wir in unsere Schlafs\u00e4cke.<\/p>\n<p><strong>6. Bericht<\/strong><\/p>\n<p>Danach sind wir um 7:45 Uhr aufgestanden und haben alles zusammengepackt. Anschlie\u00dfend haben wir gefr\u00fchst\u00fcckt und unsere Schlafst\u00e4tte geputzt.<\/p>\n<p><strong>7. Bericht<\/strong><\/p>\n<p>Dann haben wir uns angezogen und haben zu dem Besitzer auf Wiedersehen gesagt. Er hat uns eine Legende erz\u00e4hlt und uns den Weg nach W\u00f6bs erkl\u00e4rt. Endlich sind wir losgelaufen. Es ist 10:15 Uhr.<\/p>\n<p><strong>8. Bericht<\/strong><\/p>\n<p>Der n\u00e4chste Umschlag hat uns nach W\u00f6bs geschickt. Dort mussten wir herausfinden, was f\u00fcr Tiere in einem Gutshof leben. Danach sind wir nach Bichel gelaufen und haben ein Foto gemacht. Es ist 11:35 Uhr.<\/p>\n<p><strong>9. Bericht<\/strong><\/p>\n<p>Wir a\u00dfen noch unsere M\u00fcsliriegel und tranken was. Wir guckten wo wir lang mussten. Endlich kamen wir am Lager an. Dort beg\u00fc\u00dften uns ein paar die auch zelteten. Wir wuschen unsere H\u00e4nde, verr\u00e4umten die Materialien und a\u00dfen zu Mittag Es ist 12:20 Uhr und unsere Hajk ist damit beendet.<\/p>\n<p>\u00a0<\/p>\n<p>\u00a0<\/p>\n<p>\u00a0<\/p>\n<p>\u00a0<\/p>\n<p>\u00a0<\/p>\n<p>\u00a0<\/p>\n\n\n<p><\/p>\n","protected":false},"excerpt":{"rendered":"<p>Hajkleiterin Kerstin ist mit an Bord und berichtet euch \u00fcber das Hajkabenteuer der Sippe, Viel Spa\u00df beim Verfolgen&#8230; Erstmal Mittagspause Ankunft in Hutzfeld (SPRINGBILD \ud83d\ude42 )Eis und S\u00fc\u00dfes darf nat\u00fcrlich auf dem Hajk auch nicht fehlen \ud83d\ude00 Weiter gehts Einmal Pfadfinder, immer Pfadfinder! Das heute Tagesziel hat die Sippe erreicht. Gelanden und Gen\u00e4chtigt wird in&hellip;&nbsp;<a href=\"https:\/\/pfadfinder-kuppenheim.de\/?p=6125\" class=\"\" rel=\"bookmark\">Weiterlesen &raquo;<span class=\"screen-reader-text\">Hajk der Sippe &#8222;Crazy Cham\u00e4leons&#8220;<\/span><\/a><\/p>\n","protected":false},"author":19,"featured_media":0,"comment_status":"open","ping_status":"closed","sticky":false,"template":"","format":"standard","meta":{"neve_meta_sidebar":"","neve_meta_container":"","neve_meta_enable_content_width":"","neve_meta_content_width":0,"neve_meta_title_alignment":"","neve_meta_author_avatar":"","neve_post_elements_order":"","neve_meta_disable_header":"","neve_meta_disable_footer":"","neve_meta_disable_title":"","jetpack_post_was_ever_published":false,"_jetpack_newsletter_access":"","_jetpack_dont_email_post_to_subs":false,"_jetpack_newsletter_tier_id":0,"_jetpack_memberships_contains_paywalled_content":false,"_jetpack_memberships_contains_paid_content":false,"footnotes":"","jetpack_publicize_message":"","jetpack_publicize_feature_enabled":true,"jetpack_social_post_already_shared":true,"jetpack_social_options":{"image_generator_settings":{"template":"highway","default_image_id":0,"font":"","enabled":false},"version":2}},"categories":[5],"tags":[],"class_list":["post-6125","post","type-post","status-publish","format-standard","hentry","category-jupfis"],"jetpack_publicize_connections":[],"jetpack_featured_media_url":"","jetpack_sharing_enabled":true,"jetpack_shortlink":"https:\/\/wp.me\/p3G0PZ-1AN","_links":{"self":[{"href":"https:\/\/pfadfinder-kuppenheim.de\/index.php?rest_route=\/wp\/v2\/posts\/6125","targetHints":{"allow":["GET"]}}],"collection":[{"href":"https:\/\/pfadfinder-kuppenheim.de\/index.php?rest_route=\/wp\/v2\/posts"}],"about":[{"href":"https:\/\/pfadfinder-kuppenheim.de\/index.php?rest_route=\/wp\/v2\/types\/post"}],"author":[{"embeddable":true,"href":"https:\/\/pfadfinder-kuppenheim.de\/index.php?rest_route=\/wp\/v2\/users\/19"}],"replies":[{"embeddable":true,"href":"https:\/\/pfadfinder-kuppenheim.de\/index.php?rest_route=%2Fwp%2Fv2%2Fcomments&post=6125"}],"version-history":[{"count":13,"href":"https:\/\/pfadfinder-kuppenheim.de\/index.php?rest_route=\/wp\/v2\/posts\/6125\/revisions"}],"predecessor-version":[{"id":6179,"href":"https:\/\/pfadfinder-kuppenheim.de\/index.php?rest_route=\/wp\/v2\/posts\/6125\/revisions\/6179"}],"wp:attachment":[{"href":"https:\/\/pfadfinder-kuppenheim.de\/index.php?rest_route=%2Fwp%2Fv2%2Fmedia&parent=6125"}],"wp:term":[{"taxonomy":"category","embeddable":true,"href":"https:\/\/pfadfinder-kuppenheim.de\/index.php?rest_route=%2Fwp%2Fv2%2Fcategories&post=6125"},{"taxonomy":"post_tag","embeddable":true,"href":"https:\/\/pfadfinder-kuppenheim.de\/index.php?rest_route=%2Fwp%2Fv2%2Ftags&post=6125"}],"curies":[{"name":"wp","href":"https:\/\/api.w.org\/{rel}","templated":true}]}}