{"id":6089,"date":"2019-08-02T01:18:52","date_gmt":"2019-08-01T23:18:52","guid":{"rendered":"http:\/\/blog.pfadfinder-kuppenheim.de\/?p=6089"},"modified":"2019-08-02T01:19:27","modified_gmt":"2019-08-01T23:19:27","slug":"ein-bunter-tag","status":"publish","type":"post","link":"https:\/\/pfadfinder-kuppenheim.de\/?p=6089","title":{"rendered":"Ein bunter Tag"},"content":{"rendered":"<p>Nachdem wir heute etwas l\u00e4nger ausschlafen konnten und lecker gefr\u00fchst\u00fcckt hatten, mussten die Jungs direkt ihre Sachen packen, um ins Monsun umzuziehen. Daraufhin gab es etwas Zeit f\u00fcr den Lager-5-Kampf. Zum Beispiel, um Knoten zu \u00fcben, Lieder vorzusingen, Sonderaufgaben zu erledigen u.v.m. Nach dem Mittagessen ging es f\u00fcr ein k\u00fchles Nass bei sch\u00f6nem Wetter ins Schwimmbad. W\u00e4hrenddessen wurden bereits von 2 Leitern und Paddie drei Zelte und der Essentisch der Kinder abgebaut.<br \/>\nWieder am Lagerplatz angekommen, wurden nochmals die Sketche f\u00fcr den Bunten Abend geprobt. An diesem wurden die Sketche sowie ein kleiner Akrobatik-Tanz aufgef\u00fchrt und gemeinsam mit unserem Freund Jean der letzte Abend des Lagers gefeiert. Es gab viele Singspiele, Ehrungen f\u00fcr das Stadtspiel, die Lagerolympiade und den Lager-5-Kampf.<\/p>\n<p>W\u00f6lflingsreporterin Lea Novosel<\/p>\n<p><img data-recalc-dims=\"1\" loading=\"lazy\" decoding=\"async\" src=\"https:\/\/i0.wp.com\/blog.pfadfinder-kuppenheim.de\/wp-content\/uploads\/2019\/08\/img_20190801_1520094923459375447622951.jpg?resize=1000%2C750\" class=\"wp-image-6085 alignnone size-full\" width=\"1000\" height=\"750\" srcset=\"https:\/\/i0.wp.com\/pfadfinder-kuppenheim.de\/wp-content\/uploads\/2019\/08\/img_20190801_1520094923459375447622951.jpg?w=1000&amp;ssl=1 1000w, https:\/\/i0.wp.com\/pfadfinder-kuppenheim.de\/wp-content\/uploads\/2019\/08\/img_20190801_1520094923459375447622951.jpg?resize=300%2C225&amp;ssl=1 300w, https:\/\/i0.wp.com\/pfadfinder-kuppenheim.de\/wp-content\/uploads\/2019\/08\/img_20190801_1520094923459375447622951.jpg?resize=768%2C576&amp;ssl=1 768w, https:\/\/i0.wp.com\/pfadfinder-kuppenheim.de\/wp-content\/uploads\/2019\/08\/img_20190801_1520094923459375447622951.jpg?resize=750%2C563&amp;ssl=1 750w\" sizes=\"auto, (max-width: 1000px) 100vw, 1000px\" \/><\/p>\n<p><img data-recalc-dims=\"1\" loading=\"lazy\" decoding=\"async\" src=\"https:\/\/i0.wp.com\/blog.pfadfinder-kuppenheim.de\/wp-content\/uploads\/2019\/08\/img_20190801_160450_14035369385965971720.jpg?resize=1000%2C750\" class=\"wp-image-6084 alignnone size-full\" width=\"1000\" height=\"750\" srcset=\"https:\/\/i0.wp.com\/pfadfinder-kuppenheim.de\/wp-content\/uploads\/2019\/08\/img_20190801_160450_14035369385965971720.jpg?w=1000&amp;ssl=1 1000w, https:\/\/i0.wp.com\/pfadfinder-kuppenheim.de\/wp-content\/uploads\/2019\/08\/img_20190801_160450_14035369385965971720.jpg?resize=300%2C225&amp;ssl=1 300w, https:\/\/i0.wp.com\/pfadfinder-kuppenheim.de\/wp-content\/uploads\/2019\/08\/img_20190801_160450_14035369385965971720.jpg?resize=768%2C576&amp;ssl=1 768w, https:\/\/i0.wp.com\/pfadfinder-kuppenheim.de\/wp-content\/uploads\/2019\/08\/img_20190801_160450_14035369385965971720.jpg?resize=750%2C563&amp;ssl=1 750w\" sizes=\"auto, (max-width: 1000px) 100vw, 1000px\" \/><\/p>\n<p><img data-recalc-dims=\"1\" loading=\"lazy\" decoding=\"async\" src=\"https:\/\/i0.wp.com\/blog.pfadfinder-kuppenheim.de\/wp-content\/uploads\/2019\/08\/20190801_2144526220370352152616182.jpg?resize=1000%2C750\" class=\"wp-image-6086 alignnone size-full\" width=\"1000\" height=\"750\" srcset=\"https:\/\/i0.wp.com\/pfadfinder-kuppenheim.de\/wp-content\/uploads\/2019\/08\/20190801_2144526220370352152616182.jpg?w=1000&amp;ssl=1 1000w, https:\/\/i0.wp.com\/pfadfinder-kuppenheim.de\/wp-content\/uploads\/2019\/08\/20190801_2144526220370352152616182.jpg?resize=300%2C225&amp;ssl=1 300w, https:\/\/i0.wp.com\/pfadfinder-kuppenheim.de\/wp-content\/uploads\/2019\/08\/20190801_2144526220370352152616182.jpg?resize=768%2C576&amp;ssl=1 768w, https:\/\/i0.wp.com\/pfadfinder-kuppenheim.de\/wp-content\/uploads\/2019\/08\/20190801_2144526220370352152616182.jpg?resize=750%2C563&amp;ssl=1 750w\" sizes=\"auto, (max-width: 1000px) 100vw, 1000px\" \/><\/p>\n<p><img data-recalc-dims=\"1\" loading=\"lazy\" decoding=\"async\" src=\"https:\/\/i0.wp.com\/blog.pfadfinder-kuppenheim.de\/wp-content\/uploads\/2019\/08\/20190801_2142314165566524333621866.jpg?resize=1000%2C750\" class=\"wp-image-6087 alignnone size-full\" width=\"1000\" height=\"750\" srcset=\"https:\/\/i0.wp.com\/pfadfinder-kuppenheim.de\/wp-content\/uploads\/2019\/08\/20190801_2142314165566524333621866.jpg?w=1000&amp;ssl=1 1000w, https:\/\/i0.wp.com\/pfadfinder-kuppenheim.de\/wp-content\/uploads\/2019\/08\/20190801_2142314165566524333621866.jpg?resize=300%2C225&amp;ssl=1 300w, https:\/\/i0.wp.com\/pfadfinder-kuppenheim.de\/wp-content\/uploads\/2019\/08\/20190801_2142314165566524333621866.jpg?resize=768%2C576&amp;ssl=1 768w, https:\/\/i0.wp.com\/pfadfinder-kuppenheim.de\/wp-content\/uploads\/2019\/08\/20190801_2142314165566524333621866.jpg?resize=750%2C563&amp;ssl=1 750w\" sizes=\"auto, (max-width: 1000px) 100vw, 1000px\" \/><\/p>\n<p><img data-recalc-dims=\"1\" loading=\"lazy\" decoding=\"async\" src=\"https:\/\/i0.wp.com\/blog.pfadfinder-kuppenheim.de\/wp-content\/uploads\/2019\/08\/20190801_2128103929958415927578167.jpg?resize=1000%2C750\" class=\"wp-image-6088 alignnone size-full\" width=\"1000\" height=\"750\" srcset=\"https:\/\/i0.wp.com\/pfadfinder-kuppenheim.de\/wp-content\/uploads\/2019\/08\/20190801_2128103929958415927578167.jpg?w=1000&amp;ssl=1 1000w, https:\/\/i0.wp.com\/pfadfinder-kuppenheim.de\/wp-content\/uploads\/2019\/08\/20190801_2128103929958415927578167.jpg?resize=300%2C225&amp;ssl=1 300w, https:\/\/i0.wp.com\/pfadfinder-kuppenheim.de\/wp-content\/uploads\/2019\/08\/20190801_2128103929958415927578167.jpg?resize=768%2C576&amp;ssl=1 768w, https:\/\/i0.wp.com\/pfadfinder-kuppenheim.de\/wp-content\/uploads\/2019\/08\/20190801_2128103929958415927578167.jpg?resize=750%2C563&amp;ssl=1 750w\" sizes=\"auto, (max-width: 1000px) 100vw, 1000px\" \/><\/p>\n","protected":false},"excerpt":{"rendered":"<p>Nachdem wir heute etwas l\u00e4nger ausschlafen konnten und lecker gefr\u00fchst\u00fcckt hatten, mussten die Jungs direkt ihre Sachen packen, um ins Monsun umzuziehen. Daraufhin gab es etwas Zeit f\u00fcr den Lager-5-Kampf. Zum Beispiel, um Knoten zu \u00fcben, Lieder vorzusingen, Sonderaufgaben zu erledigen u.v.m. Nach dem Mittagessen ging es f\u00fcr ein k\u00fchles Nass bei sch\u00f6nem Wetter ins&hellip;&nbsp;<a href=\"https:\/\/pfadfinder-kuppenheim.de\/?p=6089\" class=\"\" rel=\"bookmark\">Weiterlesen &raquo;<span class=\"screen-reader-text\">Ein bunter Tag<\/span><\/a><\/p>\n","protected":false},"author":4,"featured_media":0,"comment_status":"open","ping_status":"closed","sticky":false,"template":"","format":"standard","meta":{"neve_meta_sidebar":"","neve_meta_container":"","neve_meta_enable_content_width":"","neve_meta_content_width":0,"neve_meta_title_alignment":"","neve_meta_author_avatar":"","neve_post_elements_order":"","neve_meta_disable_header":"","neve_meta_disable_footer":"","neve_meta_disable_title":"","jetpack_post_was_ever_published":false,"_jetpack_newsletter_access":"","_jetpack_dont_email_post_to_subs":false,"_jetpack_newsletter_tier_id":0,"_jetpack_memberships_contains_paywalled_content":false,"_jetpack_memberships_contains_paid_content":false,"footnotes":"","jetpack_publicize_message":"","jetpack_publicize_feature_enabled":true,"jetpack_social_post_already_shared":true,"jetpack_social_options":{"image_generator_settings":{"template":"highway","default_image_id":0,"font":"","enabled":false},"version":2}},"categories":[27],"tags":[],"class_list":["post-6089","post","type-post","status-publish","format-standard","hentry","category-sommerlager-2019"],"jetpack_publicize_connections":[],"jetpack_featured_media_url":"","jetpack_sharing_enabled":true,"jetpack_shortlink":"https:\/\/wp.me\/p3G0PZ-1Ad","_links":{"self":[{"href":"https:\/\/pfadfinder-kuppenheim.de\/index.php?rest_route=\/wp\/v2\/posts\/6089","targetHints":{"allow":["GET"]}}],"collection":[{"href":"https:\/\/pfadfinder-kuppenheim.de\/index.php?rest_route=\/wp\/v2\/posts"}],"about":[{"href":"https:\/\/pfadfinder-kuppenheim.de\/index.php?rest_route=\/wp\/v2\/types\/post"}],"author":[{"embeddable":true,"href":"https:\/\/pfadfinder-kuppenheim.de\/index.php?rest_route=\/wp\/v2\/users\/4"}],"replies":[{"embeddable":true,"href":"https:\/\/pfadfinder-kuppenheim.de\/index.php?rest_route=%2Fwp%2Fv2%2Fcomments&post=6089"}],"version-history":[{"count":1,"href":"https:\/\/pfadfinder-kuppenheim.de\/index.php?rest_route=\/wp\/v2\/posts\/6089\/revisions"}],"predecessor-version":[{"id":6090,"href":"https:\/\/pfadfinder-kuppenheim.de\/index.php?rest_route=\/wp\/v2\/posts\/6089\/revisions\/6090"}],"wp:attachment":[{"href":"https:\/\/pfadfinder-kuppenheim.de\/index.php?rest_route=%2Fwp%2Fv2%2Fmedia&parent=6089"}],"wp:term":[{"taxonomy":"category","embeddable":true,"href":"https:\/\/pfadfinder-kuppenheim.de\/index.php?rest_route=%2Fwp%2Fv2%2Fcategories&post=6089"},{"taxonomy":"post_tag","embeddable":true,"href":"https:\/\/pfadfinder-kuppenheim.de\/index.php?rest_route=%2Fwp%2Fv2%2Ftags&post=6089"}],"curies":[{"name":"wp","href":"https:\/\/api.w.org\/{rel}","templated":true}]}}