{"id":5822,"date":"2019-07-30T00:10:34","date_gmt":"2019-07-29T22:10:34","guid":{"rendered":"http:\/\/blog.pfadfinder-kuppenheim.de\/?p=5822"},"modified":"2026-03-21T00:19:25","modified_gmt":"2026-03-20T23:19:25","slug":"bericht-1-tag-28-07","status":"publish","type":"post","link":"https:\/\/pfadfinder-kuppenheim.de\/?p=5822","title":{"rendered":"Bericht 1. Tag, 28.07"},"content":{"rendered":"\n<p>Am Sonntag, den 28.07. trafen sich um 5.45 Uhr die Jungpfadfinder- und die Pfadfinderstufe, um gemeinsam ihr Sommerlager in Bosau zu verbringen. Um 6.34 Uhr fuhren wir mit dem ICE nach L\u00fcneburg. Nach einem kurzen Aufenthalt und einem kurzem Umstieg fuhren wir weiter nach Eutin von dort liefen wir ein  St\u00fcck, bis wir abgeholt wurden. Am Zeltplatz angekommen luden wir die Anh\u00e4nger aus, schlugen die Zelte auf, bauten jeweils ein Sippentisch, sowie eine Feuerstelle. Um 23 Uhr machten die Sippen sich ihr Abendessen bei beiden Sippen gab es Spaghetti mit Tomatensauce. Im Anschluss gingen wir zu Bett.<\/p>\n\n\n\n<p>Anastasia<\/p>\n\n\n\n<figure class=\"wp-block-image\"><img data-recalc-dims=\"1\" height=\"768\" width=\"1024\" decoding=\"async\" src=\"https:\/\/i0.wp.com\/blog.pfadfinder-kuppenheim.de\/wp-content\/uploads\/2019\/07\/2686F33E-B6E6-4563-8DD7-FC6FF6D961C7-1024x768.jpeg?resize=1024%2C768\" alt=\"\" class=\"wp-image-5824\" \/><figcaption>Kurzer Marsch hebt die Stimmung.<\/figcaption><\/figure>\n\n\n\n<figure class=\"wp-block-image\"><img data-recalc-dims=\"1\" loading=\"lazy\" decoding=\"async\" width=\"1024\" height=\"768\" src=\"https:\/\/i0.wp.com\/blog.pfadfinder-kuppenheim.de\/wp-content\/uploads\/2019\/07\/19950382-2D31-4EFE-A30D-4CB6C9E354DC-1024x768.jpeg?resize=1024%2C768\" alt=\"\" class=\"wp-image-5825\" srcset=\"https:\/\/i0.wp.com\/pfadfinder-kuppenheim.de\/wp-content\/uploads\/2019\/07\/19950382-2D31-4EFE-A30D-4CB6C9E354DC.jpeg?resize=1024%2C768&amp;ssl=1 1024w, https:\/\/i0.wp.com\/pfadfinder-kuppenheim.de\/wp-content\/uploads\/2019\/07\/19950382-2D31-4EFE-A30D-4CB6C9E354DC.jpeg?resize=300%2C225&amp;ssl=1 300w, https:\/\/i0.wp.com\/pfadfinder-kuppenheim.de\/wp-content\/uploads\/2019\/07\/19950382-2D31-4EFE-A30D-4CB6C9E354DC.jpeg?resize=768%2C576&amp;ssl=1 768w, https:\/\/i0.wp.com\/pfadfinder-kuppenheim.de\/wp-content\/uploads\/2019\/07\/19950382-2D31-4EFE-A30D-4CB6C9E354DC.jpeg?resize=750%2C563&amp;ssl=1 750w, https:\/\/i0.wp.com\/pfadfinder-kuppenheim.de\/wp-content\/uploads\/2019\/07\/19950382-2D31-4EFE-A30D-4CB6C9E354DC.jpeg?w=2400&amp;ssl=1 2400w, https:\/\/i0.wp.com\/pfadfinder-kuppenheim.de\/wp-content\/uploads\/2019\/07\/19950382-2D31-4EFE-A30D-4CB6C9E354DC.jpeg?w=3600&amp;ssl=1 3600w\" sizes=\"auto, (max-width: 1024px) 100vw, 1024px\" \/><figcaption>Klein aber oho&#8230;unser Vario<\/figcaption><\/figure>\n","protected":false},"excerpt":{"rendered":"<p>Am Sonntag, den 28.07. trafen sich um 5.45 Uhr die Jungpfadfinder- und die Pfadfinderstufe, um gemeinsam ihr Sommerlager in Bosau zu verbringen. Um 6.34 Uhr fuhren wir mit dem ICE nach L\u00fcneburg. Nach einem kurzen Aufenthalt und einem kurzem Umstieg fuhren wir weiter nach Eutin von dort liefen wir ein St\u00fcck, bis wir abgeholt wurden.&hellip;&nbsp;<a href=\"https:\/\/pfadfinder-kuppenheim.de\/?p=5822\" class=\"\" rel=\"bookmark\">Weiterlesen &raquo;<span class=\"screen-reader-text\">Bericht 1. Tag, 28.07<\/span><\/a><\/p>\n","protected":false},"author":18,"featured_media":0,"comment_status":"open","ping_status":"closed","sticky":false,"template":"","format":"standard","meta":{"neve_meta_sidebar":"","neve_meta_container":"","neve_meta_enable_content_width":"","neve_meta_content_width":0,"neve_meta_title_alignment":"","neve_meta_author_avatar":"","neve_post_elements_order":"","neve_meta_disable_header":"","neve_meta_disable_footer":"","neve_meta_disable_title":"","jetpack_post_was_ever_published":false,"_jetpack_newsletter_access":"","_jetpack_dont_email_post_to_subs":false,"_jetpack_newsletter_tier_id":0,"_jetpack_memberships_contains_paywalled_content":false,"_jetpack_memberships_contains_paid_content":false,"footnotes":"","jetpack_publicize_message":"","jetpack_publicize_feature_enabled":true,"jetpack_social_post_already_shared":true,"jetpack_social_options":{"image_generator_settings":{"template":"highway","default_image_id":0,"font":"","enabled":false},"version":2}},"categories":[270,23],"tags":[91,78],"class_list":["post-5822","post","type-post","status-publish","format-standard","hentry","category-2019-bosau","category-pfadis_sola_tagebuch","tag-aufbau","tag-sommerlager"],"jetpack_publicize_connections":[],"jetpack_featured_media_url":"","jetpack_sharing_enabled":true,"jetpack_shortlink":"https:\/\/wp.me\/p3G0PZ-1vU","_links":{"self":[{"href":"https:\/\/pfadfinder-kuppenheim.de\/index.php?rest_route=\/wp\/v2\/posts\/5822","targetHints":{"allow":["GET"]}}],"collection":[{"href":"https:\/\/pfadfinder-kuppenheim.de\/index.php?rest_route=\/wp\/v2\/posts"}],"about":[{"href":"https:\/\/pfadfinder-kuppenheim.de\/index.php?rest_route=\/wp\/v2\/types\/post"}],"author":[{"embeddable":true,"href":"https:\/\/pfadfinder-kuppenheim.de\/index.php?rest_route=\/wp\/v2\/users\/18"}],"replies":[{"embeddable":true,"href":"https:\/\/pfadfinder-kuppenheim.de\/index.php?rest_route=%2Fwp%2Fv2%2Fcomments&post=5822"}],"version-history":[{"count":1,"href":"https:\/\/pfadfinder-kuppenheim.de\/index.php?rest_route=\/wp\/v2\/posts\/5822\/revisions"}],"predecessor-version":[{"id":5826,"href":"https:\/\/pfadfinder-kuppenheim.de\/index.php?rest_route=\/wp\/v2\/posts\/5822\/revisions\/5826"}],"wp:attachment":[{"href":"https:\/\/pfadfinder-kuppenheim.de\/index.php?rest_route=%2Fwp%2Fv2%2Fmedia&parent=5822"}],"wp:term":[{"taxonomy":"category","embeddable":true,"href":"https:\/\/pfadfinder-kuppenheim.de\/index.php?rest_route=%2Fwp%2Fv2%2Fcategories&post=5822"},{"taxonomy":"post_tag","embeddable":true,"href":"https:\/\/pfadfinder-kuppenheim.de\/index.php?rest_route=%2Fwp%2Fv2%2Ftags&post=5822"}],"curies":[{"name":"wp","href":"https:\/\/api.w.org\/{rel}","templated":true}]}}