{"id":5442,"date":"2019-06-07T21:20:09","date_gmt":"2019-06-07T19:20:09","guid":{"rendered":"http:\/\/blog.pfadfinder-kuppenheim.de\/?p=5442"},"modified":"2019-06-08T07:43:29","modified_gmt":"2019-06-08T05:43:29","slug":"pfingstlager-2019-in-willstaett","status":"publish","type":"post","link":"https:\/\/pfadfinder-kuppenheim.de\/?p=5442","title":{"rendered":"Pfingstlager 2019 in Willst\u00e4tt"},"content":{"rendered":"<p>Halli Hallo Liebe Leser,<\/p>\n<p>Es ist wieder soweit endlich LLLAAAGGGEERRR<\/p>\n<p>Das Pfingstlager 2019 ist gestartet!<\/p>\n<p>Hier werden wir immer mal ein paar Eindr\u00fccke f\u00fcr euch posten.<\/p>\n<p>Viel Spa\u00df!!!!<\/p>\n<p>Wir sind sehr gut, dank der Hilfe unserer Eltern, auf dem Pfadilagerplatz der Willst\u00e4tter Merlinspfadfinder angekommen.<\/p>\n<p><img data-recalc-dims=\"1\" loading=\"lazy\" decoding=\"async\" src=\"https:\/\/i0.wp.com\/blog.pfadfinder-kuppenheim.de\/wp-content\/uploads\/2019\/06\/20190607_1735522198926544554723446.jpg?resize=1200%2C234\" class=\"wp-image-5438 alignnone size-full\" width=\"1200\" height=\"234\" srcset=\"https:\/\/i0.wp.com\/pfadfinder-kuppenheim.de\/wp-content\/uploads\/2019\/06\/20190607_1735522198926544554723446.jpg?w=2998&amp;ssl=1 2998w, https:\/\/i0.wp.com\/pfadfinder-kuppenheim.de\/wp-content\/uploads\/2019\/06\/20190607_1735522198926544554723446.jpg?resize=300%2C59&amp;ssl=1 300w, https:\/\/i0.wp.com\/pfadfinder-kuppenheim.de\/wp-content\/uploads\/2019\/06\/20190607_1735522198926544554723446.jpg?resize=768%2C150&amp;ssl=1 768w, https:\/\/i0.wp.com\/pfadfinder-kuppenheim.de\/wp-content\/uploads\/2019\/06\/20190607_1735522198926544554723446.jpg?resize=1024%2C200&amp;ssl=1 1024w, https:\/\/i0.wp.com\/pfadfinder-kuppenheim.de\/wp-content\/uploads\/2019\/06\/20190607_1735522198926544554723446.jpg?resize=750%2C146&amp;ssl=1 750w, https:\/\/i0.wp.com\/pfadfinder-kuppenheim.de\/wp-content\/uploads\/2019\/06\/20190607_1735522198926544554723446.jpg?w=2400&amp;ssl=1 2400w\" sizes=\"auto, (max-width: 1200px) 100vw, 1200px\" \/><\/p>\n<p>Der Aufbau ist bei ein paar Regentropfen doch sehr gut voran gegangen.<\/p>\n<p><img data-recalc-dims=\"1\" loading=\"lazy\" decoding=\"async\" src=\"https:\/\/i0.wp.com\/blog.pfadfinder-kuppenheim.de\/wp-content\/uploads\/2019\/06\/20190607_2043292197198938454124029.jpg?resize=1200%2C207\" class=\"wp-image-5439 alignnone size-full\" width=\"1200\" height=\"207\" srcset=\"https:\/\/i0.wp.com\/pfadfinder-kuppenheim.de\/wp-content\/uploads\/2019\/06\/20190607_2043292197198938454124029.jpg?w=3000&amp;ssl=1 3000w, https:\/\/i0.wp.com\/pfadfinder-kuppenheim.de\/wp-content\/uploads\/2019\/06\/20190607_2043292197198938454124029.jpg?resize=300%2C52&amp;ssl=1 300w, https:\/\/i0.wp.com\/pfadfinder-kuppenheim.de\/wp-content\/uploads\/2019\/06\/20190607_2043292197198938454124029.jpg?resize=768%2C132&amp;ssl=1 768w, https:\/\/i0.wp.com\/pfadfinder-kuppenheim.de\/wp-content\/uploads\/2019\/06\/20190607_2043292197198938454124029.jpg?resize=1024%2C176&amp;ssl=1 1024w, https:\/\/i0.wp.com\/pfadfinder-kuppenheim.de\/wp-content\/uploads\/2019\/06\/20190607_2043292197198938454124029.jpg?resize=750%2C129&amp;ssl=1 750w, https:\/\/i0.wp.com\/pfadfinder-kuppenheim.de\/wp-content\/uploads\/2019\/06\/20190607_2043292197198938454124029.jpg?w=2400&amp;ssl=1 2400w\" sizes=\"auto, (max-width: 1200px) 100vw, 1200px\" \/><\/p>\n<p>Nun steht alles und am Ende werden wir doch beschert mit einem sehr sch\u00f6nen Sonnenuntergang!!!<\/p>\n<p><img data-recalc-dims=\"1\" loading=\"lazy\" decoding=\"async\" src=\"https:\/\/i0.wp.com\/blog.pfadfinder-kuppenheim.de\/wp-content\/uploads\/2019\/06\/20190607_2114568242593673819400195.jpg?resize=1200%2C900\" class=\"wp-image-5440 alignnone size-full\" width=\"1200\" height=\"900\" srcset=\"https:\/\/i0.wp.com\/pfadfinder-kuppenheim.de\/wp-content\/uploads\/2019\/06\/20190607_2114568242593673819400195.jpg?w=3000&amp;ssl=1 3000w, https:\/\/i0.wp.com\/pfadfinder-kuppenheim.de\/wp-content\/uploads\/2019\/06\/20190607_2114568242593673819400195.jpg?resize=300%2C225&amp;ssl=1 300w, https:\/\/i0.wp.com\/pfadfinder-kuppenheim.de\/wp-content\/uploads\/2019\/06\/20190607_2114568242593673819400195.jpg?resize=768%2C576&amp;ssl=1 768w, https:\/\/i0.wp.com\/pfadfinder-kuppenheim.de\/wp-content\/uploads\/2019\/06\/20190607_2114568242593673819400195.jpg?resize=1024%2C768&amp;ssl=1 1024w, https:\/\/i0.wp.com\/pfadfinder-kuppenheim.de\/wp-content\/uploads\/2019\/06\/20190607_2114568242593673819400195.jpg?resize=750%2C563&amp;ssl=1 750w, https:\/\/i0.wp.com\/pfadfinder-kuppenheim.de\/wp-content\/uploads\/2019\/06\/20190607_2114568242593673819400195.jpg?w=2400&amp;ssl=1 2400w\" sizes=\"auto, (max-width: 1200px) 100vw, 1200px\" \/><\/p>\n<p><img data-recalc-dims=\"1\" loading=\"lazy\" decoding=\"async\" src=\"https:\/\/i0.wp.com\/blog.pfadfinder-kuppenheim.de\/wp-content\/uploads\/2019\/06\/20190607_2119456446867296575867880.jpg?resize=1200%2C900\" class=\"wp-image-5441 alignnone size-full\" width=\"1200\" height=\"900\" srcset=\"https:\/\/i0.wp.com\/pfadfinder-kuppenheim.de\/wp-content\/uploads\/2019\/06\/20190607_2119456446867296575867880.jpg?w=3000&amp;ssl=1 3000w, https:\/\/i0.wp.com\/pfadfinder-kuppenheim.de\/wp-content\/uploads\/2019\/06\/20190607_2119456446867296575867880.jpg?resize=300%2C225&amp;ssl=1 300w, https:\/\/i0.wp.com\/pfadfinder-kuppenheim.de\/wp-content\/uploads\/2019\/06\/20190607_2119456446867296575867880.jpg?resize=768%2C576&amp;ssl=1 768w, https:\/\/i0.wp.com\/pfadfinder-kuppenheim.de\/wp-content\/uploads\/2019\/06\/20190607_2119456446867296575867880.jpg?resize=1024%2C768&amp;ssl=1 1024w, https:\/\/i0.wp.com\/pfadfinder-kuppenheim.de\/wp-content\/uploads\/2019\/06\/20190607_2119456446867296575867880.jpg?resize=750%2C563&amp;ssl=1 750w, https:\/\/i0.wp.com\/pfadfinder-kuppenheim.de\/wp-content\/uploads\/2019\/06\/20190607_2119456446867296575867880.jpg?w=2400&amp;ssl=1 2400w\" sizes=\"auto, (max-width: 1200px) 100vw, 1200px\" \/><\/p>\n","protected":false},"excerpt":{"rendered":"<p>Halli Hallo Liebe Leser, Es ist wieder soweit endlich LLLAAAGGGEERRR Das Pfingstlager 2019 ist gestartet! Hier werden wir immer mal ein paar Eindr\u00fccke f\u00fcr euch posten. Viel Spa\u00df!!!! Wir sind sehr gut, dank der Hilfe unserer Eltern, auf dem Pfadilagerplatz der Willst\u00e4tter Merlinspfadfinder angekommen. Der Aufbau ist bei ein paar Regentropfen doch sehr gut voran&hellip;&nbsp;<a href=\"https:\/\/pfadfinder-kuppenheim.de\/?p=5442\" class=\"\" rel=\"bookmark\">Weiterlesen &raquo;<span class=\"screen-reader-text\">Pfingstlager 2019 in Willst\u00e4tt<\/span><\/a><\/p>\n","protected":false},"author":5,"featured_media":0,"comment_status":"open","ping_status":"closed","sticky":false,"template":"","format":"standard","meta":{"neve_meta_sidebar":"","neve_meta_container":"","neve_meta_enable_content_width":"","neve_meta_content_width":0,"neve_meta_title_alignment":"","neve_meta_author_avatar":"","neve_post_elements_order":"","neve_meta_disable_header":"","neve_meta_disable_footer":"","neve_meta_disable_title":"","jetpack_post_was_ever_published":false,"_jetpack_newsletter_access":"","_jetpack_dont_email_post_to_subs":false,"_jetpack_newsletter_tier_id":0,"_jetpack_memberships_contains_paywalled_content":false,"_jetpack_memberships_contains_paid_content":false,"footnotes":"","jetpack_publicize_message":"","jetpack_publicize_feature_enabled":true,"jetpack_social_post_already_shared":true,"jetpack_social_options":{"image_generator_settings":{"template":"highway","default_image_id":0,"font":"","enabled":false},"version":2}},"categories":[26],"tags":[],"class_list":["post-5442","post","type-post","status-publish","format-standard","hentry","category-pfila-2019"],"jetpack_publicize_connections":[],"jetpack_featured_media_url":"","jetpack_sharing_enabled":true,"jetpack_shortlink":"https:\/\/wp.me\/p3G0PZ-1pM","_links":{"self":[{"href":"https:\/\/pfadfinder-kuppenheim.de\/index.php?rest_route=\/wp\/v2\/posts\/5442","targetHints":{"allow":["GET"]}}],"collection":[{"href":"https:\/\/pfadfinder-kuppenheim.de\/index.php?rest_route=\/wp\/v2\/posts"}],"about":[{"href":"https:\/\/pfadfinder-kuppenheim.de\/index.php?rest_route=\/wp\/v2\/types\/post"}],"author":[{"embeddable":true,"href":"https:\/\/pfadfinder-kuppenheim.de\/index.php?rest_route=\/wp\/v2\/users\/5"}],"replies":[{"embeddable":true,"href":"https:\/\/pfadfinder-kuppenheim.de\/index.php?rest_route=%2Fwp%2Fv2%2Fcomments&post=5442"}],"version-history":[{"count":1,"href":"https:\/\/pfadfinder-kuppenheim.de\/index.php?rest_route=\/wp\/v2\/posts\/5442\/revisions"}],"predecessor-version":[{"id":5443,"href":"https:\/\/pfadfinder-kuppenheim.de\/index.php?rest_route=\/wp\/v2\/posts\/5442\/revisions\/5443"}],"wp:attachment":[{"href":"https:\/\/pfadfinder-kuppenheim.de\/index.php?rest_route=%2Fwp%2Fv2%2Fmedia&parent=5442"}],"wp:term":[{"taxonomy":"category","embeddable":true,"href":"https:\/\/pfadfinder-kuppenheim.de\/index.php?rest_route=%2Fwp%2Fv2%2Fcategories&post=5442"},{"taxonomy":"post_tag","embeddable":true,"href":"https:\/\/pfadfinder-kuppenheim.de\/index.php?rest_route=%2Fwp%2Fv2%2Ftags&post=5442"}],"curies":[{"name":"wp","href":"https:\/\/api.w.org\/{rel}","templated":true}]}}