{"id":541,"date":"2014-08-03T23:54:02","date_gmt":"2014-08-03T21:54:02","guid":{"rendered":"http:\/\/blog.pfadfinder-kuppenheim.de\/?p=541"},"modified":"2017-10-27T13:40:11","modified_gmt":"2017-10-27T11:40:11","slug":"tag-2-2","status":"publish","type":"post","link":"https:\/\/pfadfinder-kuppenheim.de\/?p=541","title":{"rendered":"Tag 2"},"content":{"rendered":"<p>Nachdem der Lageraufbau heute morgen beendet wurde, machten wir eine kleine Lagerer\u00f6ffnung.<br \/>\nAm Mittag erkundeten wir das Gel\u00e4nde bei einem Gel\u00e4ndespiel und zeigten unsere Wurfk\u00fcnste beim V\u00f6lkerball.<\/p>\n<p><a href=\"https:\/\/i0.wp.com\/blog.pfadfinder-kuppenheim.de\/wp-content\/uploads\/2014\/08\/wpid-wp-1407102803879.jpeg\"><img data-recalc-dims=\"1\" decoding=\"async\" title=\"wp-1407102803879\" class=\"alignnone size-full\" alt=\"image\" src=\"https:\/\/i0.wp.com\/blog.pfadfinder-kuppenheim.de\/wp-content\/uploads\/2014\/08\/wpid-wp-1407102803879.jpeg?w=1200\" \/><\/a><\/p>\n","protected":false},"excerpt":{"rendered":"<p>Nachdem der Lageraufbau heute morgen beendet wurde, machten wir eine kleine Lagerer\u00f6ffnung. Am Mittag erkundeten wir das Gel\u00e4nde bei einem Gel\u00e4ndespiel und zeigten unsere Wurfk\u00fcnste beim V\u00f6lkerball.<\/p>\n","protected":false},"author":4,"featured_media":0,"comment_status":"closed","ping_status":"closed","sticky":false,"template":"","format":"standard","meta":{"neve_meta_sidebar":"","neve_meta_container":"","neve_meta_enable_content_width":"","neve_meta_content_width":0,"neve_meta_title_alignment":"","neve_meta_author_avatar":"","neve_post_elements_order":"","neve_meta_disable_header":"","neve_meta_disable_footer":"","neve_meta_disable_title":"","jetpack_post_was_ever_published":false,"_jetpack_newsletter_access":"","_jetpack_dont_email_post_to_subs":false,"_jetpack_newsletter_tier_id":0,"_jetpack_memberships_contains_paywalled_content":false,"_jetpack_memberships_contains_paid_content":false,"footnotes":"","jetpack_publicize_message":"","jetpack_publicize_feature_enabled":true,"jetpack_social_post_already_shared":true,"jetpack_social_options":{"image_generator_settings":{"template":"highway","default_image_id":0,"font":"","enabled":false},"version":2}},"categories":[4],"tags":[],"class_list":["post-541","post","type-post","status-publish","format-standard","hentry","category-wolflinge"],"jetpack_publicize_connections":[],"jetpack_featured_media_url":"","jetpack_sharing_enabled":true,"jetpack_shortlink":"https:\/\/wp.me\/p3G0PZ-8J","_links":{"self":[{"href":"https:\/\/pfadfinder-kuppenheim.de\/index.php?rest_route=\/wp\/v2\/posts\/541","targetHints":{"allow":["GET"]}}],"collection":[{"href":"https:\/\/pfadfinder-kuppenheim.de\/index.php?rest_route=\/wp\/v2\/posts"}],"about":[{"href":"https:\/\/pfadfinder-kuppenheim.de\/index.php?rest_route=\/wp\/v2\/types\/post"}],"author":[{"embeddable":true,"href":"https:\/\/pfadfinder-kuppenheim.de\/index.php?rest_route=\/wp\/v2\/users\/4"}],"replies":[{"embeddable":true,"href":"https:\/\/pfadfinder-kuppenheim.de\/index.php?rest_route=%2Fwp%2Fv2%2Fcomments&post=541"}],"version-history":[{"count":1,"href":"https:\/\/pfadfinder-kuppenheim.de\/index.php?rest_route=\/wp\/v2\/posts\/541\/revisions"}],"predecessor-version":[{"id":542,"href":"https:\/\/pfadfinder-kuppenheim.de\/index.php?rest_route=\/wp\/v2\/posts\/541\/revisions\/542"}],"wp:attachment":[{"href":"https:\/\/pfadfinder-kuppenheim.de\/index.php?rest_route=%2Fwp%2Fv2%2Fmedia&parent=541"}],"wp:term":[{"taxonomy":"category","embeddable":true,"href":"https:\/\/pfadfinder-kuppenheim.de\/index.php?rest_route=%2Fwp%2Fv2%2Fcategories&post=541"},{"taxonomy":"post_tag","embeddable":true,"href":"https:\/\/pfadfinder-kuppenheim.de\/index.php?rest_route=%2Fwp%2Fv2%2Ftags&post=541"}],"curies":[{"name":"wp","href":"https:\/\/api.w.org\/{rel}","templated":true}]}}