{"id":5302,"date":"2018-08-09T16:07:40","date_gmt":"2018-08-09T14:07:40","guid":{"rendered":"http:\/\/blog.pfadfinder-kuppenheim.de\/?p=5302"},"modified":"2026-03-21T00:22:04","modified_gmt":"2026-03-20T23:22:04","slug":"mittwoch-08-08-2018-schwimmbad-kadersteg","status":"publish","type":"post","link":"https:\/\/pfadfinder-kuppenheim.de\/?p=5302","title":{"rendered":"Mittwoch 08.08.2018 &#8211; Schwimmbad Kadersteg"},"content":{"rendered":"<p>Nachdem die Pfadis um 07:45 Uhr geweckt wurden, stand als Erstes das Fr\u00fchst\u00fcck auf dem Programm. Anschlie\u00dfend machte sich wieder eine H\u00e4lfte der Truppe auf zum \u201eSolar-Workshop\u201c. Dort gab es viel \u00fcber die Kraft der Sonne zu lernen. Es wurde mithilfe der Sonnenstrahlen Nachrichten in Holz gebrannt und nur durch die Hitze Popcorn hergestellt. Nach dem gemeinsamen Vespert, packten alle ihre Schwimmsachen ein und liefen zum Schwimmbad in Kandersteg. Dort sonnten wir uns, machten Fotos unter Wasser und plantschten vergn\u00fcgt. Der Tag lief aus in einer internationalen Lagerdisco, in der Spanier, Engl\u00e4nder und Deutsche zusammen sangen, tanzten und ordentlich feierten.<\/p>\n<p>Emma L\u00fcdecke<\/p>\n<figure id=\"attachment_5303\" aria-describedby=\"caption-attachment-5303\" style=\"width: 300px\" class=\"wp-caption alignnone\"><img data-recalc-dims=\"1\" loading=\"lazy\" decoding=\"async\" class=\"size-medium wp-image-5303\" src=\"https:\/\/i0.wp.com\/blog.pfadfinder-kuppenheim.de\/wp-content\/uploads\/2018\/08\/DSCN0875-300x225.jpg?resize=300%2C225\" alt=\"\" width=\"300\" height=\"225\" srcset=\"https:\/\/i0.wp.com\/pfadfinder-kuppenheim.de\/wp-content\/uploads\/2018\/08\/DSCN0875.jpg?resize=300%2C225&amp;ssl=1 300w, https:\/\/i0.wp.com\/pfadfinder-kuppenheim.de\/wp-content\/uploads\/2018\/08\/DSCN0875.jpg?resize=768%2C576&amp;ssl=1 768w, https:\/\/i0.wp.com\/pfadfinder-kuppenheim.de\/wp-content\/uploads\/2018\/08\/DSCN0875.jpg?resize=1024%2C768&amp;ssl=1 1024w, https:\/\/i0.wp.com\/pfadfinder-kuppenheim.de\/wp-content\/uploads\/2018\/08\/DSCN0875.jpg?resize=750%2C563&amp;ssl=1 750w, https:\/\/i0.wp.com\/pfadfinder-kuppenheim.de\/wp-content\/uploads\/2018\/08\/DSCN0875.jpg?w=2400&amp;ssl=1 2400w, https:\/\/i0.wp.com\/pfadfinder-kuppenheim.de\/wp-content\/uploads\/2018\/08\/DSCN0875.jpg?w=3600&amp;ssl=1 3600w\" sizes=\"auto, (max-width: 300px) 100vw, 300px\" \/><figcaption id=\"caption-attachment-5303\" class=\"wp-caption-text\">Die Leiter baden flei\u00dfig mit. Das Panorama ist einzigartig.<\/figcaption><\/figure>\n<figure id=\"attachment_5304\" aria-describedby=\"caption-attachment-5304\" style=\"width: 300px\" class=\"wp-caption alignnone\"><img data-recalc-dims=\"1\" loading=\"lazy\" decoding=\"async\" class=\"size-medium wp-image-5304\" src=\"https:\/\/i0.wp.com\/blog.pfadfinder-kuppenheim.de\/wp-content\/uploads\/2018\/08\/DSCN0913-300x225.jpg?resize=300%2C225\" alt=\"\" width=\"300\" height=\"225\" srcset=\"https:\/\/i0.wp.com\/pfadfinder-kuppenheim.de\/wp-content\/uploads\/2018\/08\/DSCN0913.jpg?resize=300%2C225&amp;ssl=1 300w, https:\/\/i0.wp.com\/pfadfinder-kuppenheim.de\/wp-content\/uploads\/2018\/08\/DSCN0913.jpg?resize=768%2C576&amp;ssl=1 768w, https:\/\/i0.wp.com\/pfadfinder-kuppenheim.de\/wp-content\/uploads\/2018\/08\/DSCN0913.jpg?resize=1024%2C768&amp;ssl=1 1024w, https:\/\/i0.wp.com\/pfadfinder-kuppenheim.de\/wp-content\/uploads\/2018\/08\/DSCN0913.jpg?resize=750%2C563&amp;ssl=1 750w, https:\/\/i0.wp.com\/pfadfinder-kuppenheim.de\/wp-content\/uploads\/2018\/08\/DSCN0913.jpg?w=2400&amp;ssl=1 2400w, https:\/\/i0.wp.com\/pfadfinder-kuppenheim.de\/wp-content\/uploads\/2018\/08\/DSCN0913.jpg?w=3600&amp;ssl=1 3600w\" sizes=\"auto, (max-width: 300px) 100vw, 300px\" \/><figcaption id=\"caption-attachment-5304\" class=\"wp-caption-text\">Die Lagerdisco beginnt, aber die erste H\u00fcrde ist immer der T\u00fcrsteher \ud83d\ude42<\/figcaption><\/figure>\n<figure id=\"attachment_5305\" aria-describedby=\"caption-attachment-5305\" style=\"width: 300px\" class=\"wp-caption alignnone\"><img data-recalc-dims=\"1\" loading=\"lazy\" decoding=\"async\" class=\"size-medium wp-image-5305\" src=\"https:\/\/i0.wp.com\/blog.pfadfinder-kuppenheim.de\/wp-content\/uploads\/2018\/08\/DSCN0917-300x225.jpg?resize=300%2C225\" alt=\"\" width=\"300\" height=\"225\" srcset=\"https:\/\/i0.wp.com\/pfadfinder-kuppenheim.de\/wp-content\/uploads\/2018\/08\/DSCN0917.jpg?resize=300%2C225&amp;ssl=1 300w, https:\/\/i0.wp.com\/pfadfinder-kuppenheim.de\/wp-content\/uploads\/2018\/08\/DSCN0917.jpg?resize=768%2C576&amp;ssl=1 768w, https:\/\/i0.wp.com\/pfadfinder-kuppenheim.de\/wp-content\/uploads\/2018\/08\/DSCN0917.jpg?resize=1024%2C768&amp;ssl=1 1024w, https:\/\/i0.wp.com\/pfadfinder-kuppenheim.de\/wp-content\/uploads\/2018\/08\/DSCN0917.jpg?resize=750%2C563&amp;ssl=1 750w, https:\/\/i0.wp.com\/pfadfinder-kuppenheim.de\/wp-content\/uploads\/2018\/08\/DSCN0917.jpg?w=2400&amp;ssl=1 2400w, https:\/\/i0.wp.com\/pfadfinder-kuppenheim.de\/wp-content\/uploads\/2018\/08\/DSCN0917.jpg?w=3600&amp;ssl=1 3600w\" sizes=\"auto, (max-width: 300px) 100vw, 300px\" \/><figcaption id=\"caption-attachment-5305\" class=\"wp-caption-text\">Die Bar mit S\u00e4ften ist auch er\u00f6ffnet. Der DJ checkt die Playlist.<\/figcaption><\/figure>\n<figure id=\"attachment_5306\" aria-describedby=\"caption-attachment-5306\" style=\"width: 300px\" class=\"wp-caption alignnone\"><img data-recalc-dims=\"1\" loading=\"lazy\" decoding=\"async\" class=\"size-medium wp-image-5306\" src=\"https:\/\/i0.wp.com\/blog.pfadfinder-kuppenheim.de\/wp-content\/uploads\/2018\/08\/DSCN0926-300x225.jpg?resize=300%2C225\" alt=\"\" width=\"300\" height=\"225\" srcset=\"https:\/\/i0.wp.com\/pfadfinder-kuppenheim.de\/wp-content\/uploads\/2018\/08\/DSCN0926.jpg?resize=300%2C225&amp;ssl=1 300w, https:\/\/i0.wp.com\/pfadfinder-kuppenheim.de\/wp-content\/uploads\/2018\/08\/DSCN0926.jpg?resize=768%2C576&amp;ssl=1 768w, https:\/\/i0.wp.com\/pfadfinder-kuppenheim.de\/wp-content\/uploads\/2018\/08\/DSCN0926.jpg?resize=1024%2C768&amp;ssl=1 1024w, https:\/\/i0.wp.com\/pfadfinder-kuppenheim.de\/wp-content\/uploads\/2018\/08\/DSCN0926.jpg?resize=750%2C563&amp;ssl=1 750w, https:\/\/i0.wp.com\/pfadfinder-kuppenheim.de\/wp-content\/uploads\/2018\/08\/DSCN0926.jpg?w=2400&amp;ssl=1 2400w, https:\/\/i0.wp.com\/pfadfinder-kuppenheim.de\/wp-content\/uploads\/2018\/08\/DSCN0926.jpg?w=3600&amp;ssl=1 3600w\" sizes=\"auto, (max-width: 300px) 100vw, 300px\" \/><figcaption id=\"caption-attachment-5306\" class=\"wp-caption-text\">Ab geht die Party&#8230;<\/figcaption><\/figure>\n<figure id=\"attachment_5307\" aria-describedby=\"caption-attachment-5307\" style=\"width: 300px\" class=\"wp-caption alignnone\"><img data-recalc-dims=\"1\" loading=\"lazy\" decoding=\"async\" class=\"size-medium wp-image-5307\" src=\"https:\/\/i0.wp.com\/blog.pfadfinder-kuppenheim.de\/wp-content\/uploads\/2018\/08\/DSCN0931-300x225.jpg?resize=300%2C225\" alt=\"\" width=\"300\" height=\"225\" srcset=\"https:\/\/i0.wp.com\/pfadfinder-kuppenheim.de\/wp-content\/uploads\/2018\/08\/DSCN0931.jpg?resize=300%2C225&amp;ssl=1 300w, https:\/\/i0.wp.com\/pfadfinder-kuppenheim.de\/wp-content\/uploads\/2018\/08\/DSCN0931.jpg?resize=768%2C576&amp;ssl=1 768w, https:\/\/i0.wp.com\/pfadfinder-kuppenheim.de\/wp-content\/uploads\/2018\/08\/DSCN0931.jpg?resize=1024%2C768&amp;ssl=1 1024w, https:\/\/i0.wp.com\/pfadfinder-kuppenheim.de\/wp-content\/uploads\/2018\/08\/DSCN0931.jpg?resize=750%2C563&amp;ssl=1 750w, https:\/\/i0.wp.com\/pfadfinder-kuppenheim.de\/wp-content\/uploads\/2018\/08\/DSCN0931.jpg?w=2400&amp;ssl=1 2400w, https:\/\/i0.wp.com\/pfadfinder-kuppenheim.de\/wp-content\/uploads\/2018\/08\/DSCN0931.jpg?w=3600&amp;ssl=1 3600w\" sizes=\"auto, (max-width: 300px) 100vw, 300px\" \/><figcaption id=\"caption-attachment-5307\" class=\"wp-caption-text\">&#8230;und die Party geht ab!!<\/figcaption><\/figure>\n<figure id=\"attachment_5308\" aria-describedby=\"caption-attachment-5308\" style=\"width: 300px\" class=\"wp-caption alignnone\"><img data-recalc-dims=\"1\" loading=\"lazy\" decoding=\"async\" class=\"size-medium wp-image-5308\" src=\"https:\/\/i0.wp.com\/blog.pfadfinder-kuppenheim.de\/wp-content\/uploads\/2018\/08\/DSCN0933-300x225.jpg?resize=300%2C225\" alt=\"\" width=\"300\" height=\"225\" srcset=\"https:\/\/i0.wp.com\/pfadfinder-kuppenheim.de\/wp-content\/uploads\/2018\/08\/DSCN0933.jpg?resize=300%2C225&amp;ssl=1 300w, https:\/\/i0.wp.com\/pfadfinder-kuppenheim.de\/wp-content\/uploads\/2018\/08\/DSCN0933.jpg?resize=768%2C576&amp;ssl=1 768w, https:\/\/i0.wp.com\/pfadfinder-kuppenheim.de\/wp-content\/uploads\/2018\/08\/DSCN0933.jpg?resize=1024%2C768&amp;ssl=1 1024w, https:\/\/i0.wp.com\/pfadfinder-kuppenheim.de\/wp-content\/uploads\/2018\/08\/DSCN0933.jpg?resize=750%2C563&amp;ssl=1 750w, https:\/\/i0.wp.com\/pfadfinder-kuppenheim.de\/wp-content\/uploads\/2018\/08\/DSCN0933.jpg?w=2400&amp;ssl=1 2400w, https:\/\/i0.wp.com\/pfadfinder-kuppenheim.de\/wp-content\/uploads\/2018\/08\/DSCN0933.jpg?w=3600&amp;ssl=1 3600w\" sizes=\"auto, (max-width: 300px) 100vw, 300px\" \/><figcaption id=\"caption-attachment-5308\" class=\"wp-caption-text\">Die Stimmung ist ausgezeichnet.<\/figcaption><\/figure>\n<figure id=\"attachment_5309\" aria-describedby=\"caption-attachment-5309\" style=\"width: 300px\" class=\"wp-caption alignnone\"><img data-recalc-dims=\"1\" loading=\"lazy\" decoding=\"async\" class=\"size-medium wp-image-5309\" src=\"https:\/\/i0.wp.com\/blog.pfadfinder-kuppenheim.de\/wp-content\/uploads\/2018\/08\/DSCN0937-300x225.jpg?resize=300%2C225\" alt=\"\" width=\"300\" height=\"225\" srcset=\"https:\/\/i0.wp.com\/pfadfinder-kuppenheim.de\/wp-content\/uploads\/2018\/08\/DSCN0937.jpg?resize=300%2C225&amp;ssl=1 300w, https:\/\/i0.wp.com\/pfadfinder-kuppenheim.de\/wp-content\/uploads\/2018\/08\/DSCN0937.jpg?resize=768%2C576&amp;ssl=1 768w, https:\/\/i0.wp.com\/pfadfinder-kuppenheim.de\/wp-content\/uploads\/2018\/08\/DSCN0937.jpg?resize=1024%2C768&amp;ssl=1 1024w, https:\/\/i0.wp.com\/pfadfinder-kuppenheim.de\/wp-content\/uploads\/2018\/08\/DSCN0937.jpg?resize=750%2C563&amp;ssl=1 750w, https:\/\/i0.wp.com\/pfadfinder-kuppenheim.de\/wp-content\/uploads\/2018\/08\/DSCN0937.jpg?w=2400&amp;ssl=1 2400w, https:\/\/i0.wp.com\/pfadfinder-kuppenheim.de\/wp-content\/uploads\/2018\/08\/DSCN0937.jpg?w=3600&amp;ssl=1 3600w\" sizes=\"auto, (max-width: 300px) 100vw, 300px\" \/><figcaption id=\"caption-attachment-5309\" class=\"wp-caption-text\">Beim Limbo muss jeder sein Geschick beweisen.<\/figcaption><\/figure>\n<figure id=\"attachment_5310\" aria-describedby=\"caption-attachment-5310\" style=\"width: 300px\" class=\"wp-caption alignnone\"><img data-recalc-dims=\"1\" loading=\"lazy\" decoding=\"async\" class=\"size-medium wp-image-5310\" src=\"https:\/\/i0.wp.com\/blog.pfadfinder-kuppenheim.de\/wp-content\/uploads\/2018\/08\/DSCN0949-300x225.jpg?resize=300%2C225\" alt=\"\" width=\"300\" height=\"225\" srcset=\"https:\/\/i0.wp.com\/pfadfinder-kuppenheim.de\/wp-content\/uploads\/2018\/08\/DSCN0949.jpg?resize=300%2C225&amp;ssl=1 300w, https:\/\/i0.wp.com\/pfadfinder-kuppenheim.de\/wp-content\/uploads\/2018\/08\/DSCN0949.jpg?resize=768%2C576&amp;ssl=1 768w, https:\/\/i0.wp.com\/pfadfinder-kuppenheim.de\/wp-content\/uploads\/2018\/08\/DSCN0949.jpg?resize=1024%2C768&amp;ssl=1 1024w, https:\/\/i0.wp.com\/pfadfinder-kuppenheim.de\/wp-content\/uploads\/2018\/08\/DSCN0949.jpg?resize=750%2C563&amp;ssl=1 750w, https:\/\/i0.wp.com\/pfadfinder-kuppenheim.de\/wp-content\/uploads\/2018\/08\/DSCN0949.jpg?w=2400&amp;ssl=1 2400w, https:\/\/i0.wp.com\/pfadfinder-kuppenheim.de\/wp-content\/uploads\/2018\/08\/DSCN0949.jpg?w=3600&amp;ssl=1 3600w\" sizes=\"auto, (max-width: 300px) 100vw, 300px\" \/><figcaption id=\"caption-attachment-5310\" class=\"wp-caption-text\">Seifenblasen statt Nebel. Es feiern auch andere Pfadfinder mit :-).<\/figcaption><\/figure>\n","protected":false},"excerpt":{"rendered":"<p>Nachdem die Pfadis um 07:45 Uhr geweckt wurden, stand als Erstes das Fr\u00fchst\u00fcck auf dem Programm. Anschlie\u00dfend machte sich wieder eine H\u00e4lfte der Truppe auf zum \u201eSolar-Workshop\u201c. Dort gab es viel \u00fcber die Kraft der Sonne zu lernen. Es wurde mithilfe der Sonnenstrahlen Nachrichten in Holz gebrannt und nur durch die Hitze Popcorn hergestellt. Nach&hellip;&nbsp;<a href=\"https:\/\/pfadfinder-kuppenheim.de\/?p=5302\" class=\"\" rel=\"bookmark\">Weiterlesen &raquo;<span class=\"screen-reader-text\">Mittwoch 08.08.2018 &#8211; Schwimmbad Kadersteg<\/span><\/a><\/p>\n","protected":false},"author":12,"featured_media":0,"comment_status":"open","ping_status":"closed","sticky":false,"template":"","format":"standard","meta":{"neve_meta_sidebar":"","neve_meta_container":"","neve_meta_enable_content_width":"","neve_meta_content_width":0,"neve_meta_title_alignment":"","neve_meta_author_avatar":"","neve_post_elements_order":"","neve_meta_disable_header":"","neve_meta_disable_footer":"","neve_meta_disable_title":"","jetpack_post_was_ever_published":false,"_jetpack_newsletter_access":"","_jetpack_dont_email_post_to_subs":false,"_jetpack_newsletter_tier_id":0,"_jetpack_memberships_contains_paywalled_content":false,"_jetpack_memberships_contains_paid_content":false,"footnotes":"","jetpack_publicize_message":"","jetpack_publicize_feature_enabled":true,"jetpack_social_post_already_shared":true,"jetpack_social_options":{"image_generator_settings":{"template":"highway","default_image_id":0,"font":"","enabled":false},"version":2}},"categories":[271,6,23],"tags":[83],"class_list":["post-5302","post","type-post","status-publish","format-standard","hentry","category-2018-kandersteg","category-pfadis","category-pfadis_sola_tagebuch","tag-kandersteg"],"jetpack_publicize_connections":[],"jetpack_featured_media_url":"","jetpack_sharing_enabled":true,"jetpack_shortlink":"https:\/\/wp.me\/p3G0PZ-1nw","_links":{"self":[{"href":"https:\/\/pfadfinder-kuppenheim.de\/index.php?rest_route=\/wp\/v2\/posts\/5302","targetHints":{"allow":["GET"]}}],"collection":[{"href":"https:\/\/pfadfinder-kuppenheim.de\/index.php?rest_route=\/wp\/v2\/posts"}],"about":[{"href":"https:\/\/pfadfinder-kuppenheim.de\/index.php?rest_route=\/wp\/v2\/types\/post"}],"author":[{"embeddable":true,"href":"https:\/\/pfadfinder-kuppenheim.de\/index.php?rest_route=\/wp\/v2\/users\/12"}],"replies":[{"embeddable":true,"href":"https:\/\/pfadfinder-kuppenheim.de\/index.php?rest_route=%2Fwp%2Fv2%2Fcomments&post=5302"}],"version-history":[{"count":2,"href":"https:\/\/pfadfinder-kuppenheim.de\/index.php?rest_route=\/wp\/v2\/posts\/5302\/revisions"}],"predecessor-version":[{"id":9042,"href":"https:\/\/pfadfinder-kuppenheim.de\/index.php?rest_route=\/wp\/v2\/posts\/5302\/revisions\/9042"}],"wp:attachment":[{"href":"https:\/\/pfadfinder-kuppenheim.de\/index.php?rest_route=%2Fwp%2Fv2%2Fmedia&parent=5302"}],"wp:term":[{"taxonomy":"category","embeddable":true,"href":"https:\/\/pfadfinder-kuppenheim.de\/index.php?rest_route=%2Fwp%2Fv2%2Fcategories&post=5302"},{"taxonomy":"post_tag","embeddable":true,"href":"https:\/\/pfadfinder-kuppenheim.de\/index.php?rest_route=%2Fwp%2Fv2%2Ftags&post=5302"}],"curies":[{"name":"wp","href":"https:\/\/api.w.org\/{rel}","templated":true}]}}