{"id":5292,"date":"2018-08-09T12:19:04","date_gmt":"2018-08-09T10:19:04","guid":{"rendered":"http:\/\/blog.pfadfinder-kuppenheim.de\/?p=5292"},"modified":"2018-08-09T22:04:34","modified_gmt":"2018-08-09T20:04:34","slug":"abbau-6","status":"publish","type":"post","link":"https:\/\/pfadfinder-kuppenheim.de\/?p=5292","title":{"rendered":"Abbau :("},"content":{"rendered":"<p>Nach der fetzigen Lagerdisco gestern Abend, durften die Jupfis bis um 8.30 Uhr schlafe. Nach dem Fr\u00fchst\u00fcck ging es leider schweren Herzens Richtung Abbau. Alles muss wieder ordentlich in Kisten und Zelts\u00e4cke verpackt, die T\u00f6pfe geschruppt und die Rucks\u00e4cke gerichtet werden. Denn wie hei\u00dft es bei den Gruppenleiter so sch\u00f6n <strong>NACH<\/strong> dem Lager ist <strong>VOR <\/strong>dem Lager. Die Sonne scheint die Zelte sind Trocken. <strong>TOP!!! <\/strong><\/p>\n<p><img data-recalc-dims=\"1\" loading=\"lazy\" decoding=\"async\" class=\"wp-image-5290 alignnone size-full\" src=\"https:\/\/i0.wp.com\/blog.pfadfinder-kuppenheim.de\/wp-content\/uploads\/2018\/08\/20180809_121046174637762577292005.jpg?resize=1200%2C583\" width=\"1200\" height=\"583\" srcset=\"https:\/\/i0.wp.com\/pfadfinder-kuppenheim.de\/wp-content\/uploads\/2018\/08\/20180809_121046174637762577292005.jpg?w=2999&amp;ssl=1 2999w, https:\/\/i0.wp.com\/pfadfinder-kuppenheim.de\/wp-content\/uploads\/2018\/08\/20180809_121046174637762577292005.jpg?resize=300%2C146&amp;ssl=1 300w, https:\/\/i0.wp.com\/pfadfinder-kuppenheim.de\/wp-content\/uploads\/2018\/08\/20180809_121046174637762577292005.jpg?resize=768%2C373&amp;ssl=1 768w, https:\/\/i0.wp.com\/pfadfinder-kuppenheim.de\/wp-content\/uploads\/2018\/08\/20180809_121046174637762577292005.jpg?resize=1024%2C498&amp;ssl=1 1024w, https:\/\/i0.wp.com\/pfadfinder-kuppenheim.de\/wp-content\/uploads\/2018\/08\/20180809_121046174637762577292005.jpg?resize=750%2C365&amp;ssl=1 750w, https:\/\/i0.wp.com\/pfadfinder-kuppenheim.de\/wp-content\/uploads\/2018\/08\/20180809_121046174637762577292005.jpg?w=2400&amp;ssl=1 2400w\" sizes=\"auto, (max-width: 1200px) 100vw, 1200px\" \/><\/p>\n<p><img data-recalc-dims=\"1\" loading=\"lazy\" decoding=\"async\" class=\"wp-image-5289 alignnone size-full\" src=\"https:\/\/i0.wp.com\/blog.pfadfinder-kuppenheim.de\/wp-content\/uploads\/2018\/08\/20180809_1210217682231012892558582.jpg?resize=1200%2C2469\" width=\"1200\" height=\"2469\" srcset=\"https:\/\/i0.wp.com\/pfadfinder-kuppenheim.de\/wp-content\/uploads\/2018\/08\/20180809_1210217682231012892558582.jpg?w=1960&amp;ssl=1 1960w, https:\/\/i0.wp.com\/pfadfinder-kuppenheim.de\/wp-content\/uploads\/2018\/08\/20180809_1210217682231012892558582.jpg?resize=146%2C300&amp;ssl=1 146w, https:\/\/i0.wp.com\/pfadfinder-kuppenheim.de\/wp-content\/uploads\/2018\/08\/20180809_1210217682231012892558582.jpg?resize=768%2C1580&amp;ssl=1 768w, https:\/\/i0.wp.com\/pfadfinder-kuppenheim.de\/wp-content\/uploads\/2018\/08\/20180809_1210217682231012892558582.jpg?resize=498%2C1024&amp;ssl=1 498w, https:\/\/i0.wp.com\/pfadfinder-kuppenheim.de\/wp-content\/uploads\/2018\/08\/20180809_1210217682231012892558582.jpg?resize=750%2C1543&amp;ssl=1 750w\" sizes=\"auto, (max-width: 1200px) 100vw, 1200px\" \/><\/p>\n<p><img data-recalc-dims=\"1\" loading=\"lazy\" decoding=\"async\" class=\"wp-image-5291 alignnone size-full\" src=\"https:\/\/i0.wp.com\/blog.pfadfinder-kuppenheim.de\/wp-content\/uploads\/2018\/08\/20180809_121005325046025326321621.jpg?resize=1200%2C2469\" width=\"1200\" height=\"2469\" srcset=\"https:\/\/i0.wp.com\/pfadfinder-kuppenheim.de\/wp-content\/uploads\/2018\/08\/20180809_121005325046025326321621.jpg?w=1960&amp;ssl=1 1960w, https:\/\/i0.wp.com\/pfadfinder-kuppenheim.de\/wp-content\/uploads\/2018\/08\/20180809_121005325046025326321621.jpg?resize=146%2C300&amp;ssl=1 146w, https:\/\/i0.wp.com\/pfadfinder-kuppenheim.de\/wp-content\/uploads\/2018\/08\/20180809_121005325046025326321621.jpg?resize=768%2C1580&amp;ssl=1 768w, https:\/\/i0.wp.com\/pfadfinder-kuppenheim.de\/wp-content\/uploads\/2018\/08\/20180809_121005325046025326321621.jpg?resize=498%2C1024&amp;ssl=1 498w, https:\/\/i0.wp.com\/pfadfinder-kuppenheim.de\/wp-content\/uploads\/2018\/08\/20180809_121005325046025326321621.jpg?resize=750%2C1543&amp;ssl=1 750w\" sizes=\"auto, (max-width: 1200px) 100vw, 1200px\" \/><\/p>\n<p>Naja ganz trocken war der Abbau doch nicht XD. Aber der gekommende stark Regen hat uns nicht \u00fcberrascht, denn wir waren schneller. Yessss \ud83d\ude00 Denn Kinder und den Gruppenleiter geht es also sehr gut.<\/p>\n<p><img data-recalc-dims=\"1\" decoding=\"async\" class=\"size-full\" src=\"https:\/\/i0.wp.com\/blog.pfadfinder-kuppenheim.de\/wp-content\/uploads\/2018\/08\/20180809_1458525008662082141640612.jpg?w=1200\"><br \/>\nWeil die Kinder uns so super und z\u00fcgig unterst\u00fctzt haben gibt es jetzt auch ein sehr lange Mittagspause:). Doppelkekse gabs nat\u00fcrlich auch schon.<\/p>\n<p>So alles soweit ver\u00e4umt und die Kids sind gerade beim letzten Abendmahl XD<\/p>\n<p><img data-recalc-dims=\"1\" loading=\"lazy\" decoding=\"async\" src=\"https:\/\/i0.wp.com\/blog.pfadfinder-kuppenheim.de\/wp-content\/uploads\/2018\/08\/20180809_2157278151679938931429044.jpg?resize=1200%2C583\" class=\"wp-image-5317 alignnone size-full\" width=\"1200\" height=\"583\" srcset=\"https:\/\/i0.wp.com\/pfadfinder-kuppenheim.de\/wp-content\/uploads\/2018\/08\/20180809_2157278151679938931429044.jpg?w=2999&amp;ssl=1 2999w, https:\/\/i0.wp.com\/pfadfinder-kuppenheim.de\/wp-content\/uploads\/2018\/08\/20180809_2157278151679938931429044.jpg?resize=300%2C146&amp;ssl=1 300w, https:\/\/i0.wp.com\/pfadfinder-kuppenheim.de\/wp-content\/uploads\/2018\/08\/20180809_2157278151679938931429044.jpg?resize=768%2C373&amp;ssl=1 768w, https:\/\/i0.wp.com\/pfadfinder-kuppenheim.de\/wp-content\/uploads\/2018\/08\/20180809_2157278151679938931429044.jpg?resize=1024%2C498&amp;ssl=1 1024w, https:\/\/i0.wp.com\/pfadfinder-kuppenheim.de\/wp-content\/uploads\/2018\/08\/20180809_2157278151679938931429044.jpg?resize=750%2C365&amp;ssl=1 750w, https:\/\/i0.wp.com\/pfadfinder-kuppenheim.de\/wp-content\/uploads\/2018\/08\/20180809_2157278151679938931429044.jpg?w=2400&amp;ssl=1 2400w\" sizes=\"auto, (max-width: 1200px) 100vw, 1200px\" \/><\/p>\n<p>Gleich nach dem Essen startet dann der Bunte Abend, die Jupfis sind gespannt und aufgeregt<\/p>\n","protected":false},"excerpt":{"rendered":"<p>Nach der fetzigen Lagerdisco gestern Abend, durften die Jupfis bis um 8.30 Uhr schlafe. Nach dem Fr\u00fchst\u00fcck ging es leider schweren Herzens Richtung Abbau. Alles muss wieder ordentlich in Kisten und Zelts\u00e4cke verpackt, die T\u00f6pfe geschruppt und die Rucks\u00e4cke gerichtet werden. Denn wie hei\u00dft es bei den Gruppenleiter so sch\u00f6n NACH dem Lager ist VOR&hellip;&nbsp;<a href=\"https:\/\/pfadfinder-kuppenheim.de\/?p=5292\" class=\"\" rel=\"bookmark\">Weiterlesen &raquo;<span class=\"screen-reader-text\">Abbau \ud83d\ude41<\/span><\/a><\/p>\n","protected":false},"author":5,"featured_media":0,"comment_status":"open","ping_status":"closed","sticky":false,"template":"","format":"standard","meta":{"neve_meta_sidebar":"","neve_meta_container":"","neve_meta_enable_content_width":"","neve_meta_content_width":0,"neve_meta_title_alignment":"","neve_meta_author_avatar":"","neve_post_elements_order":"","neve_meta_disable_header":"","neve_meta_disable_footer":"","neve_meta_disable_title":"","jetpack_post_was_ever_published":false,"_jetpack_newsletter_access":"","_jetpack_dont_email_post_to_subs":false,"_jetpack_newsletter_tier_id":0,"_jetpack_memberships_contains_paywalled_content":false,"_jetpack_memberships_contains_paid_content":false,"footnotes":"","jetpack_publicize_message":"","jetpack_publicize_feature_enabled":true,"jetpack_social_post_already_shared":true,"jetpack_social_options":{"image_generator_settings":{"template":"highway","default_image_id":0,"font":"","enabled":false},"version":2}},"categories":[5],"tags":[],"class_list":["post-5292","post","type-post","status-publish","format-standard","hentry","category-jupfis"],"jetpack_publicize_connections":[],"jetpack_featured_media_url":"","jetpack_sharing_enabled":true,"jetpack_shortlink":"https:\/\/wp.me\/p3G0PZ-1nm","_links":{"self":[{"href":"https:\/\/pfadfinder-kuppenheim.de\/index.php?rest_route=\/wp\/v2\/posts\/5292","targetHints":{"allow":["GET"]}}],"collection":[{"href":"https:\/\/pfadfinder-kuppenheim.de\/index.php?rest_route=\/wp\/v2\/posts"}],"about":[{"href":"https:\/\/pfadfinder-kuppenheim.de\/index.php?rest_route=\/wp\/v2\/types\/post"}],"author":[{"embeddable":true,"href":"https:\/\/pfadfinder-kuppenheim.de\/index.php?rest_route=\/wp\/v2\/users\/5"}],"replies":[{"embeddable":true,"href":"https:\/\/pfadfinder-kuppenheim.de\/index.php?rest_route=%2Fwp%2Fv2%2Fcomments&post=5292"}],"version-history":[{"count":5,"href":"https:\/\/pfadfinder-kuppenheim.de\/index.php?rest_route=\/wp\/v2\/posts\/5292\/revisions"}],"predecessor-version":[{"id":5318,"href":"https:\/\/pfadfinder-kuppenheim.de\/index.php?rest_route=\/wp\/v2\/posts\/5292\/revisions\/5318"}],"wp:attachment":[{"href":"https:\/\/pfadfinder-kuppenheim.de\/index.php?rest_route=%2Fwp%2Fv2%2Fmedia&parent=5292"}],"wp:term":[{"taxonomy":"category","embeddable":true,"href":"https:\/\/pfadfinder-kuppenheim.de\/index.php?rest_route=%2Fwp%2Fv2%2Fcategories&post=5292"},{"taxonomy":"post_tag","embeddable":true,"href":"https:\/\/pfadfinder-kuppenheim.de\/index.php?rest_route=%2Fwp%2Fv2%2Ftags&post=5292"}],"curies":[{"name":"wp","href":"https:\/\/api.w.org\/{rel}","templated":true}]}}