{"id":5284,"date":"2018-08-09T10:04:24","date_gmt":"2018-08-09T08:04:24","guid":{"rendered":"http:\/\/blog.pfadfinder-kuppenheim.de\/?p=5284"},"modified":"2018-08-11T14:41:05","modified_gmt":"2018-08-11T12:41:05","slug":"tag-14-10-august-sola-2018","status":"publish","type":"post","link":"https:\/\/pfadfinder-kuppenheim.de\/?p=5284","title":{"rendered":"Tag 14 &#8211; 10.August &#8211; Sola 2018"},"content":{"rendered":"<p>Heute ist der letzte Tag auf dem Lager in Cochem an der Mosel. Alle haben wir in der Jurte geschlafen und wurden mit Musik von Marcel geweckt. Wir wollten erst garnicht aus dem Schlafsack kommen weil es so kalt war. Dann sind wir aber doch aus der Jurte gekommen und haben uns fertig gemacht. Eine weile Sp\u00e4ter haben wir die verbliebenen B\u00e4nke, Tische und Kisten in den Anh\u00e4nger geladen. Dann kam Sofian mit unserem Fr\u00fchst\u00fcck. Es gab Apfeltaschen, Schokocrossaints und normale Crossaints. Wenig sp\u00e4ter haben wir alle uns um unser Banner versammelt, unser Abschlusslied gesungen, Abzeichen bekommen und unser Banner wieder eingeholt. Somit war das Lager nun offiziell beendet. Nach dem Singen sind wir los, den Berg herunter gelaufen. Das letzte mal :). Als wir am Bahnhof angekommen sind mussten wir ein paar Minuten warten, der Zug kam und wir stiegen ein. UNterwegs mussten wir einmal umsteigen und jetzt sitze ich gerade im Zug und schreibe diesen Bericht. Gleich werden wir bei unseren Eltern in Baden-Baden ankommen und wir freuen uns auf unser Wiedersehen.<\/p>\n<p>Jupfireporterin Felicitas Frosch<\/p>\n","protected":false},"excerpt":{"rendered":"<p>Heute ist der letzte Tag auf dem Lager in Cochem an der Mosel. Alle haben wir in der Jurte geschlafen und wurden mit Musik von Marcel geweckt. Wir wollten erst garnicht aus dem Schlafsack kommen weil es so kalt war. Dann sind wir aber doch aus der Jurte gekommen und haben uns fertig gemacht. Eine&hellip;&nbsp;<a href=\"https:\/\/pfadfinder-kuppenheim.de\/?p=5284\" class=\"\" rel=\"bookmark\">Weiterlesen &raquo;<span class=\"screen-reader-text\">Tag 14 &#8211; 10.August &#8211; Sola 2018<\/span><\/a><\/p>\n","protected":false},"author":5,"featured_media":0,"comment_status":"open","ping_status":"closed","sticky":false,"template":"","format":"standard","meta":{"neve_meta_sidebar":"","neve_meta_container":"","neve_meta_enable_content_width":"","neve_meta_content_width":0,"neve_meta_title_alignment":"","neve_meta_author_avatar":"","neve_post_elements_order":"","neve_meta_disable_header":"","neve_meta_disable_footer":"","neve_meta_disable_title":"","jetpack_post_was_ever_published":false,"_jetpack_newsletter_access":"","_jetpack_dont_email_post_to_subs":false,"_jetpack_newsletter_tier_id":0,"_jetpack_memberships_contains_paywalled_content":false,"_jetpack_memberships_contains_paid_content":false,"footnotes":"","jetpack_publicize_message":"","jetpack_publicize_feature_enabled":true,"jetpack_social_post_already_shared":true,"jetpack_social_options":{"image_generator_settings":{"template":"highway","default_image_id":0,"font":"","enabled":false},"version":2}},"categories":[12],"tags":[],"class_list":["post-5284","post","type-post","status-publish","format-standard","hentry","category-jupfis_sola_tagebuch"],"jetpack_publicize_connections":[],"jetpack_featured_media_url":"","jetpack_sharing_enabled":true,"jetpack_shortlink":"https:\/\/wp.me\/p3G0PZ-1ne","_links":{"self":[{"href":"https:\/\/pfadfinder-kuppenheim.de\/index.php?rest_route=\/wp\/v2\/posts\/5284","targetHints":{"allow":["GET"]}}],"collection":[{"href":"https:\/\/pfadfinder-kuppenheim.de\/index.php?rest_route=\/wp\/v2\/posts"}],"about":[{"href":"https:\/\/pfadfinder-kuppenheim.de\/index.php?rest_route=\/wp\/v2\/types\/post"}],"author":[{"embeddable":true,"href":"https:\/\/pfadfinder-kuppenheim.de\/index.php?rest_route=\/wp\/v2\/users\/5"}],"replies":[{"embeddable":true,"href":"https:\/\/pfadfinder-kuppenheim.de\/index.php?rest_route=%2Fwp%2Fv2%2Fcomments&post=5284"}],"version-history":[{"count":2,"href":"https:\/\/pfadfinder-kuppenheim.de\/index.php?rest_route=\/wp\/v2\/posts\/5284\/revisions"}],"predecessor-version":[{"id":5362,"href":"https:\/\/pfadfinder-kuppenheim.de\/index.php?rest_route=\/wp\/v2\/posts\/5284\/revisions\/5362"}],"wp:attachment":[{"href":"https:\/\/pfadfinder-kuppenheim.de\/index.php?rest_route=%2Fwp%2Fv2%2Fmedia&parent=5284"}],"wp:term":[{"taxonomy":"category","embeddable":true,"href":"https:\/\/pfadfinder-kuppenheim.de\/index.php?rest_route=%2Fwp%2Fv2%2Fcategories&post=5284"},{"taxonomy":"post_tag","embeddable":true,"href":"https:\/\/pfadfinder-kuppenheim.de\/index.php?rest_route=%2Fwp%2Fv2%2Ftags&post=5284"}],"curies":[{"name":"wp","href":"https:\/\/api.w.org\/{rel}","templated":true}]}}