{"id":5282,"date":"2018-08-09T10:02:55","date_gmt":"2018-08-09T08:02:55","guid":{"rendered":"http:\/\/blog.pfadfinder-kuppenheim.de\/?p=5282"},"modified":"2018-08-11T14:57:21","modified_gmt":"2018-08-11T12:57:21","slug":"tag-13-9-august-sola-2018","status":"publish","type":"post","link":"https:\/\/pfadfinder-kuppenheim.de\/?p=5282","title":{"rendered":"Tag 13 &#8211; 9.August &#8211; Sola 2018"},"content":{"rendered":"<p>Wir wurden um 8:00 Uhr geweckt. Uns wurde gesagt wir sollen uns fertig machen und die Rucks\u00e4cke f\u00fcr einen Umzug in die Jurte packen. Dann haben wir gefr\u00fchst\u00fcckt und sind in die Jurte umgezogen. Im Anschluss haben wir dann unsere Zelte und die Lagerbauten abgebaut. Gleich nach dem wir alles abgebaut hatten, hat es angefangen zu regnen. Wir sind schnell alle in die Jurte gerannt und haben gewartet bis der Regen zu Ende war. Es gab Doppelkeksh\u00e4ppchen von Marcel. Als der Regen dann zu Ende war, haben wir Mittaggegessen. Danach haben wir den Rest abgebaut und die Materialkisten in den Anh\u00e4nger geladen. Au\u00dferdem haben wir T\u00f6pfe geschrubert, M\u00fcll aufgesammelt und das Lagerfeuer zum Grillen und den Bunten Abend vorbereitet. Nach dem Grillen began direkt auch der Bunte Abend. Jede Sippe hat ihre Tanz- und Sketchbeitr\u00e4ge vorgetragen. W\u00e4hrend des Bunten Abends wurden dann ebenfalls noch die Lagermedaillen an die Lager10kampf gewinnet verteilt. Die Gewinner der Lagerolympiade waren; Platz 1 Jonas, Platz 2 Jan und auf Platz 3 die Emilia. Diese haben auch Siegermedaillen bekommen. Lagerking des Sommerlagers wurde Jonas, er bekam daf\u00fcr ein Trinkhorn gef\u00fcllt mit S\u00fc\u00dfigkeiten. Zu letzt sagen wir unser Gute Nacht Lied, gingen Duschen und schlafen in der Jurte.<\/p>\n<p>Jupfireporter Luca Heutle<\/p>\n","protected":false},"excerpt":{"rendered":"<p>Wir wurden um 8:00 Uhr geweckt. Uns wurde gesagt wir sollen uns fertig machen und die Rucks\u00e4cke f\u00fcr einen Umzug in die Jurte packen. Dann haben wir gefr\u00fchst\u00fcckt und sind in die Jurte umgezogen. Im Anschluss haben wir dann unsere Zelte und die Lagerbauten abgebaut. Gleich nach dem wir alles abgebaut hatten, hat es angefangen&hellip;&nbsp;<a href=\"https:\/\/pfadfinder-kuppenheim.de\/?p=5282\" class=\"\" rel=\"bookmark\">Weiterlesen &raquo;<span class=\"screen-reader-text\">Tag 13 &#8211; 9.August &#8211; Sola 2018<\/span><\/a><\/p>\n","protected":false},"author":5,"featured_media":0,"comment_status":"open","ping_status":"closed","sticky":false,"template":"","format":"standard","meta":{"neve_meta_sidebar":"","neve_meta_container":"","neve_meta_enable_content_width":"","neve_meta_content_width":0,"neve_meta_title_alignment":"","neve_meta_author_avatar":"","neve_post_elements_order":"","neve_meta_disable_header":"","neve_meta_disable_footer":"","neve_meta_disable_title":"","jetpack_post_was_ever_published":false,"_jetpack_newsletter_access":"","_jetpack_dont_email_post_to_subs":false,"_jetpack_newsletter_tier_id":0,"_jetpack_memberships_contains_paywalled_content":false,"_jetpack_memberships_contains_paid_content":false,"footnotes":"","jetpack_publicize_message":"","jetpack_publicize_feature_enabled":true,"jetpack_social_post_already_shared":true,"jetpack_social_options":{"image_generator_settings":{"template":"highway","default_image_id":0,"font":"","enabled":false},"version":2}},"categories":[12],"tags":[],"class_list":["post-5282","post","type-post","status-publish","format-standard","hentry","category-jupfis_sola_tagebuch"],"jetpack_publicize_connections":[],"jetpack_featured_media_url":"","jetpack_sharing_enabled":true,"jetpack_shortlink":"https:\/\/wp.me\/p3G0PZ-1nc","_links":{"self":[{"href":"https:\/\/pfadfinder-kuppenheim.de\/index.php?rest_route=\/wp\/v2\/posts\/5282","targetHints":{"allow":["GET"]}}],"collection":[{"href":"https:\/\/pfadfinder-kuppenheim.de\/index.php?rest_route=\/wp\/v2\/posts"}],"about":[{"href":"https:\/\/pfadfinder-kuppenheim.de\/index.php?rest_route=\/wp\/v2\/types\/post"}],"author":[{"embeddable":true,"href":"https:\/\/pfadfinder-kuppenheim.de\/index.php?rest_route=\/wp\/v2\/users\/5"}],"replies":[{"embeddable":true,"href":"https:\/\/pfadfinder-kuppenheim.de\/index.php?rest_route=%2Fwp%2Fv2%2Fcomments&post=5282"}],"version-history":[{"count":2,"href":"https:\/\/pfadfinder-kuppenheim.de\/index.php?rest_route=\/wp\/v2\/posts\/5282\/revisions"}],"predecessor-version":[{"id":5363,"href":"https:\/\/pfadfinder-kuppenheim.de\/index.php?rest_route=\/wp\/v2\/posts\/5282\/revisions\/5363"}],"wp:attachment":[{"href":"https:\/\/pfadfinder-kuppenheim.de\/index.php?rest_route=%2Fwp%2Fv2%2Fmedia&parent=5282"}],"wp:term":[{"taxonomy":"category","embeddable":true,"href":"https:\/\/pfadfinder-kuppenheim.de\/index.php?rest_route=%2Fwp%2Fv2%2Fcategories&post=5282"},{"taxonomy":"post_tag","embeddable":true,"href":"https:\/\/pfadfinder-kuppenheim.de\/index.php?rest_route=%2Fwp%2Fv2%2Ftags&post=5282"}],"curies":[{"name":"wp","href":"https:\/\/api.w.org\/{rel}","templated":true}]}}