{"id":5169,"date":"2018-08-07T07:56:38","date_gmt":"2018-08-07T05:56:38","guid":{"rendered":"http:\/\/blog.pfadfinder-kuppenheim.de\/?p=5169"},"modified":"2018-08-09T09:46:49","modified_gmt":"2018-08-09T07:46:49","slug":"tag-78-3-4-august-sola-2018-hajkbericht-sippe-chillkroetchen","status":"publish","type":"post","link":"https:\/\/pfadfinder-kuppenheim.de\/?p=5169","title":{"rendered":"Tag 8+9 &#8211; 4.\/5.August &#8211; Sola 2018 (Hajkbericht Sippe Chillkr\u00f6tchen)"},"content":{"rendered":"<p>Wir wurden morgens um ca. 7.30 Uhr geweckt und hatten 30min Zeit uns fertig zu machen. Danach a\u00dfen wir verschiedenes M\u00fcsli sowie Tee und Kaba. Als wir fertig gegessen hatten f\u00fchrten Tom die Morgenrunde durch. Ein wenig sp\u00e4ter losten wir die Leiter und die dazugeh\u00f6rigen Ruten\/Hajkleiter aus. Unsere Sippe &#8222;Chillkr\u00f6tchen&#8220; wurden von Felix und Denise zugelost. Dann gingen wir alle nochmal auf die Toilette und liefen los. Wir wanderten ungef\u00e4hr 2 Stunden nach Cochem, um dort einzukaufen. Wir kauften viele S\u00fc\u00dfigkeiten aber auch unser Abendessen ein. Wir beschlossen, dass es Gnoccis mit Tomatenso\u00dfe und geschmolzenen Mozarellascheiben gab. Nach einer anstregenden Stunde kamen wir endlich in Dohr an und suchten uns eine Unterkunft. Da wir keine Unterkunft fanden, haben wir uns neben einer Kirche ausgebreitet. Wir a\u00dfen zu Abend und futterten noch ein paar S\u00fc\u00dfigkeiten. Um 11 Uhr schliefen wir erleichtert ein. Am n\u00e4chsten Tag weckten uns die Leiter um 8 Uhr und a\u00dfen ein leckeres M\u00fcsli. Wenig sp\u00e4ter packten wir unser Zeug zusammen und liefen los. 3,5 Stunden wanderten wir zu einer M\u00fchle und wurden von dort zum Lagerplatz gefahren. Alle waren ersch\u00f6pft und freuten sich auf eine ruhig und erholsam Nacht.<\/p>\n<p>Jupfireporterin Emilia Rei\u00df<\/p>\n","protected":false},"excerpt":{"rendered":"<p>Wir wurden morgens um ca. 7.30 Uhr geweckt und hatten 30min Zeit uns fertig zu machen. Danach a\u00dfen wir verschiedenes M\u00fcsli sowie Tee und Kaba. Als wir fertig gegessen hatten f\u00fchrten Tom die Morgenrunde durch. Ein wenig sp\u00e4ter losten wir die Leiter und die dazugeh\u00f6rigen Ruten\/Hajkleiter aus. Unsere Sippe &#8222;Chillkr\u00f6tchen&#8220; wurden von Felix und Denise&hellip;&nbsp;<a href=\"https:\/\/pfadfinder-kuppenheim.de\/?p=5169\" class=\"\" rel=\"bookmark\">Weiterlesen &raquo;<span class=\"screen-reader-text\">Tag 8+9 &#8211; 4.\/5.August &#8211; Sola 2018 (Hajkbericht Sippe Chillkr\u00f6tchen)<\/span><\/a><\/p>\n","protected":false},"author":5,"featured_media":0,"comment_status":"open","ping_status":"closed","sticky":false,"template":"","format":"standard","meta":{"neve_meta_sidebar":"","neve_meta_container":"","neve_meta_enable_content_width":"","neve_meta_content_width":0,"neve_meta_title_alignment":"","neve_meta_author_avatar":"","neve_post_elements_order":"","neve_meta_disable_header":"","neve_meta_disable_footer":"","neve_meta_disable_title":"","jetpack_post_was_ever_published":false,"_jetpack_newsletter_access":"","_jetpack_dont_email_post_to_subs":false,"_jetpack_newsletter_tier_id":0,"_jetpack_memberships_contains_paywalled_content":false,"_jetpack_memberships_contains_paid_content":false,"footnotes":"","jetpack_publicize_message":"","jetpack_publicize_feature_enabled":true,"jetpack_social_post_already_shared":true,"jetpack_social_options":{"image_generator_settings":{"template":"highway","default_image_id":0,"font":"","enabled":false},"version":2}},"categories":[12],"tags":[],"class_list":["post-5169","post","type-post","status-publish","format-standard","hentry","category-jupfis_sola_tagebuch"],"jetpack_publicize_connections":[],"jetpack_featured_media_url":"","jetpack_sharing_enabled":true,"jetpack_shortlink":"https:\/\/wp.me\/p3G0PZ-1ln","_links":{"self":[{"href":"https:\/\/pfadfinder-kuppenheim.de\/index.php?rest_route=\/wp\/v2\/posts\/5169","targetHints":{"allow":["GET"]}}],"collection":[{"href":"https:\/\/pfadfinder-kuppenheim.de\/index.php?rest_route=\/wp\/v2\/posts"}],"about":[{"href":"https:\/\/pfadfinder-kuppenheim.de\/index.php?rest_route=\/wp\/v2\/types\/post"}],"author":[{"embeddable":true,"href":"https:\/\/pfadfinder-kuppenheim.de\/index.php?rest_route=\/wp\/v2\/users\/5"}],"replies":[{"embeddable":true,"href":"https:\/\/pfadfinder-kuppenheim.de\/index.php?rest_route=%2Fwp%2Fv2%2Fcomments&post=5169"}],"version-history":[{"count":4,"href":"https:\/\/pfadfinder-kuppenheim.de\/index.php?rest_route=\/wp\/v2\/posts\/5169\/revisions"}],"predecessor-version":[{"id":5275,"href":"https:\/\/pfadfinder-kuppenheim.de\/index.php?rest_route=\/wp\/v2\/posts\/5169\/revisions\/5275"}],"wp:attachment":[{"href":"https:\/\/pfadfinder-kuppenheim.de\/index.php?rest_route=%2Fwp%2Fv2%2Fmedia&parent=5169"}],"wp:term":[{"taxonomy":"category","embeddable":true,"href":"https:\/\/pfadfinder-kuppenheim.de\/index.php?rest_route=%2Fwp%2Fv2%2Fcategories&post=5169"},{"taxonomy":"post_tag","embeddable":true,"href":"https:\/\/pfadfinder-kuppenheim.de\/index.php?rest_route=%2Fwp%2Fv2%2Ftags&post=5169"}],"curies":[{"name":"wp","href":"https:\/\/api.w.org\/{rel}","templated":true}]}}