{"id":5165,"date":"2018-08-07T07:54:50","date_gmt":"2018-08-07T05:54:50","guid":{"rendered":"http:\/\/blog.pfadfinder-kuppenheim.de\/?p=5165"},"modified":"2018-08-09T09:47:31","modified_gmt":"2018-08-09T07:47:31","slug":"tag-78-3-4-august-sola-2018-hajkbericht-sippe-frettchen","status":"publish","type":"post","link":"https:\/\/pfadfinder-kuppenheim.de\/?p=5165","title":{"rendered":"Tag 8+9 &#8211; 4.\/5.August &#8211; Sola 2018 (Hajkbericht Sippe Frettchen)"},"content":{"rendered":"<p>Zu beginn des Hajkes wurden wir den Hajkleitern zuglost. Wir haben Sofian und seine Route gezogen. Anschlie\u00dfend haben den Zettel bekommen und den haben wir uns durchgelesen. Als wir ihn durchgelesen hatten sind wir mit Sofian losgelaufen. Wir sind einen langen Weg der nach unten Richtung Cochem ging gelaufen, auch Sofian ist mit uns den falschen Weg gelaufen. Als wir unten ankamen hat sich aber herausgestellt das es der Falsche Weg gewesen war und wir mussten den ganzen Berg wieder hochlaufen. Oben kamen wir dann an einem Aussichtspunkt vorbei wo wir dann eine Mittags Vesperpause gemacht haben und die Aussicht genossen haben. Au\u00dferdem trafen wir an unserem Vesperpunkt eine Gruppe \u00e4ltere M\u00e4nner die sich Wanderv\u00f6gel nannten und ebenfalls eine Wanderung machten. Im Anschluss \u00f6ffneten wir den 2. Umschlag. Am Moselschleifenblick hatten wir eine sehr sch\u00f6ne Aussicht und hier haben wir erst angefangen den Bericht zu schreiben da wir schon sehr im Zeitverzug waren. Aufeinmal hat auf der anderen Moselseite eine Person gewunken und wir haben ihm zur\u00fcck gewunken. Es hat sich herausgestellt das es Stambo war der uns entgegen gelaufen ist. Ein weitere Aufgabe war wir wir sollten ein Foto vor einem Bach machen der in die Mosel l\u00e4uft, der aber ausgetrocknet war. Stattdesen haben wir dann das Bild mit unserem Besucher gemacht. Nachdem wir Stambos Trinken ebenfalls leer getrunken hatten, da wir selber schon lange nichts mehr zu trinken hatte, mussten wir als n\u00e4chste Aufgabe mit einer F\u00e4hre die Mosel \u00fcberqueren. Der F\u00e4hrenmann war sehr net, er hat usns 5 Flaschen Wasser geschenkt und uns Kostenlos mit ihr fahren lassen. Auf der anderen Seite haben wir eine Pause gemacht bevor wir dann 7,5 Km in den n\u00e4chsten Ort laufen mussten. Dieser Ort hie\u00df Treis-Karden und wir konnten alle nicht mehr. Dort angekommen sind wir einkaufen gegangen. Der ganze Einkaufswagen war voll und dann gab es noch ein Eis. Dann haben wir uns eine Schlafst\u00e4tte gesucht und haben nach langem laufen an einer Ferienwohnung gefragt ob wir dort \u00fcbernachten d\u00fcrften. Da sie aber nicht so viel Platz hatten, hat es f\u00fcr uns nichts gereicht. Die Leute haben uns aber stattdessen an das Moselufer gefahren damit wir dort auf einer Obstwiese \u00fcbernachten konnten. Dort war es mit einer selbstgebauten Schutzh\u00fctte sehr toll. Sofian hat gekocht w\u00e4hrend wir uns es gem\u00fctlich gemacht hatten und uns eingerichtet haben. Danach haben wir gegessen und sind tot M\u00fcde in die Schlafs\u00e4cke gefallen. Morgens hat uns Sofian geweckt, wir haben alles zusammenger\u00e4umt und haben gefr\u00fchst\u00fcckt. Im Anschlu\u00df sollten wir zur wei\u00dfen Kirche laufen in Treis-Karden aber am Bahnhof gab uns Sofian schon den n\u00e4chsten Umschlag. Auf dem Zettel stand, dass wir mit der Bahn nach Klotten fahren sollen. Das haben wir dann auch gemacht. In Klotten angekommen, sind wir mit 2 pausen zum Lagerplatz gelaufen. Oben angekommen haben wir unsere S\u00fc\u00dfigkeiten gegessen und getrunken.<\/p>\n<p>Uner Motivationsspruch war;<\/p>\n<p>1,2,3 und 4 wir Frettchen sind jetzt hier. 5,6,7,8 wir Frettchen habens bald geschafft<\/p>\n<p>Jupfireporterin Joelle R\u00f6ssner und Annika Graf<\/p>\n","protected":false},"excerpt":{"rendered":"<p>Zu beginn des Hajkes wurden wir den Hajkleitern zuglost. Wir haben Sofian und seine Route gezogen. Anschlie\u00dfend haben den Zettel bekommen und den haben wir uns durchgelesen. Als wir ihn durchgelesen hatten sind wir mit Sofian losgelaufen. Wir sind einen langen Weg der nach unten Richtung Cochem ging gelaufen, auch Sofian ist mit uns den&hellip;&nbsp;<a href=\"https:\/\/pfadfinder-kuppenheim.de\/?p=5165\" class=\"\" rel=\"bookmark\">Weiterlesen &raquo;<span class=\"screen-reader-text\">Tag 8+9 &#8211; 4.\/5.August &#8211; Sola 2018 (Hajkbericht Sippe Frettchen)<\/span><\/a><\/p>\n","protected":false},"author":5,"featured_media":0,"comment_status":"open","ping_status":"closed","sticky":false,"template":"","format":"standard","meta":{"neve_meta_sidebar":"","neve_meta_container":"","neve_meta_enable_content_width":"","neve_meta_content_width":0,"neve_meta_title_alignment":"","neve_meta_author_avatar":"","neve_post_elements_order":"","neve_meta_disable_header":"","neve_meta_disable_footer":"","neve_meta_disable_title":"","jetpack_post_was_ever_published":false,"_jetpack_newsletter_access":"","_jetpack_dont_email_post_to_subs":false,"_jetpack_newsletter_tier_id":0,"_jetpack_memberships_contains_paywalled_content":false,"_jetpack_memberships_contains_paid_content":false,"footnotes":"","jetpack_publicize_message":"","jetpack_publicize_feature_enabled":true,"jetpack_social_post_already_shared":true,"jetpack_social_options":{"image_generator_settings":{"template":"highway","default_image_id":0,"font":"","enabled":false},"version":2}},"categories":[12],"tags":[],"class_list":["post-5165","post","type-post","status-publish","format-standard","hentry","category-jupfis_sola_tagebuch"],"jetpack_publicize_connections":[],"jetpack_featured_media_url":"","jetpack_sharing_enabled":true,"jetpack_shortlink":"https:\/\/wp.me\/p3G0PZ-1lj","_links":{"self":[{"href":"https:\/\/pfadfinder-kuppenheim.de\/index.php?rest_route=\/wp\/v2\/posts\/5165","targetHints":{"allow":["GET"]}}],"collection":[{"href":"https:\/\/pfadfinder-kuppenheim.de\/index.php?rest_route=\/wp\/v2\/posts"}],"about":[{"href":"https:\/\/pfadfinder-kuppenheim.de\/index.php?rest_route=\/wp\/v2\/types\/post"}],"author":[{"embeddable":true,"href":"https:\/\/pfadfinder-kuppenheim.de\/index.php?rest_route=\/wp\/v2\/users\/5"}],"replies":[{"embeddable":true,"href":"https:\/\/pfadfinder-kuppenheim.de\/index.php?rest_route=%2Fwp%2Fv2%2Fcomments&post=5165"}],"version-history":[{"count":4,"href":"https:\/\/pfadfinder-kuppenheim.de\/index.php?rest_route=\/wp\/v2\/posts\/5165\/revisions"}],"predecessor-version":[{"id":5277,"href":"https:\/\/pfadfinder-kuppenheim.de\/index.php?rest_route=\/wp\/v2\/posts\/5165\/revisions\/5277"}],"wp:attachment":[{"href":"https:\/\/pfadfinder-kuppenheim.de\/index.php?rest_route=%2Fwp%2Fv2%2Fmedia&parent=5165"}],"wp:term":[{"taxonomy":"category","embeddable":true,"href":"https:\/\/pfadfinder-kuppenheim.de\/index.php?rest_route=%2Fwp%2Fv2%2Fcategories&post=5165"},{"taxonomy":"post_tag","embeddable":true,"href":"https:\/\/pfadfinder-kuppenheim.de\/index.php?rest_route=%2Fwp%2Fv2%2Ftags&post=5165"}],"curies":[{"name":"wp","href":"https:\/\/api.w.org\/{rel}","templated":true}]}}