{"id":5070,"date":"2018-08-05T23:01:01","date_gmt":"2018-08-05T21:01:01","guid":{"rendered":"http:\/\/blog.pfadfinder-kuppenheim.de\/?p=5070"},"modified":"2026-03-21T00:22:04","modified_gmt":"2026-03-20T23:22:04","slug":"sonntag-05-08-2018-internationaler-tag","status":"publish","type":"post","link":"https:\/\/pfadfinder-kuppenheim.de\/?p=5070","title":{"rendered":"Sonntag 05.08.2018 &#8211; Internationaler Tag"},"content":{"rendered":"<p>Heute wurden wir um 8 Uhr geweckt. Nachdem wir ein leckeres Cornflakes-Fr\u00fchst\u00fcck zu uns genommen hatten, machten wir uns auf den Weg zu dem \u201eFlag Break\u201c auf dem Zeltplatz. Dort lernten wir viele Pfadfinder aus aller Welt kennen, mit denen wir den Vormittag verbrachten. Wir spielten verschiedene Spiele, wie z.B. das Drachen-Prinzessinnen-Spiel oder das Evolutionsspiel. Anschlie\u00dfend verabschiedeten wir uns von Carolina, die uns f\u00fcr ein Jahr verl\u00e4sst. Mit dem Vesper st\u00e4rkten wir uns f\u00fcr den \u201eInternationalen Sports Afternoon\u201c.<br \/>\nAn dem Sportnachmittag fanden viele Spiele statt unter anderem Fu\u00dfball, Volleyball und Frisbee. Als der Programmpunkt fertig war spielten einige noch Volleyball und die anderen hatten Freizeit bis zum Abendessen. Am fr\u00fchen Abend bekamen wir noch Besuch von Christina. Jonas, Silas und Raphael kochten f\u00fcr uns das leckere Abendessen. Es gab R\u00f6sti mit Spiegelei. Nach dem Abendessen tauschten viele ihre Halst\u00fccher oder Abzeichen, spielten UNO oder andere Kartenspiele. Danach ging der eine fr\u00fcher oder sp\u00e4ter ins Zelt. Somit verging auch ein weiterer sch\u00f6ner Tag unseres Sommerlagers in Kandersteg.<\/p>\n<p>Anastasia Utz<\/p>\n<p>&nbsp;<\/p>\n<figure id=\"attachment_5071\" aria-describedby=\"caption-attachment-5071\" style=\"width: 300px\" class=\"wp-caption alignnone\"><img data-recalc-dims=\"1\" loading=\"lazy\" decoding=\"async\" class=\"size-medium wp-image-5071\" src=\"https:\/\/i0.wp.com\/blog.pfadfinder-kuppenheim.de\/wp-content\/uploads\/2018\/08\/DSCN0712-300x225.jpg?resize=300%2C225\" alt=\"\" width=\"300\" height=\"225\" srcset=\"https:\/\/i0.wp.com\/pfadfinder-kuppenheim.de\/wp-content\/uploads\/2018\/08\/DSCN0712.jpg?resize=300%2C225&amp;ssl=1 300w, https:\/\/i0.wp.com\/pfadfinder-kuppenheim.de\/wp-content\/uploads\/2018\/08\/DSCN0712.jpg?resize=768%2C576&amp;ssl=1 768w, https:\/\/i0.wp.com\/pfadfinder-kuppenheim.de\/wp-content\/uploads\/2018\/08\/DSCN0712.jpg?resize=1024%2C768&amp;ssl=1 1024w, https:\/\/i0.wp.com\/pfadfinder-kuppenheim.de\/wp-content\/uploads\/2018\/08\/DSCN0712.jpg?resize=750%2C563&amp;ssl=1 750w, https:\/\/i0.wp.com\/pfadfinder-kuppenheim.de\/wp-content\/uploads\/2018\/08\/DSCN0712.jpg?w=2400&amp;ssl=1 2400w, https:\/\/i0.wp.com\/pfadfinder-kuppenheim.de\/wp-content\/uploads\/2018\/08\/DSCN0712.jpg?w=3600&amp;ssl=1 3600w\" sizes=\"auto, (max-width: 300px) 100vw, 300px\" \/><figcaption id=\"caption-attachment-5071\" class=\"wp-caption-text\">Am Morgen fand eine Vorstellungsrunde mit allen Teilnehmern auf dem Platz statt.<\/figcaption><\/figure>\n<figure id=\"attachment_5072\" aria-describedby=\"caption-attachment-5072\" style=\"width: 300px\" class=\"wp-caption alignnone\"><img data-recalc-dims=\"1\" loading=\"lazy\" decoding=\"async\" class=\"size-medium wp-image-5072\" src=\"https:\/\/i0.wp.com\/blog.pfadfinder-kuppenheim.de\/wp-content\/uploads\/2018\/08\/DSCN0718-300x225.jpg?resize=300%2C225\" alt=\"\" width=\"300\" height=\"225\" srcset=\"https:\/\/i0.wp.com\/pfadfinder-kuppenheim.de\/wp-content\/uploads\/2018\/08\/DSCN0718.jpg?resize=300%2C225&amp;ssl=1 300w, https:\/\/i0.wp.com\/pfadfinder-kuppenheim.de\/wp-content\/uploads\/2018\/08\/DSCN0718.jpg?resize=768%2C576&amp;ssl=1 768w, https:\/\/i0.wp.com\/pfadfinder-kuppenheim.de\/wp-content\/uploads\/2018\/08\/DSCN0718.jpg?resize=1024%2C768&amp;ssl=1 1024w, https:\/\/i0.wp.com\/pfadfinder-kuppenheim.de\/wp-content\/uploads\/2018\/08\/DSCN0718.jpg?resize=750%2C563&amp;ssl=1 750w, https:\/\/i0.wp.com\/pfadfinder-kuppenheim.de\/wp-content\/uploads\/2018\/08\/DSCN0718.jpg?w=2400&amp;ssl=1 2400w, https:\/\/i0.wp.com\/pfadfinder-kuppenheim.de\/wp-content\/uploads\/2018\/08\/DSCN0718.jpg?w=3600&amp;ssl=1 3600w\" sizes=\"auto, (max-width: 300px) 100vw, 300px\" \/><figcaption id=\"caption-attachment-5072\" class=\"wp-caption-text\">Es gab einige Kennenlernspiele und auch den internationalen Sportnachmittag.<\/figcaption><\/figure>\n<figure id=\"attachment_5073\" aria-describedby=\"caption-attachment-5073\" style=\"width: 300px\" class=\"wp-caption alignnone\"><img data-recalc-dims=\"1\" loading=\"lazy\" decoding=\"async\" class=\"size-medium wp-image-5073\" src=\"https:\/\/i0.wp.com\/blog.pfadfinder-kuppenheim.de\/wp-content\/uploads\/2018\/08\/DSCN0732-300x225.jpg?resize=300%2C225\" alt=\"\" width=\"300\" height=\"225\" srcset=\"https:\/\/i0.wp.com\/pfadfinder-kuppenheim.de\/wp-content\/uploads\/2018\/08\/DSCN0732.jpg?resize=300%2C225&amp;ssl=1 300w, https:\/\/i0.wp.com\/pfadfinder-kuppenheim.de\/wp-content\/uploads\/2018\/08\/DSCN0732.jpg?resize=768%2C576&amp;ssl=1 768w, https:\/\/i0.wp.com\/pfadfinder-kuppenheim.de\/wp-content\/uploads\/2018\/08\/DSCN0732.jpg?resize=1024%2C768&amp;ssl=1 1024w, https:\/\/i0.wp.com\/pfadfinder-kuppenheim.de\/wp-content\/uploads\/2018\/08\/DSCN0732.jpg?resize=750%2C563&amp;ssl=1 750w, https:\/\/i0.wp.com\/pfadfinder-kuppenheim.de\/wp-content\/uploads\/2018\/08\/DSCN0732.jpg?w=2400&amp;ssl=1 2400w, https:\/\/i0.wp.com\/pfadfinder-kuppenheim.de\/wp-content\/uploads\/2018\/08\/DSCN0732.jpg?w=3600&amp;ssl=1 3600w\" sizes=\"auto, (max-width: 300px) 100vw, 300px\" \/><figcaption id=\"caption-attachment-5073\" class=\"wp-caption-text\">Die Gruppe verabschiedet sich von Carolina. Ein gemeinsames Foto als Erinnerung an die sch\u00f6ne Zeit.<\/figcaption><\/figure>\n<figure id=\"attachment_5074\" aria-describedby=\"caption-attachment-5074\" style=\"width: 300px\" class=\"wp-caption alignnone\"><img data-recalc-dims=\"1\" loading=\"lazy\" decoding=\"async\" class=\"size-medium wp-image-5074\" src=\"https:\/\/i0.wp.com\/blog.pfadfinder-kuppenheim.de\/wp-content\/uploads\/2018\/08\/DSCN0739-300x225.jpg?resize=300%2C225\" alt=\"\" width=\"300\" height=\"225\" srcset=\"https:\/\/i0.wp.com\/pfadfinder-kuppenheim.de\/wp-content\/uploads\/2018\/08\/DSCN0739.jpg?resize=300%2C225&amp;ssl=1 300w, https:\/\/i0.wp.com\/pfadfinder-kuppenheim.de\/wp-content\/uploads\/2018\/08\/DSCN0739.jpg?resize=768%2C576&amp;ssl=1 768w, https:\/\/i0.wp.com\/pfadfinder-kuppenheim.de\/wp-content\/uploads\/2018\/08\/DSCN0739.jpg?resize=1024%2C768&amp;ssl=1 1024w, https:\/\/i0.wp.com\/pfadfinder-kuppenheim.de\/wp-content\/uploads\/2018\/08\/DSCN0739.jpg?resize=750%2C563&amp;ssl=1 750w, https:\/\/i0.wp.com\/pfadfinder-kuppenheim.de\/wp-content\/uploads\/2018\/08\/DSCN0739.jpg?w=2400&amp;ssl=1 2400w, https:\/\/i0.wp.com\/pfadfinder-kuppenheim.de\/wp-content\/uploads\/2018\/08\/DSCN0739.jpg?w=3600&amp;ssl=1 3600w\" sizes=\"auto, (max-width: 300px) 100vw, 300px\" \/><figcaption id=\"caption-attachment-5074\" class=\"wp-caption-text\">Der internationale Abend in der D\u00e4mmerung \ud83d\ude42<\/figcaption><\/figure>\n","protected":false},"excerpt":{"rendered":"<p>Heute wurden wir um 8 Uhr geweckt. Nachdem wir ein leckeres Cornflakes-Fr\u00fchst\u00fcck zu uns genommen hatten, machten wir uns auf den Weg zu dem \u201eFlag Break\u201c auf dem Zeltplatz. Dort lernten wir viele Pfadfinder aus aller Welt kennen, mit denen wir den Vormittag verbrachten. Wir spielten verschiedene Spiele, wie z.B. das Drachen-Prinzessinnen-Spiel oder das Evolutionsspiel.&hellip;&nbsp;<a href=\"https:\/\/pfadfinder-kuppenheim.de\/?p=5070\" class=\"\" rel=\"bookmark\">Weiterlesen &raquo;<span class=\"screen-reader-text\">Sonntag 05.08.2018 &#8211; Internationaler Tag<\/span><\/a><\/p>\n","protected":false},"author":12,"featured_media":0,"comment_status":"open","ping_status":"closed","sticky":false,"template":"","format":"standard","meta":{"neve_meta_sidebar":"","neve_meta_container":"","neve_meta_enable_content_width":"","neve_meta_content_width":0,"neve_meta_title_alignment":"","neve_meta_author_avatar":"","neve_post_elements_order":"","neve_meta_disable_header":"","neve_meta_disable_footer":"","neve_meta_disable_title":"","jetpack_post_was_ever_published":false,"_jetpack_newsletter_access":"","_jetpack_dont_email_post_to_subs":false,"_jetpack_newsletter_tier_id":0,"_jetpack_memberships_contains_paywalled_content":false,"_jetpack_memberships_contains_paid_content":false,"footnotes":"","jetpack_publicize_message":"","jetpack_publicize_feature_enabled":true,"jetpack_social_post_already_shared":true,"jetpack_social_options":{"image_generator_settings":{"template":"highway","default_image_id":0,"font":"","enabled":false},"version":2}},"categories":[271,6,23],"tags":[83],"class_list":["post-5070","post","type-post","status-publish","format-standard","hentry","category-2018-kandersteg","category-pfadis","category-pfadis_sola_tagebuch","tag-kandersteg"],"jetpack_publicize_connections":[],"jetpack_featured_media_url":"","jetpack_sharing_enabled":true,"jetpack_shortlink":"https:\/\/wp.me\/p3G0PZ-1jM","_links":{"self":[{"href":"https:\/\/pfadfinder-kuppenheim.de\/index.php?rest_route=\/wp\/v2\/posts\/5070","targetHints":{"allow":["GET"]}}],"collection":[{"href":"https:\/\/pfadfinder-kuppenheim.de\/index.php?rest_route=\/wp\/v2\/posts"}],"about":[{"href":"https:\/\/pfadfinder-kuppenheim.de\/index.php?rest_route=\/wp\/v2\/types\/post"}],"author":[{"embeddable":true,"href":"https:\/\/pfadfinder-kuppenheim.de\/index.php?rest_route=\/wp\/v2\/users\/12"}],"replies":[{"embeddable":true,"href":"https:\/\/pfadfinder-kuppenheim.de\/index.php?rest_route=%2Fwp%2Fv2%2Fcomments&post=5070"}],"version-history":[{"count":4,"href":"https:\/\/pfadfinder-kuppenheim.de\/index.php?rest_route=\/wp\/v2\/posts\/5070\/revisions"}],"predecessor-version":[{"id":9040,"href":"https:\/\/pfadfinder-kuppenheim.de\/index.php?rest_route=\/wp\/v2\/posts\/5070\/revisions\/9040"}],"wp:attachment":[{"href":"https:\/\/pfadfinder-kuppenheim.de\/index.php?rest_route=%2Fwp%2Fv2%2Fmedia&parent=5070"}],"wp:term":[{"taxonomy":"category","embeddable":true,"href":"https:\/\/pfadfinder-kuppenheim.de\/index.php?rest_route=%2Fwp%2Fv2%2Fcategories&post=5070"},{"taxonomy":"post_tag","embeddable":true,"href":"https:\/\/pfadfinder-kuppenheim.de\/index.php?rest_route=%2Fwp%2Fv2%2Ftags&post=5070"}],"curies":[{"name":"wp","href":"https:\/\/api.w.org\/{rel}","templated":true}]}}