{"id":5044,"date":"2018-08-05T22:48:51","date_gmt":"2018-08-05T20:48:51","guid":{"rendered":"http:\/\/blog.pfadfinder-kuppenheim.de\/?p=5044"},"modified":"2026-03-21T00:22:04","modified_gmt":"2026-03-20T23:22:04","slug":"samstag-04-08-2018-jegertosse","status":"publish","type":"post","link":"https:\/\/pfadfinder-kuppenheim.de\/?p=5044","title":{"rendered":"Samstag 04.08.2018 &#8211; Jegertosse"},"content":{"rendered":"<p>Heute wurden wir um 07:30 Uhr geweckt. Nach einem Cornflakes-Fr\u00fchst\u00fcck machten wir uns auf den Weg zur Jegertosse. Der Weg war steinig, zum Teil steil und schwer, aber dank einiger Singeinlagen und Lagerrufen hielten wir tapfer durch. Kurz vor dem Ziel st\u00e4rkten wir uns mit M\u00fcsliriegeln und Obst f\u00fcr den Endspurt. Der Weg hat sich gelohnt: auf 2155 Metern a\u00dfen wir mit einer fantastischen Aussicht zu Mittag. Es war zwar ein bisschen windig, aber die Sonne schien und es ergab sich ein wundersch\u00f6nes Naturbild. Nachdem wir noch ein wenig auf der Wiese lagen, traten wir den Heimweg an. M\u00fcde von der langen Wanderung aber trotzdem gut gelaunt, erreichten wir den Zeltplatz. Dort erwarteten uns Paula, Saskia und Burgi schon mit Essen. Nach der St\u00e4rkung hatten wir noch etwas Freizeit, bis es dann zum feierlichen Teil, dem Versprechen, \u00fcberging. In kurzen Hosen und Kluft liefen wir, mit unseren selbst gebastelten Fackeln im Gep\u00e4ck, zu einem Gletscherbach, wo Emma und Carolina ihr Versprechen mit einem kreativen Text ablegten. Danach gingen wir wieder zur\u00fcck zum Lagerplatz, wo wir am Lagerfeuer Popcorn machten und Sterne beobachteten. Einige sichteten sogar ein paar Sternschnuppen. P\u00fcnktlich um 0 Uhr gratulierten wir unserem Geburtstagskind Max zum 16. Geburtstag. Wenige Zeit sp\u00e4ter lagen wir nach diesem anstrengenden Tag in den Zelten und schliefen bald ein.<\/p>\n<p>Anastasia Utz &amp; Tessa Gan\u00dfert<\/p>\n<figure id=\"attachment_5045\" aria-describedby=\"caption-attachment-5045\" style=\"width: 300px\" class=\"wp-caption alignnone\"><img data-recalc-dims=\"1\" loading=\"lazy\" decoding=\"async\" src=\"https:\/\/i0.wp.com\/blog.pfadfinder-kuppenheim.de\/wp-content\/uploads\/2018\/08\/DSCN0561-300x225.jpg?resize=300%2C225\" class=\"size-medium wp-image-5045\" width=\"300\" height=\"225\" alt=\"\" srcset=\"https:\/\/i0.wp.com\/pfadfinder-kuppenheim.de\/wp-content\/uploads\/2018\/08\/DSCN0561.jpg?resize=300%2C225&amp;ssl=1 300w, https:\/\/i0.wp.com\/pfadfinder-kuppenheim.de\/wp-content\/uploads\/2018\/08\/DSCN0561.jpg?resize=768%2C576&amp;ssl=1 768w, https:\/\/i0.wp.com\/pfadfinder-kuppenheim.de\/wp-content\/uploads\/2018\/08\/DSCN0561.jpg?resize=1024%2C768&amp;ssl=1 1024w, https:\/\/i0.wp.com\/pfadfinder-kuppenheim.de\/wp-content\/uploads\/2018\/08\/DSCN0561.jpg?resize=750%2C563&amp;ssl=1 750w, https:\/\/i0.wp.com\/pfadfinder-kuppenheim.de\/wp-content\/uploads\/2018\/08\/DSCN0561.jpg?w=2400&amp;ssl=1 2400w, https:\/\/i0.wp.com\/pfadfinder-kuppenheim.de\/wp-content\/uploads\/2018\/08\/DSCN0561.jpg?w=3600&amp;ssl=1 3600w\" sizes=\"auto, (max-width: 300px) 100vw, 300px\" \/><figcaption id=\"caption-attachment-5045\" class=\"wp-caption-text\">Das heutige Tagesziel ist die Jegertosse (2155 Meter \u00fcber NN)<\/figcaption><\/figure>\n<figure id=\"attachment_5046\" aria-describedby=\"caption-attachment-5046\" style=\"width: 225px\" class=\"wp-caption alignnone\"><img data-recalc-dims=\"1\" loading=\"lazy\" decoding=\"async\" src=\"https:\/\/i0.wp.com\/blog.pfadfinder-kuppenheim.de\/wp-content\/uploads\/2018\/08\/DSCN0563-e1533501638965-225x300.jpg?resize=225%2C300\" class=\"size-medium wp-image-5046\" width=\"225\" height=\"300\" alt=\"\" srcset=\"https:\/\/i0.wp.com\/pfadfinder-kuppenheim.de\/wp-content\/uploads\/2018\/08\/DSCN0563-e1533501638965.jpg?resize=225%2C300&amp;ssl=1 225w, https:\/\/i0.wp.com\/pfadfinder-kuppenheim.de\/wp-content\/uploads\/2018\/08\/DSCN0563-e1533501638965.jpg?resize=768%2C1024&amp;ssl=1 768w, https:\/\/i0.wp.com\/pfadfinder-kuppenheim.de\/wp-content\/uploads\/2018\/08\/DSCN0563-e1533501638965.jpg?resize=750%2C1000&amp;ssl=1 750w, https:\/\/i0.wp.com\/pfadfinder-kuppenheim.de\/wp-content\/uploads\/2018\/08\/DSCN0563-e1533501638965.jpg?w=2400&amp;ssl=1 2400w\" sizes=\"auto, (max-width: 225px) 100vw, 225px\" \/><figcaption id=\"caption-attachment-5046\" class=\"wp-caption-text\">Das Wandern ist des M\u00e4xchens Lust \ud83d\ude42<\/figcaption><\/figure>\n<figure id=\"attachment_5047\" aria-describedby=\"caption-attachment-5047\" style=\"width: 300px\" class=\"wp-caption alignnone\"><img data-recalc-dims=\"1\" loading=\"lazy\" decoding=\"async\" src=\"https:\/\/i0.wp.com\/blog.pfadfinder-kuppenheim.de\/wp-content\/uploads\/2018\/08\/DSCN0568-300x225.jpg?resize=300%2C225\" class=\"size-medium wp-image-5047\" width=\"300\" height=\"225\" alt=\"\" srcset=\"https:\/\/i0.wp.com\/pfadfinder-kuppenheim.de\/wp-content\/uploads\/2018\/08\/DSCN0568.jpg?resize=300%2C225&amp;ssl=1 300w, https:\/\/i0.wp.com\/pfadfinder-kuppenheim.de\/wp-content\/uploads\/2018\/08\/DSCN0568.jpg?resize=768%2C576&amp;ssl=1 768w, https:\/\/i0.wp.com\/pfadfinder-kuppenheim.de\/wp-content\/uploads\/2018\/08\/DSCN0568.jpg?resize=1024%2C768&amp;ssl=1 1024w, https:\/\/i0.wp.com\/pfadfinder-kuppenheim.de\/wp-content\/uploads\/2018\/08\/DSCN0568.jpg?resize=750%2C563&amp;ssl=1 750w, https:\/\/i0.wp.com\/pfadfinder-kuppenheim.de\/wp-content\/uploads\/2018\/08\/DSCN0568.jpg?w=2400&amp;ssl=1 2400w, https:\/\/i0.wp.com\/pfadfinder-kuppenheim.de\/wp-content\/uploads\/2018\/08\/DSCN0568.jpg?w=3600&amp;ssl=1 3600w\" sizes=\"auto, (max-width: 300px) 100vw, 300px\" \/><figcaption id=\"caption-attachment-5047\" class=\"wp-caption-text\">Der Aufstieg ist steil.<\/figcaption><\/figure>\n<figure id=\"attachment_5048\" aria-describedby=\"caption-attachment-5048\" style=\"width: 300px\" class=\"wp-caption alignnone\"><img data-recalc-dims=\"1\" loading=\"lazy\" decoding=\"async\" src=\"https:\/\/i0.wp.com\/blog.pfadfinder-kuppenheim.de\/wp-content\/uploads\/2018\/08\/DSCN0582-300x225.jpg?resize=300%2C225\" class=\"size-medium wp-image-5048\" width=\"300\" height=\"225\" alt=\"\" srcset=\"https:\/\/i0.wp.com\/pfadfinder-kuppenheim.de\/wp-content\/uploads\/2018\/08\/DSCN0582.jpg?resize=300%2C225&amp;ssl=1 300w, https:\/\/i0.wp.com\/pfadfinder-kuppenheim.de\/wp-content\/uploads\/2018\/08\/DSCN0582.jpg?resize=768%2C576&amp;ssl=1 768w, https:\/\/i0.wp.com\/pfadfinder-kuppenheim.de\/wp-content\/uploads\/2018\/08\/DSCN0582.jpg?resize=1024%2C768&amp;ssl=1 1024w, https:\/\/i0.wp.com\/pfadfinder-kuppenheim.de\/wp-content\/uploads\/2018\/08\/DSCN0582.jpg?resize=750%2C563&amp;ssl=1 750w, https:\/\/i0.wp.com\/pfadfinder-kuppenheim.de\/wp-content\/uploads\/2018\/08\/DSCN0582.jpg?w=2400&amp;ssl=1 2400w, https:\/\/i0.wp.com\/pfadfinder-kuppenheim.de\/wp-content\/uploads\/2018\/08\/DSCN0582.jpg?w=3600&amp;ssl=1 3600w\" sizes=\"auto, (max-width: 300px) 100vw, 300px\" \/><figcaption id=\"caption-attachment-5048\" class=\"wp-caption-text\">Kurze Zwischenpause bei 2094 m.<\/figcaption><\/figure>\n<figure id=\"attachment_5049\" aria-describedby=\"caption-attachment-5049\" style=\"width: 300px\" class=\"wp-caption alignnone\"><img data-recalc-dims=\"1\" loading=\"lazy\" decoding=\"async\" src=\"https:\/\/i0.wp.com\/blog.pfadfinder-kuppenheim.de\/wp-content\/uploads\/2018\/08\/DSCN0589-300x225.jpg?resize=300%2C225\" class=\"size-medium wp-image-5049\" width=\"300\" height=\"225\" alt=\"\" srcset=\"https:\/\/i0.wp.com\/pfadfinder-kuppenheim.de\/wp-content\/uploads\/2018\/08\/DSCN0589.jpg?resize=300%2C225&amp;ssl=1 300w, https:\/\/i0.wp.com\/pfadfinder-kuppenheim.de\/wp-content\/uploads\/2018\/08\/DSCN0589.jpg?resize=768%2C576&amp;ssl=1 768w, https:\/\/i0.wp.com\/pfadfinder-kuppenheim.de\/wp-content\/uploads\/2018\/08\/DSCN0589.jpg?resize=1024%2C768&amp;ssl=1 1024w, https:\/\/i0.wp.com\/pfadfinder-kuppenheim.de\/wp-content\/uploads\/2018\/08\/DSCN0589.jpg?resize=750%2C563&amp;ssl=1 750w, https:\/\/i0.wp.com\/pfadfinder-kuppenheim.de\/wp-content\/uploads\/2018\/08\/DSCN0589.jpg?w=2400&amp;ssl=1 2400w, https:\/\/i0.wp.com\/pfadfinder-kuppenheim.de\/wp-content\/uploads\/2018\/08\/DSCN0589.jpg?w=3600&amp;ssl=1 3600w\" sizes=\"auto, (max-width: 300px) 100vw, 300px\" \/><figcaption id=\"caption-attachment-5049\" class=\"wp-caption-text\">\u00dcber der Baumgrenze erinnert die Landschaft an die Serie Heidi. Wer kennt sie noch? ^^<\/figcaption><\/figure>\n<p><img data-recalc-dims=\"1\" loading=\"lazy\" decoding=\"async\" src=\"https:\/\/i0.wp.com\/blog.pfadfinder-kuppenheim.de\/wp-content\/uploads\/2018\/08\/DSCN0590-300x225.jpg?resize=300%2C225\" class=\"alignnone size-medium wp-image-5051\" width=\"300\" height=\"225\" alt=\"\" srcset=\"https:\/\/i0.wp.com\/pfadfinder-kuppenheim.de\/wp-content\/uploads\/2018\/08\/DSCN0590.jpg?resize=300%2C225&amp;ssl=1 300w, https:\/\/i0.wp.com\/pfadfinder-kuppenheim.de\/wp-content\/uploads\/2018\/08\/DSCN0590.jpg?resize=768%2C576&amp;ssl=1 768w, https:\/\/i0.wp.com\/pfadfinder-kuppenheim.de\/wp-content\/uploads\/2018\/08\/DSCN0590.jpg?resize=1024%2C768&amp;ssl=1 1024w, https:\/\/i0.wp.com\/pfadfinder-kuppenheim.de\/wp-content\/uploads\/2018\/08\/DSCN0590.jpg?resize=750%2C563&amp;ssl=1 750w, https:\/\/i0.wp.com\/pfadfinder-kuppenheim.de\/wp-content\/uploads\/2018\/08\/DSCN0590.jpg?w=2400&amp;ssl=1 2400w, https:\/\/i0.wp.com\/pfadfinder-kuppenheim.de\/wp-content\/uploads\/2018\/08\/DSCN0590.jpg?w=3600&amp;ssl=1 3600w\" sizes=\"auto, (max-width: 300px) 100vw, 300px\" \/><\/p>\n<figure id=\"attachment_5053\" aria-describedby=\"caption-attachment-5053\" style=\"width: 300px\" class=\"wp-caption alignnone\"><img data-recalc-dims=\"1\" loading=\"lazy\" decoding=\"async\" src=\"https:\/\/i0.wp.com\/blog.pfadfinder-kuppenheim.de\/wp-content\/uploads\/2018\/08\/DSCN0598-300x225.jpg?resize=300%2C225\" class=\"size-medium wp-image-5053\" width=\"300\" height=\"225\" alt=\"\" srcset=\"https:\/\/i0.wp.com\/pfadfinder-kuppenheim.de\/wp-content\/uploads\/2018\/08\/DSCN0598.jpg?resize=300%2C225&amp;ssl=1 300w, https:\/\/i0.wp.com\/pfadfinder-kuppenheim.de\/wp-content\/uploads\/2018\/08\/DSCN0598.jpg?resize=768%2C576&amp;ssl=1 768w, https:\/\/i0.wp.com\/pfadfinder-kuppenheim.de\/wp-content\/uploads\/2018\/08\/DSCN0598.jpg?resize=1024%2C768&amp;ssl=1 1024w, https:\/\/i0.wp.com\/pfadfinder-kuppenheim.de\/wp-content\/uploads\/2018\/08\/DSCN0598.jpg?resize=750%2C563&amp;ssl=1 750w, https:\/\/i0.wp.com\/pfadfinder-kuppenheim.de\/wp-content\/uploads\/2018\/08\/DSCN0598.jpg?w=2400&amp;ssl=1 2400w, https:\/\/i0.wp.com\/pfadfinder-kuppenheim.de\/wp-content\/uploads\/2018\/08\/DSCN0598.jpg?w=3600&amp;ssl=1 3600w\" sizes=\"auto, (max-width: 300px) 100vw, 300px\" \/><figcaption id=\"caption-attachment-5053\" class=\"wp-caption-text\">Die Pfadis auf der Jegertosse, am Ziel angekommen.<\/figcaption><\/figure>\n<figure id=\"attachment_5054\" aria-describedby=\"caption-attachment-5054\" style=\"width: 300px\" class=\"wp-caption alignnone\"><img data-recalc-dims=\"1\" loading=\"lazy\" decoding=\"async\" src=\"https:\/\/i0.wp.com\/blog.pfadfinder-kuppenheim.de\/wp-content\/uploads\/2018\/08\/DSCN0600-300x225.jpg?resize=300%2C225\" class=\"size-medium wp-image-5054\" width=\"300\" height=\"225\" alt=\"\" srcset=\"https:\/\/i0.wp.com\/pfadfinder-kuppenheim.de\/wp-content\/uploads\/2018\/08\/DSCN0600.jpg?resize=300%2C225&amp;ssl=1 300w, https:\/\/i0.wp.com\/pfadfinder-kuppenheim.de\/wp-content\/uploads\/2018\/08\/DSCN0600.jpg?resize=768%2C576&amp;ssl=1 768w, https:\/\/i0.wp.com\/pfadfinder-kuppenheim.de\/wp-content\/uploads\/2018\/08\/DSCN0600.jpg?resize=1024%2C768&amp;ssl=1 1024w, https:\/\/i0.wp.com\/pfadfinder-kuppenheim.de\/wp-content\/uploads\/2018\/08\/DSCN0600.jpg?resize=750%2C563&amp;ssl=1 750w, https:\/\/i0.wp.com\/pfadfinder-kuppenheim.de\/wp-content\/uploads\/2018\/08\/DSCN0600.jpg?w=2400&amp;ssl=1 2400w, https:\/\/i0.wp.com\/pfadfinder-kuppenheim.de\/wp-content\/uploads\/2018\/08\/DSCN0600.jpg?w=3600&amp;ssl=1 3600w\" sizes=\"auto, (max-width: 300px) 100vw, 300px\" \/><figcaption id=\"caption-attachment-5054\" class=\"wp-caption-text\">Gigantischer Ausblick.<\/figcaption><\/figure>\n<figure id=\"attachment_5055\" aria-describedby=\"caption-attachment-5055\" style=\"width: 300px\" class=\"wp-caption alignnone\"><img data-recalc-dims=\"1\" loading=\"lazy\" decoding=\"async\" src=\"https:\/\/i0.wp.com\/blog.pfadfinder-kuppenheim.de\/wp-content\/uploads\/2018\/08\/DSCN0601-300x225.jpg?resize=300%2C225\" class=\"size-medium wp-image-5055\" width=\"300\" height=\"225\" alt=\"\" srcset=\"https:\/\/i0.wp.com\/pfadfinder-kuppenheim.de\/wp-content\/uploads\/2018\/08\/DSCN0601.jpg?resize=300%2C225&amp;ssl=1 300w, https:\/\/i0.wp.com\/pfadfinder-kuppenheim.de\/wp-content\/uploads\/2018\/08\/DSCN0601.jpg?resize=768%2C576&amp;ssl=1 768w, https:\/\/i0.wp.com\/pfadfinder-kuppenheim.de\/wp-content\/uploads\/2018\/08\/DSCN0601.jpg?resize=1024%2C768&amp;ssl=1 1024w, https:\/\/i0.wp.com\/pfadfinder-kuppenheim.de\/wp-content\/uploads\/2018\/08\/DSCN0601.jpg?resize=750%2C563&amp;ssl=1 750w, https:\/\/i0.wp.com\/pfadfinder-kuppenheim.de\/wp-content\/uploads\/2018\/08\/DSCN0601.jpg?w=2400&amp;ssl=1 2400w, https:\/\/i0.wp.com\/pfadfinder-kuppenheim.de\/wp-content\/uploads\/2018\/08\/DSCN0601.jpg?w=3600&amp;ssl=1 3600w\" sizes=\"auto, (max-width: 300px) 100vw, 300px\" \/><figcaption id=\"caption-attachment-5055\" class=\"wp-caption-text\">Das Gemmital.<\/figcaption><\/figure>\n<figure id=\"attachment_5056\" aria-describedby=\"caption-attachment-5056\" style=\"width: 300px\" class=\"wp-caption alignnone\"><img data-recalc-dims=\"1\" loading=\"lazy\" decoding=\"async\" src=\"https:\/\/i0.wp.com\/blog.pfadfinder-kuppenheim.de\/wp-content\/uploads\/2018\/08\/DSCN0610-300x225.jpg?resize=300%2C225\" class=\"size-medium wp-image-5056\" width=\"300\" height=\"225\" alt=\"\" srcset=\"https:\/\/i0.wp.com\/pfadfinder-kuppenheim.de\/wp-content\/uploads\/2018\/08\/DSCN0610.jpg?resize=300%2C225&amp;ssl=1 300w, https:\/\/i0.wp.com\/pfadfinder-kuppenheim.de\/wp-content\/uploads\/2018\/08\/DSCN0610.jpg?resize=768%2C576&amp;ssl=1 768w, https:\/\/i0.wp.com\/pfadfinder-kuppenheim.de\/wp-content\/uploads\/2018\/08\/DSCN0610.jpg?resize=1024%2C768&amp;ssl=1 1024w, https:\/\/i0.wp.com\/pfadfinder-kuppenheim.de\/wp-content\/uploads\/2018\/08\/DSCN0610.jpg?resize=750%2C563&amp;ssl=1 750w, https:\/\/i0.wp.com\/pfadfinder-kuppenheim.de\/wp-content\/uploads\/2018\/08\/DSCN0610.jpg?w=2400&amp;ssl=1 2400w, https:\/\/i0.wp.com\/pfadfinder-kuppenheim.de\/wp-content\/uploads\/2018\/08\/DSCN0610.jpg?w=3600&amp;ssl=1 3600w\" sizes=\"auto, (max-width: 300px) 100vw, 300px\" \/><figcaption id=\"caption-attachment-5056\" class=\"wp-caption-text\">Juri checkt die Lage&#8230; Sieht gut aus!!<\/figcaption><\/figure>\n<figure id=\"attachment_5057\" aria-describedby=\"caption-attachment-5057\" style=\"width: 300px\" class=\"wp-caption alignnone\"><img data-recalc-dims=\"1\" loading=\"lazy\" decoding=\"async\" src=\"https:\/\/i0.wp.com\/blog.pfadfinder-kuppenheim.de\/wp-content\/uploads\/2018\/08\/DSCN0630-300x225.jpg?resize=300%2C225\" class=\"size-medium wp-image-5057\" width=\"300\" height=\"225\" alt=\"\" srcset=\"https:\/\/i0.wp.com\/pfadfinder-kuppenheim.de\/wp-content\/uploads\/2018\/08\/DSCN0630.jpg?resize=300%2C225&amp;ssl=1 300w, https:\/\/i0.wp.com\/pfadfinder-kuppenheim.de\/wp-content\/uploads\/2018\/08\/DSCN0630.jpg?resize=768%2C576&amp;ssl=1 768w, https:\/\/i0.wp.com\/pfadfinder-kuppenheim.de\/wp-content\/uploads\/2018\/08\/DSCN0630.jpg?resize=1024%2C768&amp;ssl=1 1024w, https:\/\/i0.wp.com\/pfadfinder-kuppenheim.de\/wp-content\/uploads\/2018\/08\/DSCN0630.jpg?resize=750%2C563&amp;ssl=1 750w, https:\/\/i0.wp.com\/pfadfinder-kuppenheim.de\/wp-content\/uploads\/2018\/08\/DSCN0630.jpg?w=2400&amp;ssl=1 2400w, https:\/\/i0.wp.com\/pfadfinder-kuppenheim.de\/wp-content\/uploads\/2018\/08\/DSCN0630.jpg?w=3600&amp;ssl=1 3600w\" sizes=\"auto, (max-width: 300px) 100vw, 300px\" \/><figcaption id=\"caption-attachment-5057\" class=\"wp-caption-text\">Endlich mal was zu essen \ud83d\ude42<\/figcaption><\/figure>\n<figure id=\"attachment_5058\" aria-describedby=\"caption-attachment-5058\" style=\"width: 300px\" class=\"wp-caption alignnone\"><img data-recalc-dims=\"1\" loading=\"lazy\" decoding=\"async\" src=\"https:\/\/i0.wp.com\/blog.pfadfinder-kuppenheim.de\/wp-content\/uploads\/2018\/08\/DSCN0638-300x225.jpg?resize=300%2C225\" class=\"size-medium wp-image-5058\" width=\"300\" height=\"225\" alt=\"\" srcset=\"https:\/\/i0.wp.com\/pfadfinder-kuppenheim.de\/wp-content\/uploads\/2018\/08\/DSCN0638.jpg?resize=300%2C225&amp;ssl=1 300w, https:\/\/i0.wp.com\/pfadfinder-kuppenheim.de\/wp-content\/uploads\/2018\/08\/DSCN0638.jpg?resize=768%2C576&amp;ssl=1 768w, https:\/\/i0.wp.com\/pfadfinder-kuppenheim.de\/wp-content\/uploads\/2018\/08\/DSCN0638.jpg?resize=1024%2C768&amp;ssl=1 1024w, https:\/\/i0.wp.com\/pfadfinder-kuppenheim.de\/wp-content\/uploads\/2018\/08\/DSCN0638.jpg?resize=750%2C563&amp;ssl=1 750w, https:\/\/i0.wp.com\/pfadfinder-kuppenheim.de\/wp-content\/uploads\/2018\/08\/DSCN0638.jpg?w=2400&amp;ssl=1 2400w, https:\/\/i0.wp.com\/pfadfinder-kuppenheim.de\/wp-content\/uploads\/2018\/08\/DSCN0638.jpg?w=3600&amp;ssl=1 3600w\" sizes=\"auto, (max-width: 300px) 100vw, 300px\" \/><figcaption id=\"caption-attachment-5058\" class=\"wp-caption-text\">Pfadipower!!!<\/figcaption><\/figure>\n<figure id=\"attachment_5059\" aria-describedby=\"caption-attachment-5059\" style=\"width: 300px\" class=\"wp-caption alignnone\"><img data-recalc-dims=\"1\" loading=\"lazy\" decoding=\"async\" src=\"https:\/\/i0.wp.com\/blog.pfadfinder-kuppenheim.de\/wp-content\/uploads\/2018\/08\/DSCN0646-300x225.jpg?resize=300%2C225\" class=\"size-medium wp-image-5059\" width=\"300\" height=\"225\" alt=\"\" srcset=\"https:\/\/i0.wp.com\/pfadfinder-kuppenheim.de\/wp-content\/uploads\/2018\/08\/DSCN0646.jpg?resize=300%2C225&amp;ssl=1 300w, https:\/\/i0.wp.com\/pfadfinder-kuppenheim.de\/wp-content\/uploads\/2018\/08\/DSCN0646.jpg?resize=768%2C576&amp;ssl=1 768w, https:\/\/i0.wp.com\/pfadfinder-kuppenheim.de\/wp-content\/uploads\/2018\/08\/DSCN0646.jpg?resize=1024%2C768&amp;ssl=1 1024w, https:\/\/i0.wp.com\/pfadfinder-kuppenheim.de\/wp-content\/uploads\/2018\/08\/DSCN0646.jpg?resize=750%2C563&amp;ssl=1 750w, https:\/\/i0.wp.com\/pfadfinder-kuppenheim.de\/wp-content\/uploads\/2018\/08\/DSCN0646.jpg?w=2400&amp;ssl=1 2400w, https:\/\/i0.wp.com\/pfadfinder-kuppenheim.de\/wp-content\/uploads\/2018\/08\/DSCN0646.jpg?w=3600&amp;ssl=1 3600w\" sizes=\"auto, (max-width: 300px) 100vw, 300px\" \/><figcaption id=\"caption-attachment-5059\" class=\"wp-caption-text\">Auf dem R\u00fcckweg \u00fcber die Fislialp.<\/figcaption><\/figure>\n<figure id=\"attachment_5060\" aria-describedby=\"caption-attachment-5060\" style=\"width: 300px\" class=\"wp-caption alignnone\"><img data-recalc-dims=\"1\" loading=\"lazy\" decoding=\"async\" src=\"https:\/\/i0.wp.com\/blog.pfadfinder-kuppenheim.de\/wp-content\/uploads\/2018\/08\/DSCN0650-300x225.jpg?resize=300%2C225\" class=\"size-medium wp-image-5060\" width=\"300\" height=\"225\" alt=\"\" srcset=\"https:\/\/i0.wp.com\/pfadfinder-kuppenheim.de\/wp-content\/uploads\/2018\/08\/DSCN0650.jpg?resize=300%2C225&amp;ssl=1 300w, https:\/\/i0.wp.com\/pfadfinder-kuppenheim.de\/wp-content\/uploads\/2018\/08\/DSCN0650.jpg?resize=768%2C576&amp;ssl=1 768w, https:\/\/i0.wp.com\/pfadfinder-kuppenheim.de\/wp-content\/uploads\/2018\/08\/DSCN0650.jpg?resize=1024%2C768&amp;ssl=1 1024w, https:\/\/i0.wp.com\/pfadfinder-kuppenheim.de\/wp-content\/uploads\/2018\/08\/DSCN0650.jpg?resize=750%2C563&amp;ssl=1 750w, https:\/\/i0.wp.com\/pfadfinder-kuppenheim.de\/wp-content\/uploads\/2018\/08\/DSCN0650.jpg?w=2400&amp;ssl=1 2400w, https:\/\/i0.wp.com\/pfadfinder-kuppenheim.de\/wp-content\/uploads\/2018\/08\/DSCN0650.jpg?w=3600&amp;ssl=1 3600w\" sizes=\"auto, (max-width: 300px) 100vw, 300px\" \/><figcaption id=\"caption-attachment-5060\" class=\"wp-caption-text\">Das Kandersteg International Scout Center (KISC) von oben.<\/figcaption><\/figure>\n<figure id=\"attachment_5061\" aria-describedby=\"caption-attachment-5061\" style=\"width: 225px\" class=\"wp-caption alignnone\"><img data-recalc-dims=\"1\" loading=\"lazy\" decoding=\"async\" src=\"https:\/\/i0.wp.com\/blog.pfadfinder-kuppenheim.de\/wp-content\/uploads\/2018\/08\/DSCN0659-e1533501897518-225x300.jpg?resize=225%2C300\" class=\"size-medium wp-image-5061\" width=\"225\" height=\"300\" alt=\"\" srcset=\"https:\/\/i0.wp.com\/pfadfinder-kuppenheim.de\/wp-content\/uploads\/2018\/08\/DSCN0659-e1533501897518.jpg?resize=225%2C300&amp;ssl=1 225w, https:\/\/i0.wp.com\/pfadfinder-kuppenheim.de\/wp-content\/uploads\/2018\/08\/DSCN0659-e1533501897518.jpg?resize=768%2C1024&amp;ssl=1 768w, https:\/\/i0.wp.com\/pfadfinder-kuppenheim.de\/wp-content\/uploads\/2018\/08\/DSCN0659-e1533501897518.jpg?resize=750%2C1000&amp;ssl=1 750w, https:\/\/i0.wp.com\/pfadfinder-kuppenheim.de\/wp-content\/uploads\/2018\/08\/DSCN0659-e1533501897518.jpg?w=2400&amp;ssl=1 2400w\" sizes=\"auto, (max-width: 225px) 100vw, 225px\" \/><figcaption id=\"caption-attachment-5061\" class=\"wp-caption-text\">Auf dem Weg zum Versprechen.<\/figcaption><\/figure>\n<figure id=\"attachment_5062\" aria-describedby=\"caption-attachment-5062\" style=\"width: 300px\" class=\"wp-caption alignnone\"><img data-recalc-dims=\"1\" loading=\"lazy\" decoding=\"async\" src=\"https:\/\/i0.wp.com\/blog.pfadfinder-kuppenheim.de\/wp-content\/uploads\/2018\/08\/DSCN0663-300x225.jpg?resize=300%2C225\" class=\"size-medium wp-image-5062\" width=\"300\" height=\"225\" alt=\"\" srcset=\"https:\/\/i0.wp.com\/pfadfinder-kuppenheim.de\/wp-content\/uploads\/2018\/08\/DSCN0663.jpg?resize=300%2C225&amp;ssl=1 300w, https:\/\/i0.wp.com\/pfadfinder-kuppenheim.de\/wp-content\/uploads\/2018\/08\/DSCN0663.jpg?resize=768%2C576&amp;ssl=1 768w, https:\/\/i0.wp.com\/pfadfinder-kuppenheim.de\/wp-content\/uploads\/2018\/08\/DSCN0663.jpg?resize=1024%2C768&amp;ssl=1 1024w, https:\/\/i0.wp.com\/pfadfinder-kuppenheim.de\/wp-content\/uploads\/2018\/08\/DSCN0663.jpg?resize=750%2C563&amp;ssl=1 750w, https:\/\/i0.wp.com\/pfadfinder-kuppenheim.de\/wp-content\/uploads\/2018\/08\/DSCN0663.jpg?w=2400&amp;ssl=1 2400w, https:\/\/i0.wp.com\/pfadfinder-kuppenheim.de\/wp-content\/uploads\/2018\/08\/DSCN0663.jpg?w=3600&amp;ssl=1 3600w\" sizes=\"auto, (max-width: 300px) 100vw, 300px\" \/><figcaption id=\"caption-attachment-5062\" class=\"wp-caption-text\">Vorbereitung auf das Versprechen im Oeschinenfluss.<\/figcaption><\/figure>\n<figure id=\"attachment_5063\" aria-describedby=\"caption-attachment-5063\" style=\"width: 300px\" class=\"wp-caption alignnone\"><img data-recalc-dims=\"1\" loading=\"lazy\" decoding=\"async\" src=\"https:\/\/i0.wp.com\/blog.pfadfinder-kuppenheim.de\/wp-content\/uploads\/2018\/08\/DSCN0676-300x225.jpg?resize=300%2C225\" class=\"size-medium wp-image-5063\" width=\"300\" height=\"225\" alt=\"\" srcset=\"https:\/\/i0.wp.com\/pfadfinder-kuppenheim.de\/wp-content\/uploads\/2018\/08\/DSCN0676.jpg?resize=300%2C225&amp;ssl=1 300w, https:\/\/i0.wp.com\/pfadfinder-kuppenheim.de\/wp-content\/uploads\/2018\/08\/DSCN0676.jpg?resize=768%2C576&amp;ssl=1 768w, https:\/\/i0.wp.com\/pfadfinder-kuppenheim.de\/wp-content\/uploads\/2018\/08\/DSCN0676.jpg?resize=1024%2C768&amp;ssl=1 1024w, https:\/\/i0.wp.com\/pfadfinder-kuppenheim.de\/wp-content\/uploads\/2018\/08\/DSCN0676.jpg?resize=750%2C563&amp;ssl=1 750w, https:\/\/i0.wp.com\/pfadfinder-kuppenheim.de\/wp-content\/uploads\/2018\/08\/DSCN0676.jpg?w=2400&amp;ssl=1 2400w, https:\/\/i0.wp.com\/pfadfinder-kuppenheim.de\/wp-content\/uploads\/2018\/08\/DSCN0676.jpg?w=3600&amp;ssl=1 3600w\" sizes=\"auto, (max-width: 300px) 100vw, 300px\" \/><figcaption id=\"caption-attachment-5063\" class=\"wp-caption-text\">Carolina legt ihr Versprechen ab.<\/figcaption><\/figure>\n<figure id=\"attachment_5064\" aria-describedby=\"caption-attachment-5064\" style=\"width: 300px\" class=\"wp-caption alignnone\"><img data-recalc-dims=\"1\" loading=\"lazy\" decoding=\"async\" src=\"https:\/\/i0.wp.com\/blog.pfadfinder-kuppenheim.de\/wp-content\/uploads\/2018\/08\/DSCN0684-300x225.jpg?resize=300%2C225\" class=\"size-medium wp-image-5064\" width=\"300\" height=\"225\" alt=\"\" srcset=\"https:\/\/i0.wp.com\/pfadfinder-kuppenheim.de\/wp-content\/uploads\/2018\/08\/DSCN0684.jpg?resize=300%2C225&amp;ssl=1 300w, https:\/\/i0.wp.com\/pfadfinder-kuppenheim.de\/wp-content\/uploads\/2018\/08\/DSCN0684.jpg?resize=768%2C576&amp;ssl=1 768w, https:\/\/i0.wp.com\/pfadfinder-kuppenheim.de\/wp-content\/uploads\/2018\/08\/DSCN0684.jpg?resize=1024%2C768&amp;ssl=1 1024w, https:\/\/i0.wp.com\/pfadfinder-kuppenheim.de\/wp-content\/uploads\/2018\/08\/DSCN0684.jpg?resize=750%2C563&amp;ssl=1 750w, https:\/\/i0.wp.com\/pfadfinder-kuppenheim.de\/wp-content\/uploads\/2018\/08\/DSCN0684.jpg?w=2400&amp;ssl=1 2400w, https:\/\/i0.wp.com\/pfadfinder-kuppenheim.de\/wp-content\/uploads\/2018\/08\/DSCN0684.jpg?w=3600&amp;ssl=1 3600w\" sizes=\"auto, (max-width: 300px) 100vw, 300px\" \/><figcaption id=\"caption-attachment-5064\" class=\"wp-caption-text\">Und Emma folgt Carolina auf unmittelbar^^<\/figcaption><\/figure>\n<figure id=\"attachment_5065\" aria-describedby=\"caption-attachment-5065\" style=\"width: 300px\" class=\"wp-caption alignnone\"><img data-recalc-dims=\"1\" loading=\"lazy\" decoding=\"async\" src=\"https:\/\/i0.wp.com\/blog.pfadfinder-kuppenheim.de\/wp-content\/uploads\/2018\/08\/DSCN0687-300x225.jpg?resize=300%2C225\" class=\"size-medium wp-image-5065\" width=\"300\" height=\"225\" alt=\"\" srcset=\"https:\/\/i0.wp.com\/pfadfinder-kuppenheim.de\/wp-content\/uploads\/2018\/08\/DSCN0687.jpg?resize=300%2C225&amp;ssl=1 300w, https:\/\/i0.wp.com\/pfadfinder-kuppenheim.de\/wp-content\/uploads\/2018\/08\/DSCN0687.jpg?resize=768%2C576&amp;ssl=1 768w, https:\/\/i0.wp.com\/pfadfinder-kuppenheim.de\/wp-content\/uploads\/2018\/08\/DSCN0687.jpg?resize=1024%2C768&amp;ssl=1 1024w, https:\/\/i0.wp.com\/pfadfinder-kuppenheim.de\/wp-content\/uploads\/2018\/08\/DSCN0687.jpg?resize=750%2C563&amp;ssl=1 750w, https:\/\/i0.wp.com\/pfadfinder-kuppenheim.de\/wp-content\/uploads\/2018\/08\/DSCN0687.jpg?w=2400&amp;ssl=1 2400w, https:\/\/i0.wp.com\/pfadfinder-kuppenheim.de\/wp-content\/uploads\/2018\/08\/DSCN0687.jpg?w=3600&amp;ssl=1 3600w\" sizes=\"auto, (max-width: 300px) 100vw, 300px\" \/><figcaption id=\"caption-attachment-5065\" class=\"wp-caption-text\">Emma &amp; Carolina sind damit 100%ige Pfadis.<\/figcaption><\/figure>\n<figure id=\"attachment_5067\" aria-describedby=\"caption-attachment-5067\" style=\"width: 300px\" class=\"wp-caption alignnone\"><img data-recalc-dims=\"1\" loading=\"lazy\" decoding=\"async\" src=\"https:\/\/i0.wp.com\/blog.pfadfinder-kuppenheim.de\/wp-content\/uploads\/2018\/08\/DSCN0697-300x225.jpg?resize=300%2C225\" class=\"size-medium wp-image-5067\" width=\"300\" height=\"225\" alt=\"\" srcset=\"https:\/\/i0.wp.com\/pfadfinder-kuppenheim.de\/wp-content\/uploads\/2018\/08\/DSCN0697.jpg?resize=300%2C225&amp;ssl=1 300w, https:\/\/i0.wp.com\/pfadfinder-kuppenheim.de\/wp-content\/uploads\/2018\/08\/DSCN0697.jpg?resize=768%2C576&amp;ssl=1 768w, https:\/\/i0.wp.com\/pfadfinder-kuppenheim.de\/wp-content\/uploads\/2018\/08\/DSCN0697.jpg?resize=1024%2C768&amp;ssl=1 1024w, https:\/\/i0.wp.com\/pfadfinder-kuppenheim.de\/wp-content\/uploads\/2018\/08\/DSCN0697.jpg?resize=750%2C563&amp;ssl=1 750w, https:\/\/i0.wp.com\/pfadfinder-kuppenheim.de\/wp-content\/uploads\/2018\/08\/DSCN0697.jpg?w=2400&amp;ssl=1 2400w, https:\/\/i0.wp.com\/pfadfinder-kuppenheim.de\/wp-content\/uploads\/2018\/08\/DSCN0697.jpg?w=3600&amp;ssl=1 3600w\" sizes=\"auto, (max-width: 300px) 100vw, 300px\" \/><figcaption id=\"caption-attachment-5067\" class=\"wp-caption-text\">Der Ausklang des Versprechens mit Lagerfeuer und Popcorn.<\/figcaption><\/figure>\n","protected":false},"excerpt":{"rendered":"<p>Heute wurden wir um 07:30 Uhr geweckt. Nach einem Cornflakes-Fr\u00fchst\u00fcck machten wir uns auf den Weg zur Jegertosse. Der Weg war steinig, zum Teil steil und schwer, aber dank einiger Singeinlagen und Lagerrufen hielten wir tapfer durch. Kurz vor dem Ziel st\u00e4rkten wir uns mit M\u00fcsliriegeln und Obst f\u00fcr den Endspurt. Der Weg hat sich&hellip;&nbsp;<a href=\"https:\/\/pfadfinder-kuppenheim.de\/?p=5044\" class=\"\" rel=\"bookmark\">Weiterlesen &raquo;<span class=\"screen-reader-text\">Samstag 04.08.2018 &#8211; Jegertosse<\/span><\/a><\/p>\n","protected":false},"author":12,"featured_media":0,"comment_status":"open","ping_status":"closed","sticky":false,"template":"","format":"standard","meta":{"neve_meta_sidebar":"","neve_meta_container":"","neve_meta_enable_content_width":"","neve_meta_content_width":0,"neve_meta_title_alignment":"","neve_meta_author_avatar":"","neve_post_elements_order":"","neve_meta_disable_header":"","neve_meta_disable_footer":"","neve_meta_disable_title":"","jetpack_post_was_ever_published":false,"_jetpack_newsletter_access":"","_jetpack_dont_email_post_to_subs":false,"_jetpack_newsletter_tier_id":0,"_jetpack_memberships_contains_paywalled_content":false,"_jetpack_memberships_contains_paid_content":false,"footnotes":"","jetpack_publicize_message":"","jetpack_publicize_feature_enabled":true,"jetpack_social_post_already_shared":true,"jetpack_social_options":{"image_generator_settings":{"template":"highway","default_image_id":0,"font":"","enabled":false},"version":2}},"categories":[271,6,23],"tags":[83],"class_list":["post-5044","post","type-post","status-publish","format-standard","hentry","category-2018-kandersteg","category-pfadis","category-pfadis_sola_tagebuch","tag-kandersteg"],"jetpack_publicize_connections":[],"jetpack_featured_media_url":"","jetpack_sharing_enabled":true,"jetpack_shortlink":"https:\/\/wp.me\/p3G0PZ-1jm","_links":{"self":[{"href":"https:\/\/pfadfinder-kuppenheim.de\/index.php?rest_route=\/wp\/v2\/posts\/5044","targetHints":{"allow":["GET"]}}],"collection":[{"href":"https:\/\/pfadfinder-kuppenheim.de\/index.php?rest_route=\/wp\/v2\/posts"}],"about":[{"href":"https:\/\/pfadfinder-kuppenheim.de\/index.php?rest_route=\/wp\/v2\/types\/post"}],"author":[{"embeddable":true,"href":"https:\/\/pfadfinder-kuppenheim.de\/index.php?rest_route=\/wp\/v2\/users\/12"}],"replies":[{"embeddable":true,"href":"https:\/\/pfadfinder-kuppenheim.de\/index.php?rest_route=%2Fwp%2Fv2%2Fcomments&post=5044"}],"version-history":[{"count":4,"href":"https:\/\/pfadfinder-kuppenheim.de\/index.php?rest_route=\/wp\/v2\/posts\/5044\/revisions"}],"predecessor-version":[{"id":5186,"href":"https:\/\/pfadfinder-kuppenheim.de\/index.php?rest_route=\/wp\/v2\/posts\/5044\/revisions\/5186"}],"wp:attachment":[{"href":"https:\/\/pfadfinder-kuppenheim.de\/index.php?rest_route=%2Fwp%2Fv2%2Fmedia&parent=5044"}],"wp:term":[{"taxonomy":"category","embeddable":true,"href":"https:\/\/pfadfinder-kuppenheim.de\/index.php?rest_route=%2Fwp%2Fv2%2Fcategories&post=5044"},{"taxonomy":"post_tag","embeddable":true,"href":"https:\/\/pfadfinder-kuppenheim.de\/index.php?rest_route=%2Fwp%2Fv2%2Ftags&post=5044"}],"curies":[{"name":"wp","href":"https:\/\/api.w.org\/{rel}","templated":true}]}}