{"id":4712,"date":"2018-08-02T08:33:32","date_gmt":"2018-08-02T06:33:32","guid":{"rendered":"http:\/\/blog.pfadfinder-kuppenheim.de\/?p=4712"},"modified":"2018-08-02T08:47:49","modified_gmt":"2018-08-02T06:47:49","slug":"tag-1-28-juli-sola-2018","status":"publish","type":"post","link":"https:\/\/pfadfinder-kuppenheim.de\/?p=4712","title":{"rendered":"Tag 1 &#8211; 28.Juli &#8211; Sola 2018"},"content":{"rendered":"<p><strong>Abfahrt !!!<\/strong><\/p>\n<p>Am Samstagmorgen trafen sich die Jupfis um 5:45 am Bahnhof in Baden-Baden, um mit dem Zug auf das Sommerlager nach Cochem an der Mosel zu fahren. Um ca. 12Uhr kamen wir in Klotten an und liefen dann noch ca. 2 Stunden Zeltplatz. Als wir ankamen fing es erstmal heftig an zu sch\u00fctten :(. Da wir noch nichts aufbauen konnten durften wir unter die Jurte der Pfadfinder die neben uns zelteten. Als die Sonne wieder schien, bauten wir unsere Zelte auf und als St\u00e4rkung hat Denise uns ein Eis gebracht. Am Abend grillten wir und gingen zum Gl\u00fcck nicht all zu sp\u00e4t in Bett.<\/p>\n<p>Die Jupfireporterin Nina Riske<\/p>\n","protected":false},"excerpt":{"rendered":"<p>Abfahrt !!! Am Samstagmorgen trafen sich die Jupfis um 5:45 am Bahnhof in Baden-Baden, um mit dem Zug auf das Sommerlager nach Cochem an der Mosel zu fahren. Um ca. 12Uhr kamen wir in Klotten an und liefen dann noch ca. 2 Stunden Zeltplatz. Als wir ankamen fing es erstmal heftig an zu sch\u00fctten :(.&hellip;&nbsp;<a href=\"https:\/\/pfadfinder-kuppenheim.de\/?p=4712\" class=\"\" rel=\"bookmark\">Weiterlesen &raquo;<span class=\"screen-reader-text\">Tag 1 &#8211; 28.Juli &#8211; Sola 2018<\/span><\/a><\/p>\n","protected":false},"author":5,"featured_media":0,"comment_status":"open","ping_status":"closed","sticky":false,"template":"","format":"standard","meta":{"neve_meta_sidebar":"","neve_meta_container":"","neve_meta_enable_content_width":"","neve_meta_content_width":0,"neve_meta_title_alignment":"","neve_meta_author_avatar":"","neve_post_elements_order":"","neve_meta_disable_header":"","neve_meta_disable_footer":"","neve_meta_disable_title":"","jetpack_post_was_ever_published":false,"_jetpack_newsletter_access":"","_jetpack_dont_email_post_to_subs":false,"_jetpack_newsletter_tier_id":0,"_jetpack_memberships_contains_paywalled_content":false,"_jetpack_memberships_contains_paid_content":false,"footnotes":"","jetpack_publicize_message":"","jetpack_publicize_feature_enabled":true,"jetpack_social_post_already_shared":true,"jetpack_social_options":{"image_generator_settings":{"template":"highway","default_image_id":0,"font":"","enabled":false},"version":2}},"categories":[12],"tags":[],"class_list":["post-4712","post","type-post","status-publish","format-standard","hentry","category-jupfis_sola_tagebuch"],"jetpack_publicize_connections":[],"jetpack_featured_media_url":"","jetpack_sharing_enabled":true,"jetpack_shortlink":"https:\/\/wp.me\/p3G0PZ-1e0","_links":{"self":[{"href":"https:\/\/pfadfinder-kuppenheim.de\/index.php?rest_route=\/wp\/v2\/posts\/4712","targetHints":{"allow":["GET"]}}],"collection":[{"href":"https:\/\/pfadfinder-kuppenheim.de\/index.php?rest_route=\/wp\/v2\/posts"}],"about":[{"href":"https:\/\/pfadfinder-kuppenheim.de\/index.php?rest_route=\/wp\/v2\/types\/post"}],"author":[{"embeddable":true,"href":"https:\/\/pfadfinder-kuppenheim.de\/index.php?rest_route=\/wp\/v2\/users\/5"}],"replies":[{"embeddable":true,"href":"https:\/\/pfadfinder-kuppenheim.de\/index.php?rest_route=%2Fwp%2Fv2%2Fcomments&post=4712"}],"version-history":[{"count":4,"href":"https:\/\/pfadfinder-kuppenheim.de\/index.php?rest_route=\/wp\/v2\/posts\/4712\/revisions"}],"predecessor-version":[{"id":4723,"href":"https:\/\/pfadfinder-kuppenheim.de\/index.php?rest_route=\/wp\/v2\/posts\/4712\/revisions\/4723"}],"wp:attachment":[{"href":"https:\/\/pfadfinder-kuppenheim.de\/index.php?rest_route=%2Fwp%2Fv2%2Fmedia&parent=4712"}],"wp:term":[{"taxonomy":"category","embeddable":true,"href":"https:\/\/pfadfinder-kuppenheim.de\/index.php?rest_route=%2Fwp%2Fv2%2Fcategories&post=4712"},{"taxonomy":"post_tag","embeddable":true,"href":"https:\/\/pfadfinder-kuppenheim.de\/index.php?rest_route=%2Fwp%2Fv2%2Ftags&post=4712"}],"curies":[{"name":"wp","href":"https:\/\/api.w.org\/{rel}","templated":true}]}}