{"id":4601,"date":"2018-08-01T09:45:16","date_gmt":"2018-08-01T07:45:16","guid":{"rendered":"http:\/\/blog.pfadfinder-kuppenheim.de\/?p=4601"},"modified":"2018-08-01T09:45:16","modified_gmt":"2018-08-01T07:45:16","slug":"guten-morgen-6","status":"publish","type":"post","link":"https:\/\/pfadfinder-kuppenheim.de\/?p=4601","title":{"rendered":"Guten Morgen"},"content":{"rendered":"<p>Schauen wir doch mal heute ein bisschen fr\u00fcher in die Zelte, wie in den vergangenen Tagen. Den heute verlassen wir den Platz mal wieder um in Moselkern, die dortige Burg zu entdecken.<\/p>\n<p><img data-recalc-dims=\"1\" loading=\"lazy\" decoding=\"async\" src=\"https:\/\/i0.wp.com\/blog.pfadfinder-kuppenheim.de\/wp-content\/uploads\/2018\/08\/20180801_0742555453874429788365465.jpg?resize=1200%2C583\" class=\"wp-image-4597 alignnone size-full\" width=\"1200\" height=\"583\" srcset=\"https:\/\/i0.wp.com\/pfadfinder-kuppenheim.de\/wp-content\/uploads\/2018\/08\/20180801_0742555453874429788365465.jpg?w=2999&amp;ssl=1 2999w, https:\/\/i0.wp.com\/pfadfinder-kuppenheim.de\/wp-content\/uploads\/2018\/08\/20180801_0742555453874429788365465.jpg?resize=300%2C146&amp;ssl=1 300w, https:\/\/i0.wp.com\/pfadfinder-kuppenheim.de\/wp-content\/uploads\/2018\/08\/20180801_0742555453874429788365465.jpg?resize=768%2C373&amp;ssl=1 768w, https:\/\/i0.wp.com\/pfadfinder-kuppenheim.de\/wp-content\/uploads\/2018\/08\/20180801_0742555453874429788365465.jpg?resize=1024%2C498&amp;ssl=1 1024w, https:\/\/i0.wp.com\/pfadfinder-kuppenheim.de\/wp-content\/uploads\/2018\/08\/20180801_0742555453874429788365465.jpg?resize=750%2C365&amp;ssl=1 750w, https:\/\/i0.wp.com\/pfadfinder-kuppenheim.de\/wp-content\/uploads\/2018\/08\/20180801_0742555453874429788365465.jpg?w=2400&amp;ssl=1 2400w\" sizes=\"auto, (max-width: 1200px) 100vw, 1200px\" \/><\/p>\n<p><img data-recalc-dims=\"1\" loading=\"lazy\" decoding=\"async\" src=\"https:\/\/i0.wp.com\/blog.pfadfinder-kuppenheim.de\/wp-content\/uploads\/2018\/08\/20180801_0744364394283052099126879.jpg?resize=1200%2C2469\" class=\"wp-image-4598 alignnone size-full\" width=\"1200\" height=\"2469\" srcset=\"https:\/\/i0.wp.com\/pfadfinder-kuppenheim.de\/wp-content\/uploads\/2018\/08\/20180801_0744364394283052099126879.jpg?w=1960&amp;ssl=1 1960w, https:\/\/i0.wp.com\/pfadfinder-kuppenheim.de\/wp-content\/uploads\/2018\/08\/20180801_0744364394283052099126879.jpg?resize=146%2C300&amp;ssl=1 146w, https:\/\/i0.wp.com\/pfadfinder-kuppenheim.de\/wp-content\/uploads\/2018\/08\/20180801_0744364394283052099126879.jpg?resize=768%2C1580&amp;ssl=1 768w, https:\/\/i0.wp.com\/pfadfinder-kuppenheim.de\/wp-content\/uploads\/2018\/08\/20180801_0744364394283052099126879.jpg?resize=498%2C1024&amp;ssl=1 498w, https:\/\/i0.wp.com\/pfadfinder-kuppenheim.de\/wp-content\/uploads\/2018\/08\/20180801_0744364394283052099126879.jpg?resize=750%2C1543&amp;ssl=1 750w\" sizes=\"auto, (max-width: 1200px) 100vw, 1200px\" \/><\/p>\n<p><img data-recalc-dims=\"1\" loading=\"lazy\" decoding=\"async\" src=\"https:\/\/i0.wp.com\/blog.pfadfinder-kuppenheim.de\/wp-content\/uploads\/2018\/08\/20180801_0746188090794390856823376.jpg?resize=1200%2C2469\" class=\"wp-image-4599 alignnone size-full\" width=\"1200\" height=\"2469\" srcset=\"https:\/\/i0.wp.com\/pfadfinder-kuppenheim.de\/wp-content\/uploads\/2018\/08\/20180801_0746188090794390856823376.jpg?w=1960&amp;ssl=1 1960w, https:\/\/i0.wp.com\/pfadfinder-kuppenheim.de\/wp-content\/uploads\/2018\/08\/20180801_0746188090794390856823376.jpg?resize=146%2C300&amp;ssl=1 146w, https:\/\/i0.wp.com\/pfadfinder-kuppenheim.de\/wp-content\/uploads\/2018\/08\/20180801_0746188090794390856823376.jpg?resize=768%2C1580&amp;ssl=1 768w, https:\/\/i0.wp.com\/pfadfinder-kuppenheim.de\/wp-content\/uploads\/2018\/08\/20180801_0746188090794390856823376.jpg?resize=498%2C1024&amp;ssl=1 498w, https:\/\/i0.wp.com\/pfadfinder-kuppenheim.de\/wp-content\/uploads\/2018\/08\/20180801_0746188090794390856823376.jpg?resize=750%2C1543&amp;ssl=1 750w\" sizes=\"auto, (max-width: 1200px) 100vw, 1200px\" \/><\/p>\n<p>Fertig gefr\u00fchst\u00fcckt, die Kluft \u00fcbergestreift sowie den Sonnenschutzfaktor eingepackt und los gehts&#8230;<\/p>\n<p><img data-recalc-dims=\"1\" loading=\"lazy\" decoding=\"async\" src=\"https:\/\/i0.wp.com\/blog.pfadfinder-kuppenheim.de\/wp-content\/uploads\/2018\/08\/20180801_0926491830225933219656749.jpg?resize=1200%2C583\" class=\"alignnone size-full wp-image-4600\" width=\"1200\" height=\"583\" srcset=\"https:\/\/i0.wp.com\/pfadfinder-kuppenheim.de\/wp-content\/uploads\/2018\/08\/20180801_0926491830225933219656749.jpg?w=2999&amp;ssl=1 2999w, https:\/\/i0.wp.com\/pfadfinder-kuppenheim.de\/wp-content\/uploads\/2018\/08\/20180801_0926491830225933219656749.jpg?resize=300%2C146&amp;ssl=1 300w, https:\/\/i0.wp.com\/pfadfinder-kuppenheim.de\/wp-content\/uploads\/2018\/08\/20180801_0926491830225933219656749.jpg?resize=768%2C373&amp;ssl=1 768w, https:\/\/i0.wp.com\/pfadfinder-kuppenheim.de\/wp-content\/uploads\/2018\/08\/20180801_0926491830225933219656749.jpg?resize=1024%2C498&amp;ssl=1 1024w, https:\/\/i0.wp.com\/pfadfinder-kuppenheim.de\/wp-content\/uploads\/2018\/08\/20180801_0926491830225933219656749.jpg?resize=750%2C365&amp;ssl=1 750w, https:\/\/i0.wp.com\/pfadfinder-kuppenheim.de\/wp-content\/uploads\/2018\/08\/20180801_0926491830225933219656749.jpg?w=2400&amp;ssl=1 2400w\" sizes=\"auto, (max-width: 1200px) 100vw, 1200px\" \/><\/p>\n","protected":false},"excerpt":{"rendered":"<p>Schauen wir doch mal heute ein bisschen fr\u00fcher in die Zelte, wie in den vergangenen Tagen. Den heute verlassen wir den Platz mal wieder um in Moselkern, die dortige Burg zu entdecken. Fertig gefr\u00fchst\u00fcckt, die Kluft \u00fcbergestreift sowie den Sonnenschutzfaktor eingepackt und los gehts&#8230;<\/p>\n","protected":false},"author":5,"featured_media":0,"comment_status":"open","ping_status":"closed","sticky":false,"template":"","format":"standard","meta":{"neve_meta_sidebar":"","neve_meta_container":"","neve_meta_enable_content_width":"","neve_meta_content_width":0,"neve_meta_title_alignment":"","neve_meta_author_avatar":"","neve_post_elements_order":"","neve_meta_disable_header":"","neve_meta_disable_footer":"","neve_meta_disable_title":"","jetpack_post_was_ever_published":false,"_jetpack_newsletter_access":"","_jetpack_dont_email_post_to_subs":false,"_jetpack_newsletter_tier_id":0,"_jetpack_memberships_contains_paywalled_content":false,"_jetpack_memberships_contains_paid_content":false,"footnotes":"","jetpack_publicize_message":"","jetpack_publicize_feature_enabled":true,"jetpack_social_post_already_shared":true,"jetpack_social_options":{"image_generator_settings":{"template":"highway","default_image_id":0,"font":"","enabled":false},"version":2}},"categories":[5],"tags":[],"class_list":["post-4601","post","type-post","status-publish","format-standard","hentry","category-jupfis"],"jetpack_publicize_connections":[],"jetpack_featured_media_url":"","jetpack_sharing_enabled":true,"jetpack_shortlink":"https:\/\/wp.me\/p3G0PZ-1cd","_links":{"self":[{"href":"https:\/\/pfadfinder-kuppenheim.de\/index.php?rest_route=\/wp\/v2\/posts\/4601","targetHints":{"allow":["GET"]}}],"collection":[{"href":"https:\/\/pfadfinder-kuppenheim.de\/index.php?rest_route=\/wp\/v2\/posts"}],"about":[{"href":"https:\/\/pfadfinder-kuppenheim.de\/index.php?rest_route=\/wp\/v2\/types\/post"}],"author":[{"embeddable":true,"href":"https:\/\/pfadfinder-kuppenheim.de\/index.php?rest_route=\/wp\/v2\/users\/5"}],"replies":[{"embeddable":true,"href":"https:\/\/pfadfinder-kuppenheim.de\/index.php?rest_route=%2Fwp%2Fv2%2Fcomments&post=4601"}],"version-history":[{"count":1,"href":"https:\/\/pfadfinder-kuppenheim.de\/index.php?rest_route=\/wp\/v2\/posts\/4601\/revisions"}],"predecessor-version":[{"id":4602,"href":"https:\/\/pfadfinder-kuppenheim.de\/index.php?rest_route=\/wp\/v2\/posts\/4601\/revisions\/4602"}],"wp:attachment":[{"href":"https:\/\/pfadfinder-kuppenheim.de\/index.php?rest_route=%2Fwp%2Fv2%2Fmedia&parent=4601"}],"wp:term":[{"taxonomy":"category","embeddable":true,"href":"https:\/\/pfadfinder-kuppenheim.de\/index.php?rest_route=%2Fwp%2Fv2%2Fcategories&post=4601"},{"taxonomy":"post_tag","embeddable":true,"href":"https:\/\/pfadfinder-kuppenheim.de\/index.php?rest_route=%2Fwp%2Fv2%2Ftags&post=4601"}],"curies":[{"name":"wp","href":"https:\/\/api.w.org\/{rel}","templated":true}]}}