{"id":4568,"date":"2018-07-31T23:39:36","date_gmt":"2018-07-31T21:39:36","guid":{"rendered":"http:\/\/blog.pfadfinder-kuppenheim.de\/?p=4568"},"modified":"2018-08-11T16:54:35","modified_gmt":"2018-08-11T14:54:35","slug":"woelflinge-tag-2","status":"publish","type":"post","link":"https:\/\/pfadfinder-kuppenheim.de\/?p=4568","title":{"rendered":"W\u00f6lflinge Tag 2"},"content":{"rendered":"<p>Der Tag startete mit einer Lagerer\u00f6ffnung, bei der Bianca uns auch toll auf das Motto einstimmte.<\/p>\n<p>\u00dcber den Tag verteilt besuchten die Kinder verschiedene Stationen und bastelten alles n\u00f6tige f\u00fcrs Mittelalter. Von Schilden \u00fcber Musikschellen, einer Verkleidung bis hin zum Steckenpferd.<\/p>\n<p>Abends zeigten die Kinder ihr K\u00f6nnen im Umgang mit dem Taschenmesser und schnitzten ihre eigenen Grillbengel.<\/p>\n<p>Vor dem Schlafen gehen begl\u00fcckte uns dann noch Felix mit einer Gute-Nacht-Geschichte.<\/p>\n<p>Bilder kommen wieder morgen bei besserem Empfang.<\/p>\n","protected":false},"excerpt":{"rendered":"<p>Der Tag startete mit einer Lagerer\u00f6ffnung, bei der Bianca uns auch toll auf das Motto einstimmte. \u00dcber den Tag verteilt besuchten die Kinder verschiedene Stationen und bastelten alles n\u00f6tige f\u00fcrs Mittelalter. Von Schilden \u00fcber Musikschellen, einer Verkleidung bis hin zum Steckenpferd. Abends zeigten die Kinder ihr K\u00f6nnen im Umgang mit dem Taschenmesser und schnitzten ihre&hellip;&nbsp;<a href=\"https:\/\/pfadfinder-kuppenheim.de\/?p=4568\" class=\"\" rel=\"bookmark\">Weiterlesen &raquo;<span class=\"screen-reader-text\">W\u00f6lflinge Tag 2<\/span><\/a><\/p>\n","protected":false},"author":4,"featured_media":0,"comment_status":"open","ping_status":"closed","sticky":false,"template":"","format":"standard","meta":{"neve_meta_sidebar":"","neve_meta_container":"","neve_meta_enable_content_width":"","neve_meta_content_width":0,"neve_meta_title_alignment":"","neve_meta_author_avatar":"","neve_post_elements_order":"","neve_meta_disable_header":"","neve_meta_disable_footer":"","neve_meta_disable_title":"","jetpack_post_was_ever_published":false,"_jetpack_newsletter_access":"","_jetpack_dont_email_post_to_subs":false,"_jetpack_newsletter_tier_id":0,"_jetpack_memberships_contains_paywalled_content":false,"_jetpack_memberships_contains_paid_content":false,"footnotes":"","jetpack_publicize_message":"","jetpack_publicize_feature_enabled":true,"jetpack_social_post_already_shared":true,"jetpack_social_options":{"image_generator_settings":{"template":"highway","default_image_id":0,"font":"","enabled":false},"version":2}},"categories":[25,4],"tags":[],"class_list":["post-4568","post","type-post","status-publish","format-standard","hentry","category-sommerlager-2018","category-wolflinge"],"jetpack_publicize_connections":[],"jetpack_featured_media_url":"","jetpack_sharing_enabled":true,"jetpack_shortlink":"https:\/\/wp.me\/p3G0PZ-1bG","_links":{"self":[{"href":"https:\/\/pfadfinder-kuppenheim.de\/index.php?rest_route=\/wp\/v2\/posts\/4568","targetHints":{"allow":["GET"]}}],"collection":[{"href":"https:\/\/pfadfinder-kuppenheim.de\/index.php?rest_route=\/wp\/v2\/posts"}],"about":[{"href":"https:\/\/pfadfinder-kuppenheim.de\/index.php?rest_route=\/wp\/v2\/types\/post"}],"author":[{"embeddable":true,"href":"https:\/\/pfadfinder-kuppenheim.de\/index.php?rest_route=\/wp\/v2\/users\/4"}],"replies":[{"embeddable":true,"href":"https:\/\/pfadfinder-kuppenheim.de\/index.php?rest_route=%2Fwp%2Fv2%2Fcomments&post=4568"}],"version-history":[{"count":1,"href":"https:\/\/pfadfinder-kuppenheim.de\/index.php?rest_route=\/wp\/v2\/posts\/4568\/revisions"}],"predecessor-version":[{"id":4569,"href":"https:\/\/pfadfinder-kuppenheim.de\/index.php?rest_route=\/wp\/v2\/posts\/4568\/revisions\/4569"}],"wp:attachment":[{"href":"https:\/\/pfadfinder-kuppenheim.de\/index.php?rest_route=%2Fwp%2Fv2%2Fmedia&parent=4568"}],"wp:term":[{"taxonomy":"category","embeddable":true,"href":"https:\/\/pfadfinder-kuppenheim.de\/index.php?rest_route=%2Fwp%2Fv2%2Fcategories&post=4568"},{"taxonomy":"post_tag","embeddable":true,"href":"https:\/\/pfadfinder-kuppenheim.de\/index.php?rest_route=%2Fwp%2Fv2%2Ftags&post=4568"}],"curies":[{"name":"wp","href":"https:\/\/api.w.org\/{rel}","templated":true}]}}