{"id":4449,"date":"2018-07-30T21:03:27","date_gmt":"2018-07-30T19:03:27","guid":{"rendered":"http:\/\/blog.pfadfinder-kuppenheim.de\/?p=4449"},"modified":"2018-07-31T10:54:04","modified_gmt":"2018-07-31T08:54:04","slug":"tag-1-der-woelflinge","status":"publish","type":"post","link":"https:\/\/pfadfinder-kuppenheim.de\/?p=4449","title":{"rendered":"Tag 1 der W\u00f6lflinge"},"content":{"rendered":"<p>Obwohl die Kinder den Zug in Karlsruhe verpassten, kamen sie nur mit wenig Versp\u00e4tung am Platz an. Bei hohen Temperaturen aber dennoch zum gr\u00f6\u00dften Teil im Schatten, bauten wir die Zelte auf. Den Nachmittag verbrachten die Kinder im Wald beim Holz sammeln, beim Zeltplatz einrichten oder mit Ball spielen.<\/p>\n<p>Nun steht alles bereit f\u00fcr die abendliche Liederrunde und die erste Nacht auf unserem Platz r\u00fcckt n\u00e4her.<\/p>\n<p>Bilder gibt&#8217;s erst morgen beim einkaufen. Der Empfang ist &#8222;bescheiden&#8220;.<\/p>\n","protected":false},"excerpt":{"rendered":"<p>Obwohl die Kinder den Zug in Karlsruhe verpassten, kamen sie nur mit wenig Versp\u00e4tung am Platz an. Bei hohen Temperaturen aber dennoch zum gr\u00f6\u00dften Teil im Schatten, bauten wir die Zelte auf. Den Nachmittag verbrachten die Kinder im Wald beim Holz sammeln, beim Zeltplatz einrichten oder mit Ball spielen. Nun steht alles bereit f\u00fcr die&hellip;&nbsp;<a href=\"https:\/\/pfadfinder-kuppenheim.de\/?p=4449\" class=\"\" rel=\"bookmark\">Weiterlesen &raquo;<span class=\"screen-reader-text\">Tag 1 der W\u00f6lflinge<\/span><\/a><\/p>\n","protected":false},"author":4,"featured_media":0,"comment_status":"open","ping_status":"closed","sticky":false,"template":"","format":"standard","meta":{"neve_meta_sidebar":"","neve_meta_container":"","neve_meta_enable_content_width":"","neve_meta_content_width":0,"neve_meta_title_alignment":"","neve_meta_author_avatar":"","neve_post_elements_order":"","neve_meta_disable_header":"","neve_meta_disable_footer":"","neve_meta_disable_title":"","jetpack_post_was_ever_published":false,"_jetpack_newsletter_access":"","_jetpack_dont_email_post_to_subs":false,"_jetpack_newsletter_tier_id":0,"_jetpack_memberships_contains_paywalled_content":false,"_jetpack_memberships_contains_paid_content":false,"footnotes":"","jetpack_publicize_message":"","jetpack_publicize_feature_enabled":true,"jetpack_social_post_already_shared":true,"jetpack_social_options":{"image_generator_settings":{"template":"highway","default_image_id":0,"font":"","enabled":false},"version":2}},"categories":[25,4],"tags":[],"class_list":["post-4449","post","type-post","status-publish","format-standard","hentry","category-sommerlager-2018","category-wolflinge"],"jetpack_publicize_connections":[],"jetpack_featured_media_url":"","jetpack_sharing_enabled":true,"jetpack_shortlink":"https:\/\/wp.me\/p3G0PZ-19L","_links":{"self":[{"href":"https:\/\/pfadfinder-kuppenheim.de\/index.php?rest_route=\/wp\/v2\/posts\/4449","targetHints":{"allow":["GET"]}}],"collection":[{"href":"https:\/\/pfadfinder-kuppenheim.de\/index.php?rest_route=\/wp\/v2\/posts"}],"about":[{"href":"https:\/\/pfadfinder-kuppenheim.de\/index.php?rest_route=\/wp\/v2\/types\/post"}],"author":[{"embeddable":true,"href":"https:\/\/pfadfinder-kuppenheim.de\/index.php?rest_route=\/wp\/v2\/users\/4"}],"replies":[{"embeddable":true,"href":"https:\/\/pfadfinder-kuppenheim.de\/index.php?rest_route=%2Fwp%2Fv2%2Fcomments&post=4449"}],"version-history":[{"count":3,"href":"https:\/\/pfadfinder-kuppenheim.de\/index.php?rest_route=\/wp\/v2\/posts\/4449\/revisions"}],"predecessor-version":[{"id":4488,"href":"https:\/\/pfadfinder-kuppenheim.de\/index.php?rest_route=\/wp\/v2\/posts\/4449\/revisions\/4488"}],"wp:attachment":[{"href":"https:\/\/pfadfinder-kuppenheim.de\/index.php?rest_route=%2Fwp%2Fv2%2Fmedia&parent=4449"}],"wp:term":[{"taxonomy":"category","embeddable":true,"href":"https:\/\/pfadfinder-kuppenheim.de\/index.php?rest_route=%2Fwp%2Fv2%2Fcategories&post=4449"},{"taxonomy":"post_tag","embeddable":true,"href":"https:\/\/pfadfinder-kuppenheim.de\/index.php?rest_route=%2Fwp%2Fv2%2Ftags&post=4449"}],"curies":[{"name":"wp","href":"https:\/\/api.w.org\/{rel}","templated":true}]}}