{"id":3827,"date":"2017-07-31T15:57:38","date_gmt":"2017-07-31T13:57:38","guid":{"rendered":"http:\/\/blog.pfadfinder-kuppenheim.de\/?p=3827"},"modified":"2017-10-27T13:39:58","modified_gmt":"2017-10-27T11:39:58","slug":"tag-3-31-juli-sola-2017","status":"publish","type":"post","link":"https:\/\/pfadfinder-kuppenheim.de\/?p=3827","title":{"rendered":"Tag 3 \u2013 31. Juli \u2013 SoLa 2017"},"content":{"rendered":"<p>Als ersten haben wir gefr\u00fchst\u00fcckt. Dann haben wir ein Hand-Kino gebastelt. Danach haben wir Mittaggegessen. Nach dem Mittag sind wir in den See baden gegangen. Nachdem wir gebadet haben sind wir am See gesessen und haben Musik geh\u00f6rt. Dann sind wir duschen gegangen. Danach hatten wir Freizeit. Am Abend haben alle Stufe von Tag erz\u00e4hlt. Zum Schluss hat Bernd mit uns eine Zeitreise gemacht. Er hat uns in die Gr\u00fcndungszeit der Pfadfinder mitgenommen und uns viel dar\u00fcber erz\u00e4hlt. Danke an das Leitungsteam, dass Sie mit uns so coole Dinge machen.<\/p>\n<p>Juri und Pius<\/p>\n","protected":false},"excerpt":{"rendered":"<p>Als ersten haben wir gefr\u00fchst\u00fcckt. Dann haben wir ein Hand-Kino gebastelt. Danach haben wir Mittaggegessen. Nach dem Mittag sind wir in den See baden gegangen. Nachdem wir gebadet haben sind wir am See gesessen und haben Musik geh\u00f6rt. Dann sind wir duschen gegangen. Danach hatten wir Freizeit. Am Abend haben alle Stufe von Tag erz\u00e4hlt.&hellip;&nbsp;<a href=\"https:\/\/pfadfinder-kuppenheim.de\/?p=3827\" class=\"\" rel=\"bookmark\">Weiterlesen &raquo;<span class=\"screen-reader-text\">Tag 3 \u2013 31. Juli \u2013 SoLa 2017<\/span><\/a><\/p>\n","protected":false},"author":3,"featured_media":0,"comment_status":"closed","ping_status":"closed","sticky":false,"template":"","format":"standard","meta":{"neve_meta_sidebar":"","neve_meta_container":"","neve_meta_enable_content_width":"","neve_meta_content_width":0,"neve_meta_title_alignment":"","neve_meta_author_avatar":"","neve_post_elements_order":"","neve_meta_disable_header":"","neve_meta_disable_footer":"","neve_meta_disable_title":"","jetpack_post_was_ever_published":false,"_jetpack_newsletter_access":"","_jetpack_dont_email_post_to_subs":false,"_jetpack_newsletter_tier_id":0,"_jetpack_memberships_contains_paywalled_content":false,"_jetpack_memberships_contains_paid_content":false,"footnotes":"","jetpack_publicize_message":"","jetpack_publicize_feature_enabled":true,"jetpack_social_post_already_shared":true,"jetpack_social_options":{"image_generator_settings":{"template":"highway","default_image_id":0,"font":"","enabled":false},"version":2}},"categories":[12],"tags":[],"class_list":["post-3827","post","type-post","status-publish","format-standard","hentry","category-jupfis_sola_tagebuch"],"jetpack_publicize_connections":[],"jetpack_featured_media_url":"","jetpack_sharing_enabled":true,"jetpack_shortlink":"https:\/\/wp.me\/p3G0PZ-ZJ","_links":{"self":[{"href":"https:\/\/pfadfinder-kuppenheim.de\/index.php?rest_route=\/wp\/v2\/posts\/3827","targetHints":{"allow":["GET"]}}],"collection":[{"href":"https:\/\/pfadfinder-kuppenheim.de\/index.php?rest_route=\/wp\/v2\/posts"}],"about":[{"href":"https:\/\/pfadfinder-kuppenheim.de\/index.php?rest_route=\/wp\/v2\/types\/post"}],"author":[{"embeddable":true,"href":"https:\/\/pfadfinder-kuppenheim.de\/index.php?rest_route=\/wp\/v2\/users\/3"}],"replies":[{"embeddable":true,"href":"https:\/\/pfadfinder-kuppenheim.de\/index.php?rest_route=%2Fwp%2Fv2%2Fcomments&post=3827"}],"version-history":[{"count":1,"href":"https:\/\/pfadfinder-kuppenheim.de\/index.php?rest_route=\/wp\/v2\/posts\/3827\/revisions"}],"predecessor-version":[{"id":3828,"href":"https:\/\/pfadfinder-kuppenheim.de\/index.php?rest_route=\/wp\/v2\/posts\/3827\/revisions\/3828"}],"wp:attachment":[{"href":"https:\/\/pfadfinder-kuppenheim.de\/index.php?rest_route=%2Fwp%2Fv2%2Fmedia&parent=3827"}],"wp:term":[{"taxonomy":"category","embeddable":true,"href":"https:\/\/pfadfinder-kuppenheim.de\/index.php?rest_route=%2Fwp%2Fv2%2Fcategories&post=3827"},{"taxonomy":"post_tag","embeddable":true,"href":"https:\/\/pfadfinder-kuppenheim.de\/index.php?rest_route=%2Fwp%2Fv2%2Ftags&post=3827"}],"curies":[{"name":"wp","href":"https:\/\/api.w.org\/{rel}","templated":true}]}}