{"id":3677,"date":"2017-08-03T08:23:14","date_gmt":"2017-08-03T06:23:14","guid":{"rendered":"http:\/\/blog.pfadfinder-kuppenheim.de\/?p=3677"},"modified":"2017-10-27T13:39:57","modified_gmt":"2017-10-27T11:39:57","slug":"caro-und-emma-bericht-vom-dienstag","status":"publish","type":"post","link":"https:\/\/pfadfinder-kuppenheim.de\/?p=3677","title":{"rendered":"Caro und Emma: Bericht vom Dienstag"},"content":{"rendered":"<p>Am Dienstag morgen sind wir schon um 4:55 Uhr &nbsp;aufgestanden. Alle haben sich &nbsp;furchtbar m\u00fcde angezogen, sind in die schon vorher bereitgelegten Kluften geschl\u00fcpft und aus den Zelten geklettert. Auf ging&#8217;s zum Scouting Sunrise: eine lange Tradition, denn am 1. August 1907, also genau vor 110 Jahren, wurde zu dieser Zeit mit dem lauten Klang des Hornes eines Kudos das erste Sommerlager von Baden-Powell auf Brown Sea Island er\u00f6ffnet.&nbsp;<\/p>\n<p>Wir machten uns auf den Weg zum Altm\u00fchlsee und genossen mit sch\u00f6ner Musik den Sonnenaufgang. Es war unglaublich sch\u00f6n und mit knurrendem Magen mampften wir dann Blaubeer-Pancakes mit Ahornsirup.&nbsp;<\/p>\n<p>Da unser Lager ja unter dem Motto &#8222;Film &amp; Fernsehen&#8220; steht, gab es danach die Tagesschau, bei der es viele News zu besprechen gab, allesamt wichtig und bahnbrechend f\u00fcr die Menschheit. Es wurde verk\u00fcndet, dass die Olympischen Spiele an jenem Tag ausgetragen werden sollten und die jetzigen Sportler machten sich bereit, Ehre und Ruhm zu ergattern.&nbsp;<\/p>\n<p>Die Teilnehmer, deren Alter eine Bandbreite von 7- 19 hat, mussten verschiedene Stationen abarbeiten. Unter anderem Wasserballett ausf\u00fchren, Mohrenkopfwettessen, Gummib\u00e4rchen angeln, Hula-Hoop und noch vieles MEHR.&nbsp;<\/p>\n<p>Die Olympiade war in zwei Teile aufgeteilt: den ersten gab es vor dem Mittagessen, den zweiten &#8211; wer h\u00e4tt&#8217;s gedacht &#8211; danach.&nbsp;<\/p>\n<p>Am Abend, nachdem sich alle Teilnehmer der Olympiade wieder erholt und gest\u00e4rkt hatten, bekamen wir eine Sportschau von den Jupfis zu sehen.&nbsp;<\/p>\n<p>M\u00fcde und ersch\u00f6pft warfen sich alle in ihre Schlafs\u00e4cke und schlummerten friedlich ein.<\/p>\n","protected":false},"excerpt":{"rendered":"<p>Am Dienstag morgen sind wir schon um 4:55 Uhr &nbsp;aufgestanden. Alle haben sich &nbsp;furchtbar m\u00fcde angezogen, sind in die schon vorher bereitgelegten Kluften geschl\u00fcpft und aus den Zelten geklettert. Auf ging&#8217;s zum Scouting Sunrise: eine lange Tradition, denn am 1. August 1907, also genau vor 110 Jahren, wurde zu dieser Zeit mit dem lauten Klang&hellip;&nbsp;<a href=\"https:\/\/pfadfinder-kuppenheim.de\/?p=3677\" class=\"\" rel=\"bookmark\">Weiterlesen &raquo;<span class=\"screen-reader-text\">Caro und Emma: Bericht vom Dienstag<\/span><\/a><\/p>\n","protected":false},"author":12,"featured_media":0,"comment_status":"closed","ping_status":"closed","sticky":false,"template":"","format":"standard","meta":{"neve_meta_sidebar":"","neve_meta_container":"","neve_meta_enable_content_width":"","neve_meta_content_width":0,"neve_meta_title_alignment":"","neve_meta_author_avatar":"","neve_post_elements_order":"","neve_meta_disable_header":"","neve_meta_disable_footer":"","neve_meta_disable_title":"","jetpack_post_was_ever_published":false,"_jetpack_newsletter_access":"","_jetpack_dont_email_post_to_subs":false,"_jetpack_newsletter_tier_id":0,"_jetpack_memberships_contains_paywalled_content":false,"_jetpack_memberships_contains_paid_content":false,"footnotes":"","jetpack_publicize_message":"","jetpack_publicize_feature_enabled":true,"jetpack_social_post_already_shared":true,"jetpack_social_options":{"image_generator_settings":{"template":"highway","default_image_id":0,"font":"","enabled":false},"version":2}},"categories":[23],"tags":[],"class_list":["post-3677","post","type-post","status-publish","format-standard","hentry","category-pfadis_sola_tagebuch"],"jetpack_publicize_connections":[],"jetpack_featured_media_url":"","jetpack_sharing_enabled":true,"jetpack_shortlink":"https:\/\/wp.me\/p3G0PZ-Xj","_links":{"self":[{"href":"https:\/\/pfadfinder-kuppenheim.de\/index.php?rest_route=\/wp\/v2\/posts\/3677","targetHints":{"allow":["GET"]}}],"collection":[{"href":"https:\/\/pfadfinder-kuppenheim.de\/index.php?rest_route=\/wp\/v2\/posts"}],"about":[{"href":"https:\/\/pfadfinder-kuppenheim.de\/index.php?rest_route=\/wp\/v2\/types\/post"}],"author":[{"embeddable":true,"href":"https:\/\/pfadfinder-kuppenheim.de\/index.php?rest_route=\/wp\/v2\/users\/12"}],"replies":[{"embeddable":true,"href":"https:\/\/pfadfinder-kuppenheim.de\/index.php?rest_route=%2Fwp%2Fv2%2Fcomments&post=3677"}],"version-history":[{"count":1,"href":"https:\/\/pfadfinder-kuppenheim.de\/index.php?rest_route=\/wp\/v2\/posts\/3677\/revisions"}],"predecessor-version":[{"id":3678,"href":"https:\/\/pfadfinder-kuppenheim.de\/index.php?rest_route=\/wp\/v2\/posts\/3677\/revisions\/3678"}],"wp:attachment":[{"href":"https:\/\/pfadfinder-kuppenheim.de\/index.php?rest_route=%2Fwp%2Fv2%2Fmedia&parent=3677"}],"wp:term":[{"taxonomy":"category","embeddable":true,"href":"https:\/\/pfadfinder-kuppenheim.de\/index.php?rest_route=%2Fwp%2Fv2%2Fcategories&post=3677"},{"taxonomy":"post_tag","embeddable":true,"href":"https:\/\/pfadfinder-kuppenheim.de\/index.php?rest_route=%2Fwp%2Fv2%2Ftags&post=3677"}],"curies":[{"name":"wp","href":"https:\/\/api.w.org\/{rel}","templated":true}]}}