{"id":3614,"date":"2017-08-01T23:44:43","date_gmt":"2017-08-01T21:44:43","guid":{"rendered":"http:\/\/blog.pfadfinder-kuppenheim.de\/?p=3614"},"modified":"2017-10-27T13:39:58","modified_gmt":"2017-10-27T11:39:58","slug":"tim-gruttke-bericht-vom-sonntag","status":"publish","type":"post","link":"https:\/\/pfadfinder-kuppenheim.de\/?p=3614","title":{"rendered":"Tim Gruttke: Bericht vom Sonntag"},"content":{"rendered":"<p>30.7.2017, am Altm\u00fchlsee<\/p>\n<p>Morgens um 7:30 Uhr wurden wir geweckt. Zum Fr\u00fchst\u00fcck gab es Kuchen, nach dem Essen gab es noch die Jurte aufzubauen. Dies ist das gr\u00f6\u00dfte Zelt auf dem Platz. Es hat 2 Stunden gedauert um es aufzubauen, dies war ganz sch\u00f6n anstrengend. Nachdem wir das Zelt aufgebaut hatten, konnten wir darin essen. Es gab K\u00e4sesp\u00e4tzle und als Nachtisch leckere Wassermelonen. Nach der leckeren St\u00e4rkung haben wir das Lager offiziell er\u00f6ffnet. Die Lagerer\u00f6ffnung ist das Wichtigste am ganzen Lager, denn damn geht es erst richtig los. Nach der Lagerer\u00f6ffnung hatten wir Freizeit und haben uns am\u00fcsiert. Als unsere Spielezeit\/ Chillzeit zu Ende war gab es zum Abendessen Br\u00f6tchen mit K\u00e4se, Salami, Lyoner oder Leberwurst, dazu noch Gem\u00fcse. Nach dem Abendessen hatten wir Stufenprogramm. In der Zeit hat jede Stufe Zeit f\u00fcr sich. Dies war unser zweiter Tag auf dem Stammeslager.<\/p>\n<p>Gut Pfad\u270c&#x1f3fb;<\/p>\n","protected":false},"excerpt":{"rendered":"<p>30.7.2017, am Altm\u00fchlsee Morgens um 7:30 Uhr wurden wir geweckt. Zum Fr\u00fchst\u00fcck gab es Kuchen, nach dem Essen gab es noch die Jurte aufzubauen. Dies ist das gr\u00f6\u00dfte Zelt auf dem Platz. Es hat 2 Stunden gedauert um es aufzubauen, dies war ganz sch\u00f6n anstrengend. Nachdem wir das Zelt aufgebaut hatten, konnten wir darin essen.&hellip;&nbsp;<a href=\"https:\/\/pfadfinder-kuppenheim.de\/?p=3614\" class=\"\" rel=\"bookmark\">Weiterlesen &raquo;<span class=\"screen-reader-text\">Tim Gruttke: Bericht vom Sonntag<\/span><\/a><\/p>\n","protected":false},"author":12,"featured_media":0,"comment_status":"closed","ping_status":"closed","sticky":false,"template":"","format":"standard","meta":{"neve_meta_sidebar":"","neve_meta_container":"","neve_meta_enable_content_width":"","neve_meta_content_width":0,"neve_meta_title_alignment":"","neve_meta_author_avatar":"","neve_post_elements_order":"","neve_meta_disable_header":"","neve_meta_disable_footer":"","neve_meta_disable_title":"","jetpack_post_was_ever_published":false,"_jetpack_newsletter_access":"","_jetpack_dont_email_post_to_subs":false,"_jetpack_newsletter_tier_id":0,"_jetpack_memberships_contains_paywalled_content":false,"_jetpack_memberships_contains_paid_content":false,"footnotes":"","jetpack_publicize_message":"","jetpack_publicize_feature_enabled":true,"jetpack_social_post_already_shared":true,"jetpack_social_options":{"image_generator_settings":{"template":"highway","default_image_id":0,"font":"","enabled":false},"version":2}},"categories":[23],"tags":[],"class_list":["post-3614","post","type-post","status-publish","format-standard","hentry","category-pfadis_sola_tagebuch"],"jetpack_publicize_connections":[],"jetpack_featured_media_url":"","jetpack_sharing_enabled":true,"jetpack_shortlink":"https:\/\/wp.me\/p3G0PZ-Wi","_links":{"self":[{"href":"https:\/\/pfadfinder-kuppenheim.de\/index.php?rest_route=\/wp\/v2\/posts\/3614","targetHints":{"allow":["GET"]}}],"collection":[{"href":"https:\/\/pfadfinder-kuppenheim.de\/index.php?rest_route=\/wp\/v2\/posts"}],"about":[{"href":"https:\/\/pfadfinder-kuppenheim.de\/index.php?rest_route=\/wp\/v2\/types\/post"}],"author":[{"embeddable":true,"href":"https:\/\/pfadfinder-kuppenheim.de\/index.php?rest_route=\/wp\/v2\/users\/12"}],"replies":[{"embeddable":true,"href":"https:\/\/pfadfinder-kuppenheim.de\/index.php?rest_route=%2Fwp%2Fv2%2Fcomments&post=3614"}],"version-history":[{"count":1,"href":"https:\/\/pfadfinder-kuppenheim.de\/index.php?rest_route=\/wp\/v2\/posts\/3614\/revisions"}],"predecessor-version":[{"id":3615,"href":"https:\/\/pfadfinder-kuppenheim.de\/index.php?rest_route=\/wp\/v2\/posts\/3614\/revisions\/3615"}],"wp:attachment":[{"href":"https:\/\/pfadfinder-kuppenheim.de\/index.php?rest_route=%2Fwp%2Fv2%2Fmedia&parent=3614"}],"wp:term":[{"taxonomy":"category","embeddable":true,"href":"https:\/\/pfadfinder-kuppenheim.de\/index.php?rest_route=%2Fwp%2Fv2%2Fcategories&post=3614"},{"taxonomy":"post_tag","embeddable":true,"href":"https:\/\/pfadfinder-kuppenheim.de\/index.php?rest_route=%2Fwp%2Fv2%2Ftags&post=3614"}],"curies":[{"name":"wp","href":"https:\/\/api.w.org\/{rel}","templated":true}]}}