{"id":3221,"date":"2016-08-25T12:55:56","date_gmt":"2016-08-25T10:55:56","guid":{"rendered":"http:\/\/blog.pfadfinder-kuppenheim.de\/?p=3221"},"modified":"2017-10-27T13:40:00","modified_gmt":"2017-10-27T11:40:00","slug":"diestag-chiemsee-rumgammeln","status":"publish","type":"post","link":"https:\/\/pfadfinder-kuppenheim.de\/?p=3221","title":{"rendered":"Diestag: Chiemsee-rumgammeln"},"content":{"rendered":"<p><a href=\"https:\/\/i0.wp.com\/blog.pfadfinder-kuppenheim.de\/wp-content\/uploads\/2016\/08\/DSCF5373.jpg\"><img data-recalc-dims=\"1\" loading=\"lazy\" decoding=\"async\" class=\"alignnone size-medium wp-image-3248\" src=\"https:\/\/i0.wp.com\/blog.pfadfinder-kuppenheim.de\/wp-content\/uploads\/2016\/08\/DSCF5373-300x200.jpg?resize=300%2C200\" alt=\"DSCF5373\" width=\"300\" height=\"200\" srcset=\"https:\/\/i0.wp.com\/pfadfinder-kuppenheim.de\/wp-content\/uploads\/2016\/08\/DSCF5373.jpg?resize=300%2C200&amp;ssl=1 300w, https:\/\/i0.wp.com\/pfadfinder-kuppenheim.de\/wp-content\/uploads\/2016\/08\/DSCF5373.jpg?resize=768%2C512&amp;ssl=1 768w, https:\/\/i0.wp.com\/pfadfinder-kuppenheim.de\/wp-content\/uploads\/2016\/08\/DSCF5373.jpg?w=1024&amp;ssl=1 1024w, https:\/\/i0.wp.com\/pfadfinder-kuppenheim.de\/wp-content\/uploads\/2016\/08\/DSCF5373.jpg?resize=750%2C500&amp;ssl=1 750w\" sizes=\"auto, (max-width: 300px) 100vw, 300px\" \/><\/a><\/p>\n<p><a href=\"https:\/\/i0.wp.com\/blog.pfadfinder-kuppenheim.de\/wp-content\/uploads\/2016\/08\/DSCF5375.jpg\"><img data-recalc-dims=\"1\" loading=\"lazy\" decoding=\"async\" class=\"alignnone size-medium wp-image-3250\" src=\"https:\/\/i0.wp.com\/blog.pfadfinder-kuppenheim.de\/wp-content\/uploads\/2016\/08\/DSCF5375-300x200.jpg?resize=300%2C200\" alt=\"DSCF5375\" width=\"300\" height=\"200\" srcset=\"https:\/\/i0.wp.com\/pfadfinder-kuppenheim.de\/wp-content\/uploads\/2016\/08\/DSCF5375.jpg?resize=300%2C200&amp;ssl=1 300w, https:\/\/i0.wp.com\/pfadfinder-kuppenheim.de\/wp-content\/uploads\/2016\/08\/DSCF5375.jpg?resize=768%2C512&amp;ssl=1 768w, https:\/\/i0.wp.com\/pfadfinder-kuppenheim.de\/wp-content\/uploads\/2016\/08\/DSCF5375.jpg?w=1024&amp;ssl=1 1024w, https:\/\/i0.wp.com\/pfadfinder-kuppenheim.de\/wp-content\/uploads\/2016\/08\/DSCF5375.jpg?resize=750%2C500&amp;ssl=1 750w\" sizes=\"auto, (max-width: 300px) 100vw, 300px\" \/><\/a><\/p>\n<figure id=\"attachment_3253\" aria-describedby=\"caption-attachment-3253\" style=\"width: 300px\" class=\"wp-caption alignnone\"><a href=\"https:\/\/i0.wp.com\/blog.pfadfinder-kuppenheim.de\/wp-content\/uploads\/2016\/08\/DSCF5346.jpg\"><img data-recalc-dims=\"1\" loading=\"lazy\" decoding=\"async\" class=\"size-medium wp-image-3253\" src=\"https:\/\/i0.wp.com\/blog.pfadfinder-kuppenheim.de\/wp-content\/uploads\/2016\/08\/DSCF5346-300x200.jpg?resize=300%2C200\" alt=\"Tim am Morgen\" width=\"300\" height=\"200\" srcset=\"https:\/\/i0.wp.com\/pfadfinder-kuppenheim.de\/wp-content\/uploads\/2016\/08\/DSCF5346.jpg?resize=300%2C200&amp;ssl=1 300w, https:\/\/i0.wp.com\/pfadfinder-kuppenheim.de\/wp-content\/uploads\/2016\/08\/DSCF5346.jpg?resize=768%2C512&amp;ssl=1 768w, https:\/\/i0.wp.com\/pfadfinder-kuppenheim.de\/wp-content\/uploads\/2016\/08\/DSCF5346.jpg?w=1024&amp;ssl=1 1024w, https:\/\/i0.wp.com\/pfadfinder-kuppenheim.de\/wp-content\/uploads\/2016\/08\/DSCF5346.jpg?resize=750%2C500&amp;ssl=1 750w\" sizes=\"auto, (max-width: 300px) 100vw, 300px\" \/><\/a><figcaption id=\"caption-attachment-3253\" class=\"wp-caption-text\">Tim am Morgen<\/figcaption><\/figure>\n<p>Morgens gab es fett Eierspeck (Mehr Speck als R\u00fchrei) mit Brot. Auch dieses Fr\u00fchst\u00fcck war eher ein Brunch als Fr\u00fchst\u00fcck, denn wir waren erst um 11.30 zur Abfahrt bereit. Es ging nach Bernau Felden am Chiemsee wo wir den Nachmittag am See verbrachten.<\/p>\n<figure id=\"attachment_3251\" aria-describedby=\"caption-attachment-3251\" style=\"width: 300px\" class=\"wp-caption alignnone\"><a href=\"https:\/\/i0.wp.com\/blog.pfadfinder-kuppenheim.de\/wp-content\/uploads\/2016\/08\/DSCF5396.jpg\"><img data-recalc-dims=\"1\" loading=\"lazy\" decoding=\"async\" class=\"size-medium wp-image-3251\" src=\"https:\/\/i0.wp.com\/blog.pfadfinder-kuppenheim.de\/wp-content\/uploads\/2016\/08\/DSCF5396-300x200.jpg?resize=300%2C200\" alt=\"Marv beim Chillen\" width=\"300\" height=\"200\" srcset=\"https:\/\/i0.wp.com\/pfadfinder-kuppenheim.de\/wp-content\/uploads\/2016\/08\/DSCF5396.jpg?resize=300%2C200&amp;ssl=1 300w, https:\/\/i0.wp.com\/pfadfinder-kuppenheim.de\/wp-content\/uploads\/2016\/08\/DSCF5396.jpg?resize=768%2C512&amp;ssl=1 768w, https:\/\/i0.wp.com\/pfadfinder-kuppenheim.de\/wp-content\/uploads\/2016\/08\/DSCF5396.jpg?w=1024&amp;ssl=1 1024w, https:\/\/i0.wp.com\/pfadfinder-kuppenheim.de\/wp-content\/uploads\/2016\/08\/DSCF5396.jpg?resize=750%2C500&amp;ssl=1 750w\" sizes=\"auto, (max-width: 300px) 100vw, 300px\" \/><\/a><figcaption id=\"caption-attachment-3251\" class=\"wp-caption-text\">Marv beim Chillen<\/figcaption><\/figure>\n<figure id=\"attachment_3254\" aria-describedby=\"caption-attachment-3254\" style=\"width: 300px\" class=\"wp-caption alignnone\"><a href=\"https:\/\/i0.wp.com\/blog.pfadfinder-kuppenheim.de\/wp-content\/uploads\/2016\/08\/DSCF5379.jpg\"><img data-recalc-dims=\"1\" loading=\"lazy\" decoding=\"async\" class=\"size-medium wp-image-3254\" src=\"https:\/\/i0.wp.com\/blog.pfadfinder-kuppenheim.de\/wp-content\/uploads\/2016\/08\/DSCF5379-300x200.jpg?resize=300%2C200\" alt=\"Im Schatten wars aushaltbar\" width=\"300\" height=\"200\" srcset=\"https:\/\/i0.wp.com\/pfadfinder-kuppenheim.de\/wp-content\/uploads\/2016\/08\/DSCF5379.jpg?resize=300%2C200&amp;ssl=1 300w, https:\/\/i0.wp.com\/pfadfinder-kuppenheim.de\/wp-content\/uploads\/2016\/08\/DSCF5379.jpg?resize=768%2C512&amp;ssl=1 768w, https:\/\/i0.wp.com\/pfadfinder-kuppenheim.de\/wp-content\/uploads\/2016\/08\/DSCF5379.jpg?w=1024&amp;ssl=1 1024w, https:\/\/i0.wp.com\/pfadfinder-kuppenheim.de\/wp-content\/uploads\/2016\/08\/DSCF5379.jpg?resize=750%2C500&amp;ssl=1 750w\" sizes=\"auto, (max-width: 300px) 100vw, 300px\" \/><\/a><figcaption id=\"caption-attachment-3254\" class=\"wp-caption-text\">Im Schatten wars aushaltbar<\/figcaption><\/figure>\n<figure id=\"attachment_3252\" aria-describedby=\"caption-attachment-3252\" style=\"width: 300px\" class=\"wp-caption alignnone\"><a href=\"https:\/\/i0.wp.com\/blog.pfadfinder-kuppenheim.de\/wp-content\/uploads\/2016\/08\/DSCF5377.jpg\"><img data-recalc-dims=\"1\" loading=\"lazy\" decoding=\"async\" class=\"size-medium wp-image-3252\" src=\"https:\/\/i0.wp.com\/blog.pfadfinder-kuppenheim.de\/wp-content\/uploads\/2016\/08\/DSCF5377-300x200.jpg?resize=300%2C200\" alt=\"XXL Bierk\u00fchler (Ist nur Radler)\" width=\"300\" height=\"200\" srcset=\"https:\/\/i0.wp.com\/pfadfinder-kuppenheim.de\/wp-content\/uploads\/2016\/08\/DSCF5377.jpg?resize=300%2C200&amp;ssl=1 300w, https:\/\/i0.wp.com\/pfadfinder-kuppenheim.de\/wp-content\/uploads\/2016\/08\/DSCF5377.jpg?resize=768%2C512&amp;ssl=1 768w, https:\/\/i0.wp.com\/pfadfinder-kuppenheim.de\/wp-content\/uploads\/2016\/08\/DSCF5377.jpg?w=1024&amp;ssl=1 1024w, https:\/\/i0.wp.com\/pfadfinder-kuppenheim.de\/wp-content\/uploads\/2016\/08\/DSCF5377.jpg?resize=750%2C500&amp;ssl=1 750w\" sizes=\"auto, (max-width: 300px) 100vw, 300px\" \/><\/a><figcaption id=\"caption-attachment-3252\" class=\"wp-caption-text\">XXL Bierk\u00fchler<br \/>(Ist nur Radler)<\/figcaption><\/figure>\n<p>Abends war dann nochmal Action angesagt, es ging ins Black Fox Lasertag in Roseheim. (Bilder kommen Sp\u00e4ter). Als Abendessen gabs dann flame grilled Burger nach Roverart. (Alles druff und dann hoffe das nix runer f\u00e4llt)<\/p>\n","protected":false},"excerpt":{"rendered":"<p>Morgens gab es fett Eierspeck (Mehr Speck als R\u00fchrei) mit Brot. Auch dieses Fr\u00fchst\u00fcck war eher ein Brunch als Fr\u00fchst\u00fcck, denn wir waren erst um 11.30 zur Abfahrt bereit. Es ging nach Bernau Felden am Chiemsee wo wir den Nachmittag am See verbrachten. Abends war dann nochmal Action angesagt, es ging ins Black Fox Lasertag&hellip;&nbsp;<a href=\"https:\/\/pfadfinder-kuppenheim.de\/?p=3221\" class=\"\" rel=\"bookmark\">Weiterlesen &raquo;<span class=\"screen-reader-text\">Diestag: Chiemsee-rumgammeln<\/span><\/a><\/p>\n","protected":false},"author":2,"featured_media":0,"comment_status":"closed","ping_status":"closed","sticky":false,"template":"","format":"standard","meta":{"neve_meta_sidebar":"","neve_meta_container":"","neve_meta_enable_content_width":"","neve_meta_content_width":0,"neve_meta_title_alignment":"","neve_meta_author_avatar":"","neve_post_elements_order":"","neve_meta_disable_header":"","neve_meta_disable_footer":"","neve_meta_disable_title":"","jetpack_post_was_ever_published":false,"_jetpack_newsletter_access":"","_jetpack_dont_email_post_to_subs":false,"_jetpack_newsletter_tier_id":0,"_jetpack_memberships_contains_paywalled_content":false,"_jetpack_memberships_contains_paid_content":false,"footnotes":"","jetpack_publicize_message":"","jetpack_publicize_feature_enabled":true,"jetpack_social_post_already_shared":true,"jetpack_social_options":{"image_generator_settings":{"template":"highway","default_image_id":0,"font":"","enabled":false},"version":2}},"categories":[7],"tags":[],"class_list":["post-3221","post","type-post","status-publish","format-standard","hentry","category-rover"],"jetpack_publicize_connections":[],"jetpack_featured_media_url":"","jetpack_sharing_enabled":true,"jetpack_shortlink":"https:\/\/wp.me\/p3G0PZ-PX","_links":{"self":[{"href":"https:\/\/pfadfinder-kuppenheim.de\/index.php?rest_route=\/wp\/v2\/posts\/3221","targetHints":{"allow":["GET"]}}],"collection":[{"href":"https:\/\/pfadfinder-kuppenheim.de\/index.php?rest_route=\/wp\/v2\/posts"}],"about":[{"href":"https:\/\/pfadfinder-kuppenheim.de\/index.php?rest_route=\/wp\/v2\/types\/post"}],"author":[{"embeddable":true,"href":"https:\/\/pfadfinder-kuppenheim.de\/index.php?rest_route=\/wp\/v2\/users\/2"}],"replies":[{"embeddable":true,"href":"https:\/\/pfadfinder-kuppenheim.de\/index.php?rest_route=%2Fwp%2Fv2%2Fcomments&post=3221"}],"version-history":[{"count":4,"href":"https:\/\/pfadfinder-kuppenheim.de\/index.php?rest_route=\/wp\/v2\/posts\/3221\/revisions"}],"predecessor-version":[{"id":3255,"href":"https:\/\/pfadfinder-kuppenheim.de\/index.php?rest_route=\/wp\/v2\/posts\/3221\/revisions\/3255"}],"wp:attachment":[{"href":"https:\/\/pfadfinder-kuppenheim.de\/index.php?rest_route=%2Fwp%2Fv2%2Fmedia&parent=3221"}],"wp:term":[{"taxonomy":"category","embeddable":true,"href":"https:\/\/pfadfinder-kuppenheim.de\/index.php?rest_route=%2Fwp%2Fv2%2Fcategories&post=3221"},{"taxonomy":"post_tag","embeddable":true,"href":"https:\/\/pfadfinder-kuppenheim.de\/index.php?rest_route=%2Fwp%2Fv2%2Ftags&post=3221"}],"curies":[{"name":"wp","href":"https:\/\/api.w.org\/{rel}","templated":true}]}}