{"id":3217,"date":"2016-08-25T12:32:06","date_gmt":"2016-08-25T10:32:06","guid":{"rendered":"http:\/\/blog.pfadfinder-kuppenheim.de\/?p=3217"},"modified":"2017-10-27T13:40:00","modified_gmt":"2017-10-27T11:40:00","slug":"montag-besuch-im-deutschen-museum","status":"publish","type":"post","link":"https:\/\/pfadfinder-kuppenheim.de\/?p=3217","title":{"rendered":"Montag: Besuch im Deutschen Museum"},"content":{"rendered":"<p>Nach einem sp\u00e4tem und ausgedehnten Fr\u00fchst\u00fcck mit Nutella, Marmelade, Honig und Unterlage ging es nach M\u00fcnchen. Dort besuchten wir das Deutsche Museum in M\u00fcnchen.<\/p>\n<p><a href=\"https:\/\/i0.wp.com\/blog.pfadfinder-kuppenheim.de\/wp-content\/uploads\/2016\/08\/DSCF5367.jpg\"><img data-recalc-dims=\"1\" loading=\"lazy\" decoding=\"async\" class=\"alignnone size-medium wp-image-3257\" src=\"https:\/\/i0.wp.com\/blog.pfadfinder-kuppenheim.de\/wp-content\/uploads\/2016\/08\/DSCF5367-300x200.jpg?resize=300%2C200\" alt=\"DSCF5367\" width=\"300\" height=\"200\" srcset=\"https:\/\/i0.wp.com\/pfadfinder-kuppenheim.de\/wp-content\/uploads\/2016\/08\/DSCF5367.jpg?resize=300%2C200&amp;ssl=1 300w, https:\/\/i0.wp.com\/pfadfinder-kuppenheim.de\/wp-content\/uploads\/2016\/08\/DSCF5367.jpg?resize=768%2C512&amp;ssl=1 768w, https:\/\/i0.wp.com\/pfadfinder-kuppenheim.de\/wp-content\/uploads\/2016\/08\/DSCF5367.jpg?w=1024&amp;ssl=1 1024w, https:\/\/i0.wp.com\/pfadfinder-kuppenheim.de\/wp-content\/uploads\/2016\/08\/DSCF5367.jpg?resize=750%2C500&amp;ssl=1 750w\" sizes=\"auto, (max-width: 300px) 100vw, 300px\" \/><\/a><\/p>\n<p><a href=\"https:\/\/i0.wp.com\/blog.pfadfinder-kuppenheim.de\/wp-content\/uploads\/2016\/08\/DSCF5372.jpg\"><img data-recalc-dims=\"1\" loading=\"lazy\" decoding=\"async\" class=\"alignnone size-medium wp-image-3258\" src=\"https:\/\/i0.wp.com\/blog.pfadfinder-kuppenheim.de\/wp-content\/uploads\/2016\/08\/DSCF5372-300x200.jpg?resize=300%2C200\" alt=\"DSCF5372\" width=\"300\" height=\"200\" srcset=\"https:\/\/i0.wp.com\/pfadfinder-kuppenheim.de\/wp-content\/uploads\/2016\/08\/DSCF5372.jpg?resize=300%2C200&amp;ssl=1 300w, https:\/\/i0.wp.com\/pfadfinder-kuppenheim.de\/wp-content\/uploads\/2016\/08\/DSCF5372.jpg?resize=768%2C512&amp;ssl=1 768w, https:\/\/i0.wp.com\/pfadfinder-kuppenheim.de\/wp-content\/uploads\/2016\/08\/DSCF5372.jpg?w=1024&amp;ssl=1 1024w, https:\/\/i0.wp.com\/pfadfinder-kuppenheim.de\/wp-content\/uploads\/2016\/08\/DSCF5372.jpg?resize=750%2C500&amp;ssl=1 750w\" sizes=\"auto, (max-width: 300px) 100vw, 300px\" \/><\/a><\/p>\n<p>Kurz vor der Schlie\u00dfung des Museums begaben wir uns in richtung Bus. (Den haben wir in einem Parkhaus in Frottmaning zur\u00fcckgelassen, wem das nichts sagt, das ist direkt neben der Allianz Arena) Auf dem R\u00fcckweg besorgten wir noch die n\u00f6tigen &#8222;Fressalien&#8220; f\u00fcr die n\u00e4chsten Tage. Den Abend lie\u00dfen wir mit gem\u00fctlichen beisammensitzen am Feuer ausklingen.<\/p>\n","protected":false},"excerpt":{"rendered":"<p>Nach einem sp\u00e4tem und ausgedehnten Fr\u00fchst\u00fcck mit Nutella, Marmelade, Honig und Unterlage ging es nach M\u00fcnchen. Dort besuchten wir das Deutsche Museum in M\u00fcnchen. Kurz vor der Schlie\u00dfung des Museums begaben wir uns in richtung Bus. (Den haben wir in einem Parkhaus in Frottmaning zur\u00fcckgelassen, wem das nichts sagt, das ist direkt neben der Allianz&hellip;&nbsp;<a href=\"https:\/\/pfadfinder-kuppenheim.de\/?p=3217\" class=\"\" rel=\"bookmark\">Weiterlesen &raquo;<span class=\"screen-reader-text\">Montag: Besuch im Deutschen Museum<\/span><\/a><\/p>\n","protected":false},"author":2,"featured_media":0,"comment_status":"closed","ping_status":"closed","sticky":false,"template":"","format":"standard","meta":{"neve_meta_sidebar":"","neve_meta_container":"","neve_meta_enable_content_width":"","neve_meta_content_width":0,"neve_meta_title_alignment":"","neve_meta_author_avatar":"","neve_post_elements_order":"","neve_meta_disable_header":"","neve_meta_disable_footer":"","neve_meta_disable_title":"","jetpack_post_was_ever_published":false,"_jetpack_newsletter_access":"","_jetpack_dont_email_post_to_subs":false,"_jetpack_newsletter_tier_id":0,"_jetpack_memberships_contains_paywalled_content":false,"_jetpack_memberships_contains_paid_content":false,"footnotes":"","jetpack_publicize_message":"","jetpack_publicize_feature_enabled":true,"jetpack_social_post_already_shared":true,"jetpack_social_options":{"image_generator_settings":{"template":"highway","default_image_id":0,"font":"","enabled":false},"version":2}},"categories":[7],"tags":[],"class_list":["post-3217","post","type-post","status-publish","format-standard","hentry","category-rover"],"jetpack_publicize_connections":[],"jetpack_featured_media_url":"","jetpack_sharing_enabled":true,"jetpack_shortlink":"https:\/\/wp.me\/p3G0PZ-PT","_links":{"self":[{"href":"https:\/\/pfadfinder-kuppenheim.de\/index.php?rest_route=\/wp\/v2\/posts\/3217","targetHints":{"allow":["GET"]}}],"collection":[{"href":"https:\/\/pfadfinder-kuppenheim.de\/index.php?rest_route=\/wp\/v2\/posts"}],"about":[{"href":"https:\/\/pfadfinder-kuppenheim.de\/index.php?rest_route=\/wp\/v2\/types\/post"}],"author":[{"embeddable":true,"href":"https:\/\/pfadfinder-kuppenheim.de\/index.php?rest_route=\/wp\/v2\/users\/2"}],"replies":[{"embeddable":true,"href":"https:\/\/pfadfinder-kuppenheim.de\/index.php?rest_route=%2Fwp%2Fv2%2Fcomments&post=3217"}],"version-history":[{"count":3,"href":"https:\/\/pfadfinder-kuppenheim.de\/index.php?rest_route=\/wp\/v2\/posts\/3217\/revisions"}],"predecessor-version":[{"id":3259,"href":"https:\/\/pfadfinder-kuppenheim.de\/index.php?rest_route=\/wp\/v2\/posts\/3217\/revisions\/3259"}],"wp:attachment":[{"href":"https:\/\/pfadfinder-kuppenheim.de\/index.php?rest_route=%2Fwp%2Fv2%2Fmedia&parent=3217"}],"wp:term":[{"taxonomy":"category","embeddable":true,"href":"https:\/\/pfadfinder-kuppenheim.de\/index.php?rest_route=%2Fwp%2Fv2%2Fcategories&post=3217"},{"taxonomy":"post_tag","embeddable":true,"href":"https:\/\/pfadfinder-kuppenheim.de\/index.php?rest_route=%2Fwp%2Fv2%2Ftags&post=3217"}],"curies":[{"name":"wp","href":"https:\/\/api.w.org\/{rel}","templated":true}]}}