{"id":320,"date":"2013-08-11T00:36:33","date_gmt":"2013-08-10T22:36:33","guid":{"rendered":"http:\/\/blog.pfadfinder-kuppenheim.de\/?p=320"},"modified":"2017-10-27T13:40:12","modified_gmt":"2017-10-27T11:40:12","slug":"tag-10","status":"publish","type":"post","link":"https:\/\/pfadfinder-kuppenheim.de\/?p=320","title":{"rendered":"Tag 10"},"content":{"rendered":"<p>Der heutige Tag stand unter dem Motto Abbau. Sah das Wetter am Morgen noch nach Regen aus, kl\u00e4rte es gegen Mittag auf und wir konnten problemlos die Zelte trocken abbauen und im Anh\u00e4nger verladen.<br \/>\nNach dem abendlichen gemeinsamen Grillen gingen wir zum Abschlussgottesdienst mit anschlie\u00dfender Abschlussveranstaltung und Konzert.<br \/>\nDer Tag endete dann mit dem Ergebnis der Lagerolympiade und der Verleihung der Lagermedaillen.<br \/>\nWenn nichts dazwischen kommt, werden wir voraussichtlich zwischen vier und halb f\u00fcnf bereits in Kuppenheim sein. <\/p>\n<p><a href=\"https:\/\/i0.wp.com\/blog.pfadfinder-kuppenheim.de\/wp-content\/uploads\/2013\/08\/wpid-IMG_3825.jpg\"><img data-recalc-dims=\"1\" decoding=\"async\" title=\"IMG_3825.JPG\" class=\"alignnone size-full\" alt=\"image\" src=\"https:\/\/i0.wp.com\/blog.pfadfinder-kuppenheim.de\/wp-content\/uploads\/2013\/08\/wpid-IMG_3825.jpg?w=1200\" \/><\/a><\/p>\n<p><a href=\"https:\/\/i0.wp.com\/blog.pfadfinder-kuppenheim.de\/wp-content\/uploads\/2013\/08\/wpid-IMG_3840.jpg\"><img data-recalc-dims=\"1\" decoding=\"async\" title=\"IMG_3840.JPG\" class=\"alignnone size-full\" alt=\"image\" src=\"https:\/\/i0.wp.com\/blog.pfadfinder-kuppenheim.de\/wp-content\/uploads\/2013\/08\/wpid-IMG_3840.jpg?w=1200\" \/><\/a><\/p>\n<p><a href=\"https:\/\/i0.wp.com\/blog.pfadfinder-kuppenheim.de\/wp-content\/uploads\/2013\/08\/wpid-IMG_3865.jpg\"><img data-recalc-dims=\"1\" decoding=\"async\" title=\"IMG_3865.JPG\" class=\"alignnone size-full\" alt=\"image\" src=\"https:\/\/i0.wp.com\/blog.pfadfinder-kuppenheim.de\/wp-content\/uploads\/2013\/08\/wpid-IMG_3865.jpg?w=1200\" \/><\/a><\/p>\n<p><a href=\"https:\/\/i0.wp.com\/blog.pfadfinder-kuppenheim.de\/wp-content\/uploads\/2013\/08\/wpid-IMG_3874.jpg\"><img data-recalc-dims=\"1\" decoding=\"async\" title=\"IMG_3874.JPG\" class=\"alignnone size-full\" alt=\"image\" src=\"https:\/\/i0.wp.com\/blog.pfadfinder-kuppenheim.de\/wp-content\/uploads\/2013\/08\/wpid-IMG_3874.jpg?w=1200\" \/><\/a><\/p>\n<p><a href=\"https:\/\/i0.wp.com\/blog.pfadfinder-kuppenheim.de\/wp-content\/uploads\/2013\/08\/wpid-IMG_3883.jpg\"><img data-recalc-dims=\"1\" decoding=\"async\" title=\"IMG_3883.JPG\" class=\"alignnone size-full\" alt=\"image\" src=\"https:\/\/i0.wp.com\/blog.pfadfinder-kuppenheim.de\/wp-content\/uploads\/2013\/08\/wpid-IMG_3883.jpg?w=1200\" \/><\/a><\/p>\n<p><a href=\"https:\/\/i0.wp.com\/blog.pfadfinder-kuppenheim.de\/wp-content\/uploads\/2013\/08\/wpid-IMG_3891.jpg\"><img data-recalc-dims=\"1\" decoding=\"async\" title=\"IMG_3891.JPG\" class=\"alignnone size-full\" alt=\"image\" src=\"https:\/\/i0.wp.com\/blog.pfadfinder-kuppenheim.de\/wp-content\/uploads\/2013\/08\/wpid-IMG_3891.jpg?w=1200\" \/><\/a><\/p>\n","protected":false},"excerpt":{"rendered":"<p>Der heutige Tag stand unter dem Motto Abbau. Sah das Wetter am Morgen noch nach Regen aus, kl\u00e4rte es gegen Mittag auf und wir konnten problemlos die Zelte trocken abbauen und im Anh\u00e4nger verladen. Nach dem abendlichen gemeinsamen Grillen gingen wir zum Abschlussgottesdienst mit anschlie\u00dfender Abschlussveranstaltung und Konzert. Der Tag endete dann mit dem Ergebnis&hellip;&nbsp;<a href=\"https:\/\/pfadfinder-kuppenheim.de\/?p=320\" class=\"\" rel=\"bookmark\">Weiterlesen &raquo;<span class=\"screen-reader-text\">Tag 10<\/span><\/a><\/p>\n","protected":false},"author":4,"featured_media":0,"comment_status":"closed","ping_status":"closed","sticky":false,"template":"","format":"standard","meta":{"neve_meta_sidebar":"","neve_meta_container":"","neve_meta_enable_content_width":"","neve_meta_content_width":0,"neve_meta_title_alignment":"","neve_meta_author_avatar":"","neve_post_elements_order":"","neve_meta_disable_header":"","neve_meta_disable_footer":"","neve_meta_disable_title":"","jetpack_post_was_ever_published":false,"_jetpack_newsletter_access":"","_jetpack_dont_email_post_to_subs":false,"_jetpack_newsletter_tier_id":0,"_jetpack_memberships_contains_paywalled_content":false,"_jetpack_memberships_contains_paid_content":false,"footnotes":"","jetpack_publicize_message":"","jetpack_publicize_feature_enabled":true,"jetpack_social_post_already_shared":true,"jetpack_social_options":{"image_generator_settings":{"template":"highway","default_image_id":0,"font":"","enabled":false},"version":2}},"categories":[10],"tags":[],"class_list":["post-320","post","type-post","status-publish","format-standard","hentry","category-scoutside"],"jetpack_publicize_connections":[],"jetpack_featured_media_url":"","jetpack_sharing_enabled":true,"jetpack_shortlink":"https:\/\/wp.me\/p3G0PZ-5a","_links":{"self":[{"href":"https:\/\/pfadfinder-kuppenheim.de\/index.php?rest_route=\/wp\/v2\/posts\/320","targetHints":{"allow":["GET"]}}],"collection":[{"href":"https:\/\/pfadfinder-kuppenheim.de\/index.php?rest_route=\/wp\/v2\/posts"}],"about":[{"href":"https:\/\/pfadfinder-kuppenheim.de\/index.php?rest_route=\/wp\/v2\/types\/post"}],"author":[{"embeddable":true,"href":"https:\/\/pfadfinder-kuppenheim.de\/index.php?rest_route=\/wp\/v2\/users\/4"}],"replies":[{"embeddable":true,"href":"https:\/\/pfadfinder-kuppenheim.de\/index.php?rest_route=%2Fwp%2Fv2%2Fcomments&post=320"}],"version-history":[{"count":1,"href":"https:\/\/pfadfinder-kuppenheim.de\/index.php?rest_route=\/wp\/v2\/posts\/320\/revisions"}],"predecessor-version":[{"id":336,"href":"https:\/\/pfadfinder-kuppenheim.de\/index.php?rest_route=\/wp\/v2\/posts\/320\/revisions\/336"}],"wp:attachment":[{"href":"https:\/\/pfadfinder-kuppenheim.de\/index.php?rest_route=%2Fwp%2Fv2%2Fmedia&parent=320"}],"wp:term":[{"taxonomy":"category","embeddable":true,"href":"https:\/\/pfadfinder-kuppenheim.de\/index.php?rest_route=%2Fwp%2Fv2%2Fcategories&post=320"},{"taxonomy":"post_tag","embeddable":true,"href":"https:\/\/pfadfinder-kuppenheim.de\/index.php?rest_route=%2Fwp%2Fv2%2Ftags&post=320"}],"curies":[{"name":"wp","href":"https:\/\/api.w.org\/{rel}","templated":true}]}}