{"id":3164,"date":"2016-08-11T08:05:22","date_gmt":"2016-08-11T06:05:22","guid":{"rendered":"http:\/\/blog.pfadfinder-kuppenheim.de\/?p=3164"},"modified":"2017-10-27T13:40:00","modified_gmt":"2017-10-27T11:40:00","slug":"abbautag","status":"publish","type":"post","link":"https:\/\/pfadfinder-kuppenheim.de\/?p=3164","title":{"rendered":"Abbautag"},"content":{"rendered":"<p>Mit besten Vorraussetzungen starten wir in den Tag!<\/p>\n<p><a href=\"https:\/\/i0.wp.com\/blog.pfadfinder-kuppenheim.de\/wp-content\/uploads\/2016\/08\/img_4268.jpg\"><img data-recalc-dims=\"1\" loading=\"lazy\" decoding=\"async\" src=\"https:\/\/i0.wp.com\/blog.pfadfinder-kuppenheim.de\/wp-content\/uploads\/2016\/08\/img_4268.jpg?resize=1000%2C750\" alt=\"\" width=\"1000\" height=\"750\" class=\"alignnone size-full wp-image-3163\" srcset=\"https:\/\/i0.wp.com\/pfadfinder-kuppenheim.de\/wp-content\/uploads\/2016\/08\/img_4268.jpg?w=1000&amp;ssl=1 1000w, https:\/\/i0.wp.com\/pfadfinder-kuppenheim.de\/wp-content\/uploads\/2016\/08\/img_4268.jpg?resize=300%2C225&amp;ssl=1 300w, https:\/\/i0.wp.com\/pfadfinder-kuppenheim.de\/wp-content\/uploads\/2016\/08\/img_4268.jpg?resize=768%2C576&amp;ssl=1 768w, https:\/\/i0.wp.com\/pfadfinder-kuppenheim.de\/wp-content\/uploads\/2016\/08\/img_4268.jpg?resize=750%2C563&amp;ssl=1 750w\" sizes=\"auto, (max-width: 1000px) 100vw, 1000px\" \/><\/a><\/p>\n<p>Nach ein kleinen kurzen Morgenrunde ging es sofort zum abbauen \u00fcber.<\/p>\n<p><a href=\"https:\/\/i0.wp.com\/blog.pfadfinder-kuppenheim.de\/wp-content\/uploads\/2016\/08\/wp-image-436231386jpg.jpg\"><img data-recalc-dims=\"1\" loading=\"lazy\" decoding=\"async\" src=\"https:\/\/i0.wp.com\/blog.pfadfinder-kuppenheim.de\/wp-content\/uploads\/2016\/08\/wp-image-436231386jpg.jpg?resize=1200%2C900\" alt=\"\" class=\"wp-image-3165 alignnone size-full\" width=\"1200\" height=\"900\"><\/a><\/p>\n<p>Und heute mit der letzten K\u00f6nigin dieses Sommerlagers&#8230;&nbsp;<\/p>\n<p><a href=\"https:\/\/i0.wp.com\/blog.pfadfinder-kuppenheim.de\/wp-content\/uploads\/2016\/08\/wp-image-119782101jpg.jpg\"><img data-recalc-dims=\"1\" loading=\"lazy\" decoding=\"async\" src=\"https:\/\/i0.wp.com\/blog.pfadfinder-kuppenheim.de\/wp-content\/uploads\/2016\/08\/wp-image-119782101jpg.jpg?resize=1200%2C900\" alt=\"\" class=\"wp-image-3166 alignnone size-full\" width=\"1200\" height=\"900\"><\/a><\/p>\n<p>Ohne Mampf kein Kampf&#8230;<\/p>\n<p><a href=\"https:\/\/i0.wp.com\/blog.pfadfinder-kuppenheim.de\/wp-content\/uploads\/2016\/08\/wp-image-1785647435jpg.jpg\"><img data-recalc-dims=\"1\" loading=\"lazy\" decoding=\"async\" src=\"https:\/\/i0.wp.com\/blog.pfadfinder-kuppenheim.de\/wp-content\/uploads\/2016\/08\/wp-image-1785647435jpg.jpg?resize=1200%2C900\" alt=\"\" class=\"wp-image-3168 alignnone size-full\" width=\"1200\" height=\"900\"><\/a><\/p>\n<p>Abbau l\u00e4uft sehr gut und die Kinder sind super flei\u00dfig. Das freut die Gruppenleiter und wir haben fast komplett zusammengepackt und das TROCKEN!!!!<\/p>\n<p><a href=\"https:\/\/i0.wp.com\/blog.pfadfinder-kuppenheim.de\/wp-content\/uploads\/2016\/08\/img_4276.jpg\"><img data-recalc-dims=\"1\" loading=\"lazy\" decoding=\"async\" src=\"https:\/\/i0.wp.com\/blog.pfadfinder-kuppenheim.de\/wp-content\/uploads\/2016\/08\/img_4276.jpg?resize=374%2C280\" alt=\"\" width=\"374\" height=\"280\" class=\"alignnone size-full wp-image-3172\" srcset=\"https:\/\/i0.wp.com\/pfadfinder-kuppenheim.de\/wp-content\/uploads\/2016\/08\/img_4276.jpg?w=374&amp;ssl=1 374w, https:\/\/i0.wp.com\/pfadfinder-kuppenheim.de\/wp-content\/uploads\/2016\/08\/img_4276.jpg?resize=300%2C225&amp;ssl=1 300w\" sizes=\"auto, (max-width: 374px) 100vw, 374px\" \/><\/a><a href=\"https:\/\/i0.wp.com\/blog.pfadfinder-kuppenheim.de\/wp-content\/uploads\/2016\/08\/img_4279.jpg\"><img data-recalc-dims=\"1\" loading=\"lazy\" decoding=\"async\" src=\"https:\/\/i0.wp.com\/blog.pfadfinder-kuppenheim.de\/wp-content\/uploads\/2016\/08\/img_4279.jpg?resize=1000%2C750\" alt=\"\" width=\"1000\" height=\"750\" class=\"alignnone size-full wp-image-3175\" srcset=\"https:\/\/i0.wp.com\/pfadfinder-kuppenheim.de\/wp-content\/uploads\/2016\/08\/img_4279.jpg?w=1000&amp;ssl=1 1000w, https:\/\/i0.wp.com\/pfadfinder-kuppenheim.de\/wp-content\/uploads\/2016\/08\/img_4279.jpg?resize=300%2C225&amp;ssl=1 300w, https:\/\/i0.wp.com\/pfadfinder-kuppenheim.de\/wp-content\/uploads\/2016\/08\/img_4279.jpg?resize=768%2C576&amp;ssl=1 768w, https:\/\/i0.wp.com\/pfadfinder-kuppenheim.de\/wp-content\/uploads\/2016\/08\/img_4279.jpg?resize=750%2C563&amp;ssl=1 750w\" sizes=\"auto, (max-width: 1000px) 100vw, 1000px\" \/><\/a><a href=\"https:\/\/i0.wp.com\/blog.pfadfinder-kuppenheim.de\/wp-content\/uploads\/2016\/08\/img_4281.jpg\"><img data-recalc-dims=\"1\" loading=\"lazy\" decoding=\"async\" src=\"https:\/\/i0.wp.com\/blog.pfadfinder-kuppenheim.de\/wp-content\/uploads\/2016\/08\/img_4281.jpg?resize=1000%2C750\" alt=\"\" width=\"1000\" height=\"750\" class=\"alignnone size-full wp-image-3174\" srcset=\"https:\/\/i0.wp.com\/pfadfinder-kuppenheim.de\/wp-content\/uploads\/2016\/08\/img_4281.jpg?w=1000&amp;ssl=1 1000w, https:\/\/i0.wp.com\/pfadfinder-kuppenheim.de\/wp-content\/uploads\/2016\/08\/img_4281.jpg?resize=300%2C225&amp;ssl=1 300w, https:\/\/i0.wp.com\/pfadfinder-kuppenheim.de\/wp-content\/uploads\/2016\/08\/img_4281.jpg?resize=768%2C576&amp;ssl=1 768w, https:\/\/i0.wp.com\/pfadfinder-kuppenheim.de\/wp-content\/uploads\/2016\/08\/img_4281.jpg?resize=750%2C563&amp;ssl=1 750w\" sizes=\"auto, (max-width: 1000px) 100vw, 1000px\" \/><\/a><a href=\"https:\/\/i0.wp.com\/blog.pfadfinder-kuppenheim.de\/wp-content\/uploads\/2016\/08\/img_4285.jpg\"><img data-recalc-dims=\"1\" loading=\"lazy\" decoding=\"async\" src=\"https:\/\/i0.wp.com\/blog.pfadfinder-kuppenheim.de\/wp-content\/uploads\/2016\/08\/img_4285.jpg?resize=1000%2C750\" alt=\"\" width=\"1000\" height=\"750\" class=\"alignnone size-full wp-image-3176\" srcset=\"https:\/\/i0.wp.com\/pfadfinder-kuppenheim.de\/wp-content\/uploads\/2016\/08\/img_4285.jpg?w=1000&amp;ssl=1 1000w, https:\/\/i0.wp.com\/pfadfinder-kuppenheim.de\/wp-content\/uploads\/2016\/08\/img_4285.jpg?resize=300%2C225&amp;ssl=1 300w, https:\/\/i0.wp.com\/pfadfinder-kuppenheim.de\/wp-content\/uploads\/2016\/08\/img_4285.jpg?resize=768%2C576&amp;ssl=1 768w, https:\/\/i0.wp.com\/pfadfinder-kuppenheim.de\/wp-content\/uploads\/2016\/08\/img_4285.jpg?resize=750%2C563&amp;ssl=1 750w\" sizes=\"auto, (max-width: 1000px) 100vw, 1000px\" \/><\/a><a href=\"https:\/\/i0.wp.com\/blog.pfadfinder-kuppenheim.de\/wp-content\/uploads\/2016\/08\/img_4283.jpg\"><img data-recalc-dims=\"1\" loading=\"lazy\" decoding=\"async\" src=\"https:\/\/i0.wp.com\/blog.pfadfinder-kuppenheim.de\/wp-content\/uploads\/2016\/08\/img_4283.jpg?resize=1000%2C750\" alt=\"\" width=\"1000\" height=\"750\" class=\"alignnone size-full wp-image-3173\" srcset=\"https:\/\/i0.wp.com\/pfadfinder-kuppenheim.de\/wp-content\/uploads\/2016\/08\/img_4283.jpg?w=1000&amp;ssl=1 1000w, https:\/\/i0.wp.com\/pfadfinder-kuppenheim.de\/wp-content\/uploads\/2016\/08\/img_4283.jpg?resize=300%2C225&amp;ssl=1 300w, https:\/\/i0.wp.com\/pfadfinder-kuppenheim.de\/wp-content\/uploads\/2016\/08\/img_4283.jpg?resize=768%2C576&amp;ssl=1 768w, https:\/\/i0.wp.com\/pfadfinder-kuppenheim.de\/wp-content\/uploads\/2016\/08\/img_4283.jpg?resize=750%2C563&amp;ssl=1 750w\" sizes=\"auto, (max-width: 1000px) 100vw, 1000px\" \/><\/a><a href=\"https:\/\/i0.wp.com\/blog.pfadfinder-kuppenheim.de\/wp-content\/uploads\/2016\/08\/wp-image-663084304jpg.jpg\"><img data-recalc-dims=\"1\" loading=\"lazy\" decoding=\"async\" src=\"https:\/\/i0.wp.com\/blog.pfadfinder-kuppenheim.de\/wp-content\/uploads\/2016\/08\/wp-image-663084304jpg.jpg?resize=1200%2C900\" alt=\"\" class=\"wp-image-3169 alignnone size-full\" width=\"1200\" height=\"900\"><\/a><\/p>\n<p><a href=\"https:\/\/i0.wp.com\/blog.pfadfinder-kuppenheim.de\/wp-content\/uploads\/2016\/08\/wp-image-1450289131jpg.jpg\"><img data-recalc-dims=\"1\" loading=\"lazy\" decoding=\"async\" src=\"https:\/\/i0.wp.com\/blog.pfadfinder-kuppenheim.de\/wp-content\/uploads\/2016\/08\/wp-image-1450289131jpg.jpg?resize=1200%2C900\" alt=\"\" class=\"wp-image-3170 alignnone size-full\" width=\"1200\" height=\"900\"><\/a><\/p>\n<p>Da der Abbau so fix ging, gabs noch ein von Yannick organisiertes Fu\u00dfballtunier.<\/p>\n<p>Bald kann das gro\u00dfe Grillen los gehen.&nbsp;<\/p>\n<p><a href=\"https:\/\/i0.wp.com\/blog.pfadfinder-kuppenheim.de\/wp-content\/uploads\/2016\/08\/wp-image-417147243jpg.jpg\"><img data-recalc-dims=\"1\" loading=\"lazy\" decoding=\"async\" src=\"https:\/\/i0.wp.com\/blog.pfadfinder-kuppenheim.de\/wp-content\/uploads\/2016\/08\/wp-image-417147243jpg.jpg?resize=1200%2C900\" alt=\"\" class=\"wp-image-3179 alignnone size-full\" width=\"1200\" height=\"900\"><\/a><\/p>\n<p>Anschlie\u00dfend werden wir nochmal laut und feiern unseren Bunden Abend!<\/p>\n","protected":false},"excerpt":{"rendered":"<p>Mit besten Vorraussetzungen starten wir in den Tag! Nach ein kleinen kurzen Morgenrunde ging es sofort zum abbauen \u00fcber. Und heute mit der letzten K\u00f6nigin dieses Sommerlagers&#8230;&nbsp; Ohne Mampf kein Kampf&#8230; Abbau l\u00e4uft sehr gut und die Kinder sind super flei\u00dfig. Das freut die Gruppenleiter und wir haben fast komplett zusammengepackt und das TROCKEN!!!! Da&hellip;&nbsp;<a href=\"https:\/\/pfadfinder-kuppenheim.de\/?p=3164\" class=\"\" rel=\"bookmark\">Weiterlesen &raquo;<span class=\"screen-reader-text\">Abbautag<\/span><\/a><\/p>\n","protected":false},"author":2,"featured_media":0,"comment_status":"closed","ping_status":"closed","sticky":false,"template":"","format":"standard","meta":{"neve_meta_sidebar":"","neve_meta_container":"","neve_meta_enable_content_width":"","neve_meta_content_width":0,"neve_meta_title_alignment":"","neve_meta_author_avatar":"","neve_post_elements_order":"","neve_meta_disable_header":"","neve_meta_disable_footer":"","neve_meta_disable_title":"","jetpack_post_was_ever_published":false,"_jetpack_newsletter_access":"","_jetpack_dont_email_post_to_subs":false,"_jetpack_newsletter_tier_id":0,"_jetpack_memberships_contains_paywalled_content":false,"_jetpack_memberships_contains_paid_content":false,"footnotes":"","jetpack_publicize_message":"","jetpack_publicize_feature_enabled":true,"jetpack_social_post_already_shared":true,"jetpack_social_options":{"image_generator_settings":{"template":"highway","default_image_id":0,"font":"","enabled":false},"version":2}},"categories":[5],"tags":[],"class_list":["post-3164","post","type-post","status-publish","format-standard","hentry","category-jupfis"],"jetpack_publicize_connections":[],"jetpack_featured_media_url":"","jetpack_sharing_enabled":true,"jetpack_shortlink":"https:\/\/wp.me\/s3G0PZ-abbautag","_links":{"self":[{"href":"https:\/\/pfadfinder-kuppenheim.de\/index.php?rest_route=\/wp\/v2\/posts\/3164","targetHints":{"allow":["GET"]}}],"collection":[{"href":"https:\/\/pfadfinder-kuppenheim.de\/index.php?rest_route=\/wp\/v2\/posts"}],"about":[{"href":"https:\/\/pfadfinder-kuppenheim.de\/index.php?rest_route=\/wp\/v2\/types\/post"}],"author":[{"embeddable":true,"href":"https:\/\/pfadfinder-kuppenheim.de\/index.php?rest_route=\/wp\/v2\/users\/2"}],"replies":[{"embeddable":true,"href":"https:\/\/pfadfinder-kuppenheim.de\/index.php?rest_route=%2Fwp%2Fv2%2Fcomments&post=3164"}],"version-history":[{"count":5,"href":"https:\/\/pfadfinder-kuppenheim.de\/index.php?rest_route=\/wp\/v2\/posts\/3164\/revisions"}],"predecessor-version":[{"id":3180,"href":"https:\/\/pfadfinder-kuppenheim.de\/index.php?rest_route=\/wp\/v2\/posts\/3164\/revisions\/3180"}],"wp:attachment":[{"href":"https:\/\/pfadfinder-kuppenheim.de\/index.php?rest_route=%2Fwp%2Fv2%2Fmedia&parent=3164"}],"wp:term":[{"taxonomy":"category","embeddable":true,"href":"https:\/\/pfadfinder-kuppenheim.de\/index.php?rest_route=%2Fwp%2Fv2%2Fcategories&post=3164"},{"taxonomy":"post_tag","embeddable":true,"href":"https:\/\/pfadfinder-kuppenheim.de\/index.php?rest_route=%2Fwp%2Fv2%2Ftags&post=3164"}],"curies":[{"name":"wp","href":"https:\/\/api.w.org\/{rel}","templated":true}]}}