{"id":3148,"date":"2016-08-07T00:00:33","date_gmt":"2016-08-06T22:00:33","guid":{"rendered":"http:\/\/blog.pfadfinder-kuppenheim.de\/?p=3148"},"modified":"2017-10-27T13:40:01","modified_gmt":"2017-10-27T11:40:01","slug":"tag-9-so-07-08-2016","status":"publish","type":"post","link":"https:\/\/pfadfinder-kuppenheim.de\/?p=3148","title":{"rendered":"Tag 9 &#8211; So. 07.08.2016"},"content":{"rendered":"<div style=\"direction: ltr; border-width: 100%;\">\n<div style=\"direction: ltr; margin-top: 0in; margin-left: 0in; width: 6.6333in;\">\n<div style=\"direction: ltr; margin-top: 0in; margin-left: 0in; width: 6.6333in;\">\n<p style=\"margin: 0in; font-family: 'Calibri Light'; font-size: 12.0pt;\">\n<p style=\"margin: 0in; font-family: 'Calibri Light'; font-size: 12.0pt;\">Am Sonntag mussten wir fr\u00fch raus, weil wir eine Besichtigung auf Schloss Greifenstein machen wollten. Marcel weckte uns sehr fr\u00fch und wir mussten uns schnell anziehen. Nach einem schnellen Fr\u00fchst\u00fcck machten wir uns auch schon auf den 5km lagen Weg zum Bahnhof. Am Bahnhof mussten wir lange auf die Bahn warten. Als wir an der Endstation angekommen sind, stiegen wir in den Bus um. Dann fuhren wir mit dem Bus in die Ortschaft des Schlosses: Aber wir waren l\u00e4ngst noch nicht da. Wir verliefen uns im Wald, da einige Wege die auf der Karte eingezeichnet waren aber gar nicht da waren. Aber andere Wege gab es die nicht auf der Karte eingezeichnet waren. Aber schlie\u00dflich kamen wir mit etwas elektronischer Hilfe trotzdem am Schloss an. Dann machten wir eine Mittagspause. Danach hat uns ein netter, aber etwas komischer Mann begr\u00fc\u00dft. Er erz\u00e4hlte uns, dass er hier im Schloss wohnt und dass das Schloss schon ewig im Besitz der Familie Staufenberg ist. Die ber\u00fchmteste Person ist Klaus Schenk Graf von Staufenberg. Nach der F\u00fchrung, in der wir noch die Waffenkammer und einige R\u00e4ume betrachtet hatten, a\u00dfen wir noch ein Eis. Danach verspassten wir die Bahn und mussten 1 Stunde warten. Nach einem versp\u00e4teten kochen gab es noch eine kleine Abendrunde nach der Busche ging es ins Bett.<\/p>\n<p style=\"margin: 0in; font-family: 'Calibri Light'; font-size: 12.0pt;\">\n<p style=\"margin: 0in; font-family: 'Calibri Light'; font-size: 12.0pt;\">Jonas und Felix<\/p>\n<p style=\"margin: 0in; font-family: 'Calibri Light'; font-size: 12.0pt;\">\n<\/div>\n<\/div>\n<\/div>\n","protected":false},"excerpt":{"rendered":"<p>Am Sonntag mussten wir fr\u00fch raus, weil wir eine Besichtigung auf Schloss Greifenstein machen wollten. Marcel weckte uns sehr fr\u00fch und wir mussten uns schnell anziehen. Nach einem schnellen Fr\u00fchst\u00fcck machten wir uns auch schon auf den 5km lagen Weg zum Bahnhof. Am Bahnhof mussten wir lange auf die Bahn warten. Als wir an der&hellip;&nbsp;<a href=\"https:\/\/pfadfinder-kuppenheim.de\/?p=3148\" class=\"\" rel=\"bookmark\">Weiterlesen &raquo;<span class=\"screen-reader-text\">Tag 9 &#8211; So. 07.08.2016<\/span><\/a><\/p>\n","protected":false},"author":2,"featured_media":0,"comment_status":"closed","ping_status":"closed","sticky":false,"template":"","format":"standard","meta":{"neve_meta_sidebar":"","neve_meta_container":"","neve_meta_enable_content_width":"","neve_meta_content_width":0,"neve_meta_title_alignment":"","neve_meta_author_avatar":"","neve_post_elements_order":"","neve_meta_disable_header":"","neve_meta_disable_footer":"","neve_meta_disable_title":"","jetpack_post_was_ever_published":false,"_jetpack_newsletter_access":"","_jetpack_dont_email_post_to_subs":false,"_jetpack_newsletter_tier_id":0,"_jetpack_memberships_contains_paywalled_content":false,"_jetpack_memberships_contains_paid_content":false,"footnotes":"","jetpack_publicize_message":"","jetpack_publicize_feature_enabled":true,"jetpack_social_post_already_shared":true,"jetpack_social_options":{"image_generator_settings":{"template":"highway","default_image_id":0,"font":"","enabled":false},"version":2}},"categories":[12],"tags":[],"class_list":["post-3148","post","type-post","status-publish","format-standard","hentry","category-jupfis_sola_tagebuch"],"jetpack_publicize_connections":[],"jetpack_featured_media_url":"","jetpack_sharing_enabled":true,"jetpack_shortlink":"https:\/\/wp.me\/p3G0PZ-OM","_links":{"self":[{"href":"https:\/\/pfadfinder-kuppenheim.de\/index.php?rest_route=\/wp\/v2\/posts\/3148","targetHints":{"allow":["GET"]}}],"collection":[{"href":"https:\/\/pfadfinder-kuppenheim.de\/index.php?rest_route=\/wp\/v2\/posts"}],"about":[{"href":"https:\/\/pfadfinder-kuppenheim.de\/index.php?rest_route=\/wp\/v2\/types\/post"}],"author":[{"embeddable":true,"href":"https:\/\/pfadfinder-kuppenheim.de\/index.php?rest_route=\/wp\/v2\/users\/2"}],"replies":[{"embeddable":true,"href":"https:\/\/pfadfinder-kuppenheim.de\/index.php?rest_route=%2Fwp%2Fv2%2Fcomments&post=3148"}],"version-history":[{"count":1,"href":"https:\/\/pfadfinder-kuppenheim.de\/index.php?rest_route=\/wp\/v2\/posts\/3148\/revisions"}],"predecessor-version":[{"id":3149,"href":"https:\/\/pfadfinder-kuppenheim.de\/index.php?rest_route=\/wp\/v2\/posts\/3148\/revisions\/3149"}],"wp:attachment":[{"href":"https:\/\/pfadfinder-kuppenheim.de\/index.php?rest_route=%2Fwp%2Fv2%2Fmedia&parent=3148"}],"wp:term":[{"taxonomy":"category","embeddable":true,"href":"https:\/\/pfadfinder-kuppenheim.de\/index.php?rest_route=%2Fwp%2Fv2%2Fcategories&post=3148"},{"taxonomy":"post_tag","embeddable":true,"href":"https:\/\/pfadfinder-kuppenheim.de\/index.php?rest_route=%2Fwp%2Fv2%2Ftags&post=3148"}],"curies":[{"name":"wp","href":"https:\/\/api.w.org\/{rel}","templated":true}]}}