{"id":3144,"date":"2016-08-05T00:00:46","date_gmt":"2016-08-04T22:00:46","guid":{"rendered":"http:\/\/blog.pfadfinder-kuppenheim.de\/?p=3144"},"modified":"2017-10-27T13:40:02","modified_gmt":"2017-10-27T11:40:02","slug":"tag-7-fr-05-08-2016","status":"publish","type":"post","link":"https:\/\/pfadfinder-kuppenheim.de\/?p=3144","title":{"rendered":"Tag 7 &#8211; Fr. 05.08.2016"},"content":{"rendered":"<div style=\"direction: ltr; border-width: 100%;\">\n<div style=\"direction: ltr; margin-top: 0in; margin-left: 0in; width: 6.6291in;\">\n<div style=\"direction: ltr; margin-top: 0in; margin-left: 0in; width: 6.6291in;\">\n<p style=\"margin: 0in; font-family: Calibri; font-size: 11.0pt;\">Nach dem Hajk r\u00e4umten wir unsere Schlafsachen wieder ein. Anschlie\u00dfend duschten wir. Danach hatten wir Freizeit. Wir spielten Fu\u00dfball und Federball, so machte der Tag Spa?. Am abend ging die Abendrunde von Joelle und Helena los. Wir sprachen Gebete und sangen Lieder. Anschlie\u00dfend spielten wir noch ein lustiges spiel. Anschlie\u00dfend redeten wir noch \u00fcber den Hajk.<\/p>\n<p style=\"margin: 0in; font-family: Calibri; font-size: 11.0pt;\">\n<p style=\"margin: 0in; font-family: Calibri; font-size: 11.0pt;\">Wetter:<\/p>\n<p style=\"margin: 0in; font-family: Calibri; font-size: 11.0pt;\">\n<p style=\"margin: 0in; font-family: Calibri; font-size: 11.0pt;\">Am Morgen war es feucht und nass aber dann gingen wie dunklen Wolken weg. Am mittag kam die Sonne f\u00fcr kurze Zeit. Wir freuten uns sehr. Am Abend kamen wieder dunkle Wolken und es nieselte f\u00fcr 20 Minuten.<\/p>\n<p style=\"margin: 0in; font-family: Calibri; font-size: 11.0pt;\">\n<p style=\"margin: 0in; font-family: Calibri; font-size: 11.0pt;\">Lennart<\/p>\n<p style=\"margin: 0in; font-family: Calibri; font-size: 11.0pt;\">\n<\/div>\n<\/div>\n<\/div>\n","protected":false},"excerpt":{"rendered":"<p>Nach dem Hajk r\u00e4umten wir unsere Schlafsachen wieder ein. Anschlie\u00dfend duschten wir. Danach hatten wir Freizeit. Wir spielten Fu\u00dfball und Federball, so machte der Tag Spa?. Am abend ging die Abendrunde von Joelle und Helena los. Wir sprachen Gebete und sangen Lieder. Anschlie\u00dfend spielten wir noch ein lustiges spiel. Anschlie\u00dfend redeten wir noch \u00fcber den&hellip;&nbsp;<a href=\"https:\/\/pfadfinder-kuppenheim.de\/?p=3144\" class=\"\" rel=\"bookmark\">Weiterlesen &raquo;<span class=\"screen-reader-text\">Tag 7 &#8211; Fr. 05.08.2016<\/span><\/a><\/p>\n","protected":false},"author":2,"featured_media":0,"comment_status":"closed","ping_status":"closed","sticky":false,"template":"","format":"standard","meta":{"neve_meta_sidebar":"","neve_meta_container":"","neve_meta_enable_content_width":"","neve_meta_content_width":0,"neve_meta_title_alignment":"","neve_meta_author_avatar":"","neve_post_elements_order":"","neve_meta_disable_header":"","neve_meta_disable_footer":"","neve_meta_disable_title":"","jetpack_post_was_ever_published":false,"_jetpack_newsletter_access":"","_jetpack_dont_email_post_to_subs":false,"_jetpack_newsletter_tier_id":0,"_jetpack_memberships_contains_paywalled_content":false,"_jetpack_memberships_contains_paid_content":false,"footnotes":"","jetpack_publicize_message":"","jetpack_publicize_feature_enabled":true,"jetpack_social_post_already_shared":true,"jetpack_social_options":{"image_generator_settings":{"template":"highway","default_image_id":0,"font":"","enabled":false},"version":2}},"categories":[12],"tags":[],"class_list":["post-3144","post","type-post","status-publish","format-standard","hentry","category-jupfis_sola_tagebuch"],"jetpack_publicize_connections":[],"jetpack_featured_media_url":"","jetpack_sharing_enabled":true,"jetpack_shortlink":"https:\/\/wp.me\/p3G0PZ-OI","_links":{"self":[{"href":"https:\/\/pfadfinder-kuppenheim.de\/index.php?rest_route=\/wp\/v2\/posts\/3144","targetHints":{"allow":["GET"]}}],"collection":[{"href":"https:\/\/pfadfinder-kuppenheim.de\/index.php?rest_route=\/wp\/v2\/posts"}],"about":[{"href":"https:\/\/pfadfinder-kuppenheim.de\/index.php?rest_route=\/wp\/v2\/types\/post"}],"author":[{"embeddable":true,"href":"https:\/\/pfadfinder-kuppenheim.de\/index.php?rest_route=\/wp\/v2\/users\/2"}],"replies":[{"embeddable":true,"href":"https:\/\/pfadfinder-kuppenheim.de\/index.php?rest_route=%2Fwp%2Fv2%2Fcomments&post=3144"}],"version-history":[{"count":1,"href":"https:\/\/pfadfinder-kuppenheim.de\/index.php?rest_route=\/wp\/v2\/posts\/3144\/revisions"}],"predecessor-version":[{"id":3145,"href":"https:\/\/pfadfinder-kuppenheim.de\/index.php?rest_route=\/wp\/v2\/posts\/3144\/revisions\/3145"}],"wp:attachment":[{"href":"https:\/\/pfadfinder-kuppenheim.de\/index.php?rest_route=%2Fwp%2Fv2%2Fmedia&parent=3144"}],"wp:term":[{"taxonomy":"category","embeddable":true,"href":"https:\/\/pfadfinder-kuppenheim.de\/index.php?rest_route=%2Fwp%2Fv2%2Fcategories&post=3144"},{"taxonomy":"post_tag","embeddable":true,"href":"https:\/\/pfadfinder-kuppenheim.de\/index.php?rest_route=%2Fwp%2Fv2%2Ftags&post=3144"}],"curies":[{"name":"wp","href":"https:\/\/api.w.org\/{rel}","templated":true}]}}